{"id":3331,"date":"2026-01-27T12:33:52","date_gmt":"2026-01-27T12:33:52","guid":{"rendered":"https:\/\/diocese-aveiro.pt\/v3\/?p=3331"},"modified":"2026-01-27T12:33:52","modified_gmt":"2026-01-27T12:33:52","slug":"jornada-de-formacao-do-clero-nota-de-abertura","status":"publish","type":"post","link":"https:\/\/diocese-aveiro.pt\/v3\/2026\/01\/27\/jornada-de-formacao-do-clero-nota-de-abertura\/","title":{"rendered":"Jornada de Forma\u00e7\u00e3o do Clero &#8211; Nota de abertura"},"content":{"rendered":"\n<p> <p class=\"MsoNormal\">As Jornadas do Clero das Dioceses do Centro de 2026 iniciaram esta manh\u00e3 com palavras de D. Virg\u00edlio Antunes, bispo de Coimbra e vice-presidente da Confer\u00eancia Episcopal, que afirmou serem dias de \u201c\u00e2nimo e entusiasmo\u201d para o clero das seis dioceses. <\/p><\/p>\n\n\n\n<p><p class=\"MsoNormal\">\u201cNo in\u00edcio deste encontro de forma\u00e7\u00e3o, deixar palavra de \u00e2nimo e entusiasmo a todos e a cada um para que aceitemos de cora\u00e7\u00e3o aberto a feliz voca\u00e7\u00e3o a que somos chamados\u201d. <\/p><\/p>\n\n\n\n<p><p class=\"MsoNormal\">Depois, D. Virg\u00edlio Antunes, citou o \u201cdinamismo sinodal que se desenvolve na Igreja universal\u201d e com repercuss\u00f5es na vida das dioceses e comunidades. <\/p><\/p>\n\n\n\n<p><p class=\"MsoNormal\">Olhando o tema das jornadas, \u201cConvers\u00e3o das rela\u00e7\u00f5es: da comunh\u00e3o \u00e0 miss\u00e3o\u201d, o bispo de Coimbra indicou que \u201ctodos precisam de dar continuidade ao processo de evangeliza\u00e7\u00e3o ou de miss\u00e3o, para anunciar de forma feliz a Boa Nova\u201d.<\/p><\/p>\n\n\n\n<p><p class=\"MsoNormal\"> \u201cN\u00f3s, ministros ordenados, somos o rosto vis\u00edvel, quase material a f\u00edsico da Igreja. Tem de existir um caminho de renova\u00e7\u00e3o das rela\u00e7\u00f5es, da rela\u00e7\u00e3o com Deus, e rela\u00e7\u00f5es humanas, dentro e fora da comunidade\u201d, referiu. Este tempo de forma\u00e7\u00e3o, que termina dia 29 de janeiro, D. Virg\u00edlio Antunes considera necess\u00e1rio \u00e0 voca\u00e7\u00e3o de cada um. <\/p><\/p>\n\n\n\n<p><p class=\"MsoNormal\">\u201cSem estes momentos, sem percurso formativo, corremos o risco de ficarmos estagnados no tempo, e isso n\u00e3o vai ajudar\u201d\u201d, alerta. <\/p><\/p>\n\n\n\n<p><p class=\"MsoNormal\">No encontro v\u00e3o estar presentes os oradores Dario Vitali e Alphonse Borras, dois dos maiores peritos da atualidade sobre a dimens\u00e3o sinodal, e ao tema da \u00faltima tarde, o burnout com Margarida Neto, m\u00e9dica psiquiatra, e com Emilio Lavaniegos Gonz\u00e1lez, membro da Irmandade dos Sacerdotes Oper\u00e1rios Diocesanos e atualmente diretor da Resid\u00eancia Mos\u00e9n Sol, que oferece apoio a sacerdotes que enfrentam dificuldades. <\/p><\/p>\n\n\n\n<p><p class=\"MsoNormal\">As noites ser\u00e3o de conv\u00edvio, na primeira reunidos por diocese, e, na segunda, o ser\u00e3o vai ser animado pelo padre Jo\u00e3o Paulo Vaz, sacerdote da diocese de Coimbra, onde a &#8220;m\u00fasica vai ser a t\u00f3nica para o encontro e a ora\u00e7\u00e3o&#8221; . <\/p><\/p>\n\n\n\n<p><p class=\"MsoNormal\">O Documento Final do S\u00ednodo sobre a sinodalidade faz apelo a \u201cuma verdadeira convers\u00e3o das rela\u00e7\u00f5es\u201d (DF,50) e \u00e9 nessa linha que surgem estas jornadas sob o t\u00edtulo \u201cConvers\u00e3o das rela\u00e7\u00f5es: da comunh\u00e3o \u00e0 miss\u00e3o\u201d.<\/p><\/p>\n\n\n\n<p><p class=\"MsoNormal\">Para ajudar a refletir sobre este tema v\u00e3o estar presentes alguns dos maiores especialistas mundiais destas \u00e1reas.  Para praticar a sinodalidade haver\u00e1 reflex\u00e3o em grupo seguindo a metodologia \u201cConversa\u00e7\u00f5es no Esp\u00edrito\u201d. <\/p><\/p>\n\n\n\n<p><p class=\"MsoNormal\">As Jornadas de Forma\u00e7\u00e3o do Clero das Dioceses do Centro envolvem as dioceses de Aveiro, Coimbra, Guarda, Leiria-F\u00e1tima, Portalegre-Castelo Branco e Viseu, decorrem em F\u00e1tima, nos dias 27 a 29 de janeiro, com o tema \u201cConvers\u00e3o das rela\u00e7\u00f5es: da comunh\u00e3o \u00e0 miss\u00e3o\u201d.<\/p><\/p>\n\n\n\n<p class=\"has-text-align-center\"> Comunica\u00e7\u00e3o &#8211; Jornadas |  <a href=\"mailto:comunicacaojornadasdioccentro@gmail.com\">comunicacaojornadasdioccentro@gmail.com<\/a><\/p>\n\n\n","protected":false},"excerpt":{"rendered":"<p>As Jornadas do Clero das Dioceses do Centro de 2026 iniciaram esta manh\u00e3 com palavras de D. Virg\u00edlio Antunes, bispo de Coimbra e vice-presidente da Confer\u00eancia Episcopal, que afirmou serem dias de \u201c\u00e2nimo e entusiasmo\u201d para o clero das seis dioceses. \u201cNo in\u00edcio deste encontro de forma\u00e7\u00e3o, deixar palavra de \u00e2nimo e entusiasmo a todos e a cada um para [&hellip;]<\/p>\n","protected":false},"author":1,"featured_media":3332,"comment_status":"open","ping_status":"open","sticky":false,"template":"","format":"standard","meta":{"pagelayer_contact_templates":[],"_pagelayer_content":"","footnotes":""},"categories":[13,11],"tags":[],"class_list":["post-3331","post","type-post","status-publish","format-standard","has-post-thumbnail","hentry","category-clero","category-noticias"],"_links":{"self":[{"href":"https:\/\/diocese-aveiro.pt\/v3\/wp-json\/wp\/v2\/posts\/3331","targetHints":{"allow":["GET"]}}],"collection":[{"href":"https:\/\/diocese-aveiro.pt\/v3\/wp-json\/wp\/v2\/posts"}],"about":[{"href":"https:\/\/diocese-aveiro.pt\/v3\/wp-json\/wp\/v2\/types\/post"}],"author":[{"embeddable":true,"href":"https:\/\/diocese-aveiro.pt\/v3\/wp-json\/wp\/v2\/users\/1"}],"replies":[{"embeddable":true,"href":"https:\/\/diocese-aveiro.pt\/v3\/wp-json\/wp\/v2\/comments?post=3331"}],"version-history":[{"count":1,"href":"https:\/\/diocese-aveiro.pt\/v3\/wp-json\/wp\/v2\/posts\/3331\/revisions"}],"predecessor-version":[{"id":3336,"href":"https:\/\/diocese-aveiro.pt\/v3\/wp-json\/wp\/v2\/posts\/3331\/revisions\/3336"}],"wp:featuredmedia":[{"embeddable":true,"href":"https:\/\/diocese-aveiro.pt\/v3\/wp-json\/wp\/v2\/media\/3332"}],"wp:attachment":[{"href":"https:\/\/diocese-aveiro.pt\/v3\/wp-json\/wp\/v2\/media?parent=3331"}],"wp:term":[{"taxonomy":"category","embeddable":true,"href":"https:\/\/diocese-aveiro.pt\/v3\/wp-json\/wp\/v2\/categories?post=3331"},{"taxonomy":"post_tag","embeddable":true,"href":"https:\/\/diocese-aveiro.pt\/v3\/wp-json\/wp\/v2\/tags?post=3331"}],"curies":[{"name":"wp","href":"https:\/\/api.w.org\/{rel}","templated":true}]}}