{"id":3299,"date":"2025-12-18T11:00:33","date_gmt":"2025-12-18T11:00:33","guid":{"rendered":"https:\/\/diocese-aveiro.pt\/v3\/?p=3299"},"modified":"2025-12-18T11:00:41","modified_gmt":"2025-12-18T11:00:41","slug":"reanima-formacao-de-animadores-e-educadores-da-fe","status":"publish","type":"post","link":"https:\/\/diocese-aveiro.pt\/v3\/2025\/12\/18\/reanima-formacao-de-animadores-e-educadores-da-fe\/","title":{"rendered":"[re]Anima \u2013 forma\u00e7\u00e3o de animadores e educadores da f\u00e9"},"content":{"rendered":"\n<p class=\"has-text-align-center\">&#8221; toda a pastoral \u00e9 vocacional, toda a forma\u00e7\u00e3o \u00e9 vocacional e toda a espiritualidade \u00e9 vocacional.\u201d (Papa Francisco, Christus Vivit, 254)<\/p>\n\n\n\n<p>O Servi\u00e7o Diocesano da Pastoral das Voca\u00e7\u00f5es dinamiza no pr\u00f3ximo dia 10 de janeiro [9h15\u201312h00] no Semin\u00e1rio de Aveiro um momento de forma\u00e7\u00e3o para todos os animadores, catequistas, respons\u00e1veis de grupos de jovens, escuteiros, professores de Religi\u00e3o Moral, mission\u00e1rios e fam\u00edlias e outros educadores da f\u00e9 da Diocese de Aveiro.<\/p>\n\n\n\n<p class=\"has-text-align-center\"><strong>[*re]Anima.*<\/strong><\/p>\n\n\n\n<p><em>Queremos parar, rezar e (re)descobrir que cada gesto educativo \u00e9 lugar de chamamento e de resposta, e que os *animadores vocacionais* s\u00e3o pe\u00e7as-chave para que todos, especialmente adolescentes e jovens, possam escutar a voz de Deus no caminhos da vida.<\/em><\/p>\n\n\n\n<p>o programa:<\/p>\n\n\n\n<p>09h15 &#8211; Acolhimento<br>09h30 &#8211; Ora\u00e7\u00e3o inicial<br>09h45 &#8211; <strong>A Voca\u00e7\u00e3o, lugar de sentido(s)<\/strong><br>              Di\u00e1c. Rafael Oliveira<br>              Mission\u00e1rio Rui Leal<br>              Testemunho do Leandro Rico<br>10h45 &#8211; Intervalo<br>11h00 &#8211; <strong>Vida(s) em discernimento &#8211; acompanhamento vocacional<\/strong><br>              Ir. \u00c2ngela Oliveira, asm<br>12h00 &#8211; Ora\u00e7\u00e3o final<\/p>\n\n\n\n<p>Este encontro quer impulsionar a presen\u00e7a de animadores vocacionais nas comunidades paroquiais e na Diocese de Aveiro, oferecendo pistas concretas para acompanhar processos de discernimento e para criar ambientes verdadeiramente vocacionais nas comunidades.<\/p>\n\n\n\n<p>A participa\u00e7\u00e3o \u00e9 livre, mas o servi\u00e7o diocesano pede inscri\u00e7\u00e3o pr\u00e9via atrav\u00e9s do e\u2011mail: <a href=\"mailto:*sdv@diocese-aveiro.pt*\">sdv@diocese-aveiro.pt<\/a><\/p>\n\n\n\n<p class=\"has-text-align-center\"><strong>_Toda a pastoral \u00e9 vocacional. _<\/strong><\/p>\n\n\n\n<figure class=\"wp-block-image size-large\"><img fetchpriority=\"high\" decoding=\"async\" width=\"819\" height=\"1024\" src=\"https:\/\/diocese-aveiro.pt\/v3\/wp-content\/uploads\/2025\/12\/reAnima-2-819x1024.png\" alt=\"\" class=\"wp-image-3301\" srcset=\"https:\/\/diocese-aveiro.pt\/v3\/wp-content\/uploads\/2025\/12\/reAnima-2-819x1024.png 819w, https:\/\/diocese-aveiro.pt\/v3\/wp-content\/uploads\/2025\/12\/reAnima-2-240x300.png 240w, https:\/\/diocese-aveiro.pt\/v3\/wp-content\/uploads\/2025\/12\/reAnima-2-768x960.png 768w, https:\/\/diocese-aveiro.pt\/v3\/wp-content\/uploads\/2025\/12\/reAnima-2.png 1080w\" sizes=\"(max-width: 819px) 100vw, 819px\" \/><\/figure>\n","protected":false},"excerpt":{"rendered":"<p>&#8221; toda a pastoral \u00e9 vocacional, toda a forma\u00e7\u00e3o \u00e9 vocacional e toda a espiritualidade \u00e9 vocacional.\u201d (Papa Francisco, Christus Vivit, 254) O Servi\u00e7o Diocesano da Pastoral das Voca\u00e7\u00f5es dinamiza no pr\u00f3ximo dia 10 de janeiro [9h15\u201312h00] no Semin\u00e1rio de Aveiro um momento de forma\u00e7\u00e3o para todos os animadores, catequistas, respons\u00e1veis de grupos de jovens, escuteiros, professores de Religi\u00e3o Moral, [&hellip;]<\/p>\n","protected":false},"author":1,"featured_media":3300,"comment_status":"open","ping_status":"open","sticky":false,"template":"","format":"standard","meta":{"pagelayer_contact_templates":[],"_pagelayer_content":"","footnotes":""},"categories":[38,11,47,40],"tags":[],"class_list":["post-3299","post","type-post","status-publish","format-standard","has-post-thumbnail","hentry","category-destaque","category-noticias","category-servicos","category-vocacoes"],"_links":{"self":[{"href":"https:\/\/diocese-aveiro.pt\/v3\/wp-json\/wp\/v2\/posts\/3299","targetHints":{"allow":["GET"]}}],"collection":[{"href":"https:\/\/diocese-aveiro.pt\/v3\/wp-json\/wp\/v2\/posts"}],"about":[{"href":"https:\/\/diocese-aveiro.pt\/v3\/wp-json\/wp\/v2\/types\/post"}],"author":[{"embeddable":true,"href":"https:\/\/diocese-aveiro.pt\/v3\/wp-json\/wp\/v2\/users\/1"}],"replies":[{"embeddable":true,"href":"https:\/\/diocese-aveiro.pt\/v3\/wp-json\/wp\/v2\/comments?post=3299"}],"version-history":[{"count":1,"href":"https:\/\/diocese-aveiro.pt\/v3\/wp-json\/wp\/v2\/posts\/3299\/revisions"}],"predecessor-version":[{"id":3302,"href":"https:\/\/diocese-aveiro.pt\/v3\/wp-json\/wp\/v2\/posts\/3299\/revisions\/3302"}],"wp:featuredmedia":[{"embeddable":true,"href":"https:\/\/diocese-aveiro.pt\/v3\/wp-json\/wp\/v2\/media\/3300"}],"wp:attachment":[{"href":"https:\/\/diocese-aveiro.pt\/v3\/wp-json\/wp\/v2\/media?parent=3299"}],"wp:term":[{"taxonomy":"category","embeddable":true,"href":"https:\/\/diocese-aveiro.pt\/v3\/wp-json\/wp\/v2\/categories?post=3299"},{"taxonomy":"post_tag","embeddable":true,"href":"https:\/\/diocese-aveiro.pt\/v3\/wp-json\/wp\/v2\/tags?post=3299"}],"curies":[{"name":"wp","href":"https:\/\/api.w.org\/{rel}","templated":true}]}}