{"id":3289,"date":"2025-12-09T10:43:01","date_gmt":"2025-12-09T10:43:01","guid":{"rendered":"https:\/\/diocese-aveiro.pt\/v3\/?p=3289"},"modified":"2025-12-09T10:51:49","modified_gmt":"2025-12-09T10:51:49","slug":"o-padre-antonio-correia-martins-partiu-para-o-pai","status":"publish","type":"post","link":"https:\/\/diocese-aveiro.pt\/v3\/2025\/12\/09\/o-padre-antonio-correia-martins-partiu-para-o-pai\/","title":{"rendered":"O Padre Ant\u00f3nio Correia Martins partiu para a Casa do Pai"},"content":{"rendered":"\n<p>O Padre Ant\u00f3nio Correia Martins faleceu esta noite aos 98 anos.<br>O corpo vai estar em c\u00e2mara ardente na igreja matriz de Ouca a partir das 09h30 e o funeral ter\u00e1 lugar esta quarta-feira pelas 15h30, ser\u00e1 sepultado no cemit\u00e9rio local.<\/p>\n\n\n\n<p>Natural de Trofa do Vouga, nasceu a 26 de agosto de 1927. Frequentou o Semin\u00e1rio Salesiano de Mogofores [1941 a 1942], Semin\u00e1rio Salesiano de Poiares [1942 a 1945], Semin\u00e1rio de Santa Joana [1945 a 1949] e Semin\u00e1rio dos Olivais [1949 a 1953]. Foi ordenado presb\u00edtero por D. Jo\u00e3o Evangelista de Lima Vidal, na S\u00e9 de Aveiro, a 29 de junho de 1953.<br>Iniciou o seu m\u00fanus pastoral encarregado da paroquialidade de Macinhata do Vouga, na aus\u00eancia do p\u00e1roco, Padre Manuel Maria da Silva Pereira; em 13\/03\/1954 foi Coadjutor da Vera-Cruz e em 06\/07\/1956 foi nomeado p\u00e1roco de Ouca onde se manteve at\u00e9 a sa\u00fade o permitir. Foi acumulando sempre a paroquialidade de Ouca com outros servi\u00e7os: diretor espiritual no Semin\u00e1rio de Calv\u00e3o [1964-0970]; p\u00e1roco de Cov\u00e3o do Lobo [1983-88], arcipreste de Vagos [1985-1990]; p\u00e1roco fundador da par\u00f3quia de Santa Catarina [1987-1998 e 2000-2002] e ainda p\u00e1roco \u201cin solidum\u201d de Santa Catarina e de Cov\u00e3o do Lobo (com o Pe. Jo\u00e3o Paulo de Jesus Capela).<\/p>\n","protected":false},"excerpt":{"rendered":"<p>O Padre Ant\u00f3nio Correia Martins faleceu esta noite aos 98 anos.O corpo vai estar em c\u00e2mara ardente na igreja matriz de Ouca a partir das 09h30 e o funeral ter\u00e1 lugar esta quarta-feira pelas 15h30, ser\u00e1 sepultado no cemit\u00e9rio local. Natural de Trofa do Vouga, nasceu a 26 de agosto de 1927. Frequentou o Semin\u00e1rio Salesiano de Mogofores [1941 a [&hellip;]<\/p>\n","protected":false},"author":1,"featured_media":3290,"comment_status":"open","ping_status":"open","sticky":false,"template":"","format":"standard","meta":{"pagelayer_contact_templates":[],"_pagelayer_content":"","footnotes":""},"categories":[13,38,11],"tags":[],"class_list":["post-3289","post","type-post","status-publish","format-standard","has-post-thumbnail","hentry","category-clero","category-destaque","category-noticias"],"_links":{"self":[{"href":"https:\/\/diocese-aveiro.pt\/v3\/wp-json\/wp\/v2\/posts\/3289","targetHints":{"allow":["GET"]}}],"collection":[{"href":"https:\/\/diocese-aveiro.pt\/v3\/wp-json\/wp\/v2\/posts"}],"about":[{"href":"https:\/\/diocese-aveiro.pt\/v3\/wp-json\/wp\/v2\/types\/post"}],"author":[{"embeddable":true,"href":"https:\/\/diocese-aveiro.pt\/v3\/wp-json\/wp\/v2\/users\/1"}],"replies":[{"embeddable":true,"href":"https:\/\/diocese-aveiro.pt\/v3\/wp-json\/wp\/v2\/comments?post=3289"}],"version-history":[{"count":4,"href":"https:\/\/diocese-aveiro.pt\/v3\/wp-json\/wp\/v2\/posts\/3289\/revisions"}],"predecessor-version":[{"id":3294,"href":"https:\/\/diocese-aveiro.pt\/v3\/wp-json\/wp\/v2\/posts\/3289\/revisions\/3294"}],"wp:featuredmedia":[{"embeddable":true,"href":"https:\/\/diocese-aveiro.pt\/v3\/wp-json\/wp\/v2\/media\/3290"}],"wp:attachment":[{"href":"https:\/\/diocese-aveiro.pt\/v3\/wp-json\/wp\/v2\/media?parent=3289"}],"wp:term":[{"taxonomy":"category","embeddable":true,"href":"https:\/\/diocese-aveiro.pt\/v3\/wp-json\/wp\/v2\/categories?post=3289"},{"taxonomy":"post_tag","embeddable":true,"href":"https:\/\/diocese-aveiro.pt\/v3\/wp-json\/wp\/v2\/tags?post=3289"}],"curies":[{"name":"wp","href":"https:\/\/api.w.org\/{rel}","templated":true}]}}