{"id":3268,"date":"2025-11-19T09:56:02","date_gmt":"2025-11-19T09:56:02","guid":{"rendered":"https:\/\/diocese-aveiro.pt\/v3\/?p=3268"},"modified":"2025-11-20T11:16:52","modified_gmt":"2025-11-20T11:16:52","slug":"dialogo-na-cidade-que-esperanca-para-este-mundo-de-e-em-conflito","status":"publish","type":"post","link":"https:\/\/diocese-aveiro.pt\/v3\/2025\/11\/19\/dialogo-na-cidade-que-esperanca-para-este-mundo-de-e-em-conflito\/","title":{"rendered":"\u2018Di\u00e1logo na cidade\u2019: \u2018Que esperan\u00e7a para este mundo de e em conflito?\u2019"},"content":{"rendered":"\n<p>VAI ACONTECER<br><strong>\u2018Di\u00e1logo na cidade\u2019: \u2018Que esperan\u00e7a para este mundo <em>de <\/em>e <em>em <\/em>conflito?\u2019<\/strong><\/p>\n\n\n\n<p>Com Augusto Santos Silva e Ant\u00f3nio Lobo Xavier<\/p>\n\n\n\n<p>Onde: Edif\u00edcio Atlas | Aveiro [Antigo \u2018Edif\u00edcio Fernando T\u00e1vora]<\/p>\n\n\n\n<p>Quando: 28 de novembro de 2025 [21.30h.]<\/p>\n\n\n\n<p>Organiza\u00e7\u00e3o: Comiss\u00e3o Diocesana da Cultura | Aveiro<\/p>\n\n\n\n<p>Apoio institucional: C\u00e2mara Municipal de Aveiro<\/p>\n\n\n\n<p>Parcerias: Di\u00e1rio de Aveiro, Correio do Vouga, Unimadeiras<\/p>\n","protected":false},"excerpt":{"rendered":"<p>VAI ACONTECER\u2018Di\u00e1logo na cidade\u2019: \u2018Que esperan\u00e7a para este mundo de e em conflito?\u2019 Com Augusto Santos Silva e Ant\u00f3nio Lobo Xavier Onde: Edif\u00edcio Atlas | Aveiro [Antigo \u2018Edif\u00edcio Fernando T\u00e1vora] Quando: 28 de novembro de 2025 [21.30h.] Organiza\u00e7\u00e3o: Comiss\u00e3o Diocesana da Cultura | Aveiro Apoio institucional: C\u00e2mara Municipal de Aveiro Parcerias: Di\u00e1rio de Aveiro, Correio do Vouga, Unimadeiras<\/p>\n","protected":false},"author":1,"featured_media":3269,"comment_status":"open","ping_status":"open","sticky":false,"template":"","format":"standard","meta":{"pagelayer_contact_templates":[],"_pagelayer_content":"","footnotes":""},"categories":[22,38,11],"tags":[],"class_list":["post-3268","post","type-post","status-publish","format-standard","has-post-thumbnail","hentry","category-cultura","category-destaque","category-noticias"],"_links":{"self":[{"href":"https:\/\/diocese-aveiro.pt\/v3\/wp-json\/wp\/v2\/posts\/3268","targetHints":{"allow":["GET"]}}],"collection":[{"href":"https:\/\/diocese-aveiro.pt\/v3\/wp-json\/wp\/v2\/posts"}],"about":[{"href":"https:\/\/diocese-aveiro.pt\/v3\/wp-json\/wp\/v2\/types\/post"}],"author":[{"embeddable":true,"href":"https:\/\/diocese-aveiro.pt\/v3\/wp-json\/wp\/v2\/users\/1"}],"replies":[{"embeddable":true,"href":"https:\/\/diocese-aveiro.pt\/v3\/wp-json\/wp\/v2\/comments?post=3268"}],"version-history":[{"count":2,"href":"https:\/\/diocese-aveiro.pt\/v3\/wp-json\/wp\/v2\/posts\/3268\/revisions"}],"predecessor-version":[{"id":3271,"href":"https:\/\/diocese-aveiro.pt\/v3\/wp-json\/wp\/v2\/posts\/3268\/revisions\/3271"}],"wp:featuredmedia":[{"embeddable":true,"href":"https:\/\/diocese-aveiro.pt\/v3\/wp-json\/wp\/v2\/media\/3269"}],"wp:attachment":[{"href":"https:\/\/diocese-aveiro.pt\/v3\/wp-json\/wp\/v2\/media?parent=3268"}],"wp:term":[{"taxonomy":"category","embeddable":true,"href":"https:\/\/diocese-aveiro.pt\/v3\/wp-json\/wp\/v2\/categories?post=3268"},{"taxonomy":"post_tag","embeddable":true,"href":"https:\/\/diocese-aveiro.pt\/v3\/wp-json\/wp\/v2\/tags?post=3268"}],"curies":[{"name":"wp","href":"https:\/\/api.w.org\/{rel}","templated":true}]}}