{"id":3051,"date":"2025-06-04T14:32:05","date_gmt":"2025-06-04T13:32:05","guid":{"rendered":"https:\/\/diocese-aveiro.pt\/v3\/?p=3051"},"modified":"2025-06-04T14:56:39","modified_gmt":"2025-06-04T13:56:39","slug":"diocese-de-aveiro-historia-da-diocese","status":"publish","type":"post","link":"https:\/\/diocese-aveiro.pt\/v3\/2025\/06\/04\/diocese-de-aveiro-historia-da-diocese\/","title":{"rendered":"Diocese de Aveiro | hist\u00f3ria da diocese"},"content":{"rendered":"\n<div class=\"wp-block-cp-timeline-content-timeline Cool-Content-Timeline\"><div class=\"cool-timeline-block-d935dacb-d18d-444c-9af5-e70f8f08342f\"><div class=\"cool-vertical-timeline-body ctlb-wrapper both-sided left\"><div class=\"cool-timeline-block-list\">\n<div class=\"wp-block-cp-timeline-content-timeline-child swiper-slide\"><div class=\"timeline-content icon-false \"><div class=\"timeline-block-timeline ctl-row  position-right\"><div class=\"ctl-6 timeline-block-time\"><div class=\"story-time\"><p>12 de abril de 1774<\/p><\/div><\/div><div class=\"timeline-block-icon\"><svg stroke=\"currentColor\" fill=\"currentColor\" stroke-width=\"0\" viewBox=\"0 0 512 512\" height=\"1em\" width=\"1em\" xmlns=\"http:\/\/www.w3.org\/2000\/svg\"><path d=\"M256 8C119 8 8 119 8 256s111 248 248 248 248-111 248-248S393 8 256 8z\"><\/path><\/svg><\/div><div class=\"ctl-6 timeline-block-detail\"><div class=\"story-details\"><div class=\"story-content\">\n<figure class=\"wp-block-image size-large ctlb-block-image\"><a href=\"https:\/\/diocese-aveiro.pt\/v3\/wp-content\/uploads\/2025\/06\/01-scaled.jpg\"><img fetchpriority=\"high\" decoding=\"async\" width=\"734\" height=\"1024\" src=\"https:\/\/diocese-aveiro.pt\/v3\/wp-content\/uploads\/2025\/06\/01-734x1024.jpg\" alt=\"\" class=\"wp-image-3052\" style=\"aspect-ratio:4\/3;object-fit:cover\" srcset=\"https:\/\/diocese-aveiro.pt\/v3\/wp-content\/uploads\/2025\/06\/01-734x1024.jpg 734w, https:\/\/diocese-aveiro.pt\/v3\/wp-content\/uploads\/2025\/06\/01-215x300.jpg 215w, https:\/\/diocese-aveiro.pt\/v3\/wp-content\/uploads\/2025\/06\/01-768x1072.jpg 768w, https:\/\/diocese-aveiro.pt\/v3\/wp-content\/uploads\/2025\/06\/01-1101x1536.jpg 1101w, https:\/\/diocese-aveiro.pt\/v3\/wp-content\/uploads\/2025\/06\/01-1468x2048.jpg 1468w, https:\/\/diocese-aveiro.pt\/v3\/wp-content\/uploads\/2025\/06\/01-scaled.jpg 1834w\" sizes=\"(max-width: 734px) 100vw, 734px\" \/><\/a><\/figure>\n\n\n\n<h3 class=\"wp-block-heading ctlb-block-title\" style=\"padding-top:0px;padding-right:0px;padding-bottom:0px;padding-left:0px\">Institui\u00e7\u00e3o da Diocese de Aveiro<\/h3>\n\n\n\n<p class=\"ctlb-block-desc\" style=\"padding-top:0px;padding-right:0px;padding-bottom:0px;padding-left:0px\">Pelo breve Militantis Ecclesiae gubernacula, o Papa Clemente XIV institui a Diocese de Aveiro. A primeira Catedral da Diocese \u00e9 a Igreja da Miseric\u00f3rdia.<\/p>\n<\/div><\/div><\/div><\/div><\/div><\/div>\n\n\n\n<div class=\"wp-block-cp-timeline-content-timeline-child swiper-slide\"><div class=\"timeline-content icon-false \"><div class=\"timeline-block-timeline ctl-row  position-left\"><div class=\"ctl-6 timeline-block-time\"><div class=\"story-time\"><p>18 de abril de 1774<\/p><\/div><\/div><div class=\"timeline-block-icon\"><svg stroke=\"currentColor\" fill=\"currentColor\" stroke-width=\"0\" viewBox=\"0 0 512 512\" height=\"1em\" width=\"1em\" xmlns=\"http:\/\/www.w3.org\/2000\/svg\"><path d=\"M256 8C119 8 8 119 8 256s111 248 248 248 248-111 248-248S393 8 256 8z\"><\/path><\/svg><\/div><div class=\"ctl-6 timeline-block-detail\"><div class=\"story-details\"><div class=\"story-content\">\n<figure class=\"wp-block-image size-large ctlb-block-image\"><a href=\"https:\/\/diocese-aveiro.pt\/v3\/wp-content\/uploads\/2025\/06\/02-scaled.jpg\"><img decoding=\"async\" width=\"760\" height=\"1024\" src=\"https:\/\/diocese-aveiro.pt\/v3\/wp-content\/uploads\/2025\/06\/02-760x1024.jpg\" alt=\"\" class=\"wp-image-3054\" style=\"aspect-ratio:4\/3;object-fit:cover\" srcset=\"https:\/\/diocese-aveiro.pt\/v3\/wp-content\/uploads\/2025\/06\/02-760x1024.jpg 760w, https:\/\/diocese-aveiro.pt\/v3\/wp-content\/uploads\/2025\/06\/02-223x300.jpg 223w, https:\/\/diocese-aveiro.pt\/v3\/wp-content\/uploads\/2025\/06\/02-768x1035.jpg 768w, https:\/\/diocese-aveiro.pt\/v3\/wp-content\/uploads\/2025\/06\/02-1139x1536.jpg 1139w, https:\/\/diocese-aveiro.pt\/v3\/wp-content\/uploads\/2025\/06\/02-1519x2048.jpg 1519w, https:\/\/diocese-aveiro.pt\/v3\/wp-content\/uploads\/2025\/06\/02-scaled.jpg 1899w\" sizes=\"(max-width: 760px) 100vw, 760px\" \/><\/a><\/figure>\n\n\n\n<p><strong>D. Ant\u00f3nio Freire Gameiro de Sousa<\/strong><\/p>\n\n\n\n<p><em>&#8211; primeiro bispo de Aveiro &#8211;<\/em><\/p>\n\n\n\n<p>Nomea\u00e7\u00e3o e apresenta\u00e7\u00e3o r\u00e9gia a 29 de setembro de 1773;<br>confirma\u00e7\u00e3o papal a 18 de abril de 1774;<br>morte a 20 de outubro de 1799.<\/p>\n<\/div><\/div><\/div><\/div><\/div><\/div>\n\n\n\n<div class=\"wp-block-cp-timeline-content-timeline-child swiper-slide\"><div class=\"timeline-content icon-false \"><div class=\"timeline-block-timeline ctl-row  position-right\"><div class=\"ctl-6 timeline-block-time\"><div class=\"story-time\"><p>24 de mar\u00e7o de 1775<\/p><\/div><\/div><div class=\"timeline-block-icon\"><svg stroke=\"currentColor\" fill=\"currentColor\" stroke-width=\"0\" viewBox=\"0 0 512 512\" height=\"1em\" width=\"1em\" xmlns=\"http:\/\/www.w3.org\/2000\/svg\"><path d=\"M256 8C119 8 8 119 8 256s111 248 248 248 248-111 248-248S393 8 256 8z\"><\/path><\/svg><\/div><div class=\"ctl-6 timeline-block-detail\"><div class=\"story-details\"><div class=\"story-content\">\n<figure class=\"wp-block-image size-large ctlb-block-image\"><a href=\"https:\/\/diocese-aveiro.pt\/v3\/wp-content\/uploads\/2025\/06\/03.jpg\"><img decoding=\"async\" width=\"1024\" height=\"783\" src=\"https:\/\/diocese-aveiro.pt\/v3\/wp-content\/uploads\/2025\/06\/03-1024x783.jpg\" alt=\"\" class=\"wp-image-3056\" style=\"aspect-ratio:4\/3;object-fit:cover\" srcset=\"https:\/\/diocese-aveiro.pt\/v3\/wp-content\/uploads\/2025\/06\/03-1024x783.jpg 1024w, https:\/\/diocese-aveiro.pt\/v3\/wp-content\/uploads\/2025\/06\/03-300x230.jpg 300w, https:\/\/diocese-aveiro.pt\/v3\/wp-content\/uploads\/2025\/06\/03-768x588.jpg 768w, https:\/\/diocese-aveiro.pt\/v3\/wp-content\/uploads\/2025\/06\/03-1536x1175.jpg 1536w, https:\/\/diocese-aveiro.pt\/v3\/wp-content\/uploads\/2025\/06\/03-2048x1567.jpg 2048w\" sizes=\"(max-width: 1024px) 100vw, 1024px\" \/><\/a><\/figure>\n\n\n\n<h3 class=\"wp-block-heading ctlb-block-title\" style=\"padding-top:0px;padding-right:0px;padding-bottom:0px;padding-left:0px\">Execu\u00e7\u00e3o do Breve pontif\u00edcio<\/h3>\n\n\n\n<p class=\"ctlb-block-desc\" style=\"padding-top:0px;padding-right:0px;padding-bottom:0px;padding-left:0px\">Lorem ipsum dolor sit amet, consectetur adipiscing elit, sed do eiusmod tempor incididunt ut labore et dolore magna aliqua. Ut enim ad minim veniam, quis nostrud exercitation ullamco laboris nisi ut aliquip ex ea commodo consequat.<\/p>\n<\/div><\/div><\/div><\/div><\/div><\/div>\n\n\n\n<div class=\"wp-block-cp-timeline-content-timeline-child swiper-slide\"><div class=\"timeline-content icon-false \"><div class=\"timeline-block-timeline ctl-row  position-left\"><div class=\"ctl-6 timeline-block-time\"><div class=\"story-time\"><p>20 de julho de 1801<\/p><\/div><\/div><div class=\"timeline-block-icon\"><svg stroke=\"currentColor\" fill=\"currentColor\" stroke-width=\"0\" viewBox=\"0 0 512 512\" height=\"1em\" width=\"1em\" xmlns=\"http:\/\/www.w3.org\/2000\/svg\"><path d=\"M256 8C119 8 8 119 8 256s111 248 248 248 248-111 248-248S393 8 256 8z\"><\/path><\/svg><\/div><div class=\"ctl-6 timeline-block-detail\"><div class=\"story-details\"><div class=\"story-content\">\n<figure class=\"wp-block-image size-large ctlb-block-image\"><a href=\"https:\/\/diocese-aveiro.pt\/v3\/wp-content\/uploads\/2025\/06\/05-1024x712.jpg\"><img loading=\"lazy\" decoding=\"async\" width=\"1024\" height=\"712\" src=\"https:\/\/diocese-aveiro.pt\/v3\/wp-content\/uploads\/2025\/06\/05-1024x712.jpg\" alt=\"\" class=\"wp-image-3059\" style=\"aspect-ratio:4\/3;object-fit:cover\" srcset=\"https:\/\/diocese-aveiro.pt\/v3\/wp-content\/uploads\/2025\/06\/05-1024x712.jpg 1024w, https:\/\/diocese-aveiro.pt\/v3\/wp-content\/uploads\/2025\/06\/05-300x209.jpg 300w, https:\/\/diocese-aveiro.pt\/v3\/wp-content\/uploads\/2025\/06\/05-768x534.jpg 768w, https:\/\/diocese-aveiro.pt\/v3\/wp-content\/uploads\/2025\/06\/05-1536x1069.jpg 1536w, https:\/\/diocese-aveiro.pt\/v3\/wp-content\/uploads\/2025\/06\/05-2048x1425.jpg 2048w\" sizes=\"(max-width: 1024px) 100vw, 1024px\" \/><\/a><\/figure>\n\n\n\n<p><strong>D. Ant\u00f3nio Jos\u00e9 Cordeiro<\/strong><\/p>\n\n\n\n<p><em>&#8211; segundo bispo de Aveiro \u2013<\/em><\/p>\n\n\n\n<p>nomea\u00e7\u00e3o e apresenta\u00e7\u00e3o r\u00e9gia a 25 de novembro de 1800;<br>confirma\u00e7\u00e3o papal a 20 de julho de 1801;<br>morte a 17 de julho de 1813.<\/p>\n<\/div><\/div><\/div><\/div><\/div><\/div>\n\n\n\n<div class=\"wp-block-cp-timeline-content-timeline-child swiper-slide\"><div class=\"timeline-content icon-false \"><div class=\"timeline-block-timeline ctl-row  position-right\"><div class=\"ctl-6 timeline-block-time\"><div class=\"story-time\"><p>04 de setembro de 1815<\/p><\/div><\/div><div class=\"timeline-block-icon\"><svg stroke=\"currentColor\" fill=\"currentColor\" stroke-width=\"0\" viewBox=\"0 0 512 512\" height=\"1em\" width=\"1em\" xmlns=\"http:\/\/www.w3.org\/2000\/svg\"><path d=\"M256 8C119 8 8 119 8 256s111 248 248 248 248-111 248-248S393 8 256 8z\"><\/path><\/svg><\/div><div class=\"ctl-6 timeline-block-detail\"><div class=\"story-details\"><div class=\"story-content\">\n<figure class=\"wp-block-image size-full ctlb-block-image\"><a href=\"https:\/\/diocese-aveiro.pt\/v3\/wp-content\/uploads\/2025\/06\/05A.jpg\"><img loading=\"lazy\" decoding=\"async\" width=\"339\" height=\"401\" src=\"https:\/\/diocese-aveiro.pt\/v3\/wp-content\/uploads\/2025\/06\/05A.jpg\" alt=\"\" class=\"wp-image-3063\" style=\"aspect-ratio:4\/3;object-fit:cover\" srcset=\"https:\/\/diocese-aveiro.pt\/v3\/wp-content\/uploads\/2025\/06\/05A.jpg 339w, https:\/\/diocese-aveiro.pt\/v3\/wp-content\/uploads\/2025\/06\/05A-254x300.jpg 254w\" sizes=\"(max-width: 339px) 100vw, 339px\" \/><\/a><\/figure>\n\n\n\n<p><strong>D. Manuel Pacheco de Resende<\/strong><\/p>\n\n\n\n<p>&#8211; terceiro bispo de Aveiro &#8211;<\/p>\n\n\n\n<p>nomea\u00e7\u00e3o e apresenta\u00e7\u00e3o r\u00e9gia a 17 de dezembro de 1813;<\/p>\n\n\n\n<p>confirma\u00e7\u00e3o papal a 04 de setembro de 1815;<\/p>\n\n\n\n<p>morte &#8211; 17-02-1837.<\/p>\n<\/div><\/div><\/div><\/div><\/div><\/div>\n\n\n\n<div class=\"wp-block-cp-timeline-content-timeline-child swiper-slide\"><div class=\"timeline-content icon-false \"><div class=\"timeline-block-timeline ctl-row  position-left\"><div class=\"ctl-6 timeline-block-time\"><div class=\"story-time\"><p>1830<\/p><\/div><\/div><div class=\"timeline-block-icon\"><svg stroke=\"currentColor\" fill=\"currentColor\" stroke-width=\"0\" viewBox=\"0 0 512 512\" height=\"1em\" width=\"1em\" xmlns=\"http:\/\/www.w3.org\/2000\/svg\"><path d=\"M256 8C119 8 8 119 8 256s111 248 248 248 248-111 248-248S393 8 256 8z\"><\/path><\/svg><\/div><div class=\"ctl-6 timeline-block-detail\"><div class=\"story-details\"><div class=\"story-content\">\n<figure class=\"wp-block-image size-large ctlb-block-image\"><a href=\"https:\/\/diocese-aveiro.pt\/v3\/wp-content\/uploads\/2025\/06\/06-1-scaled.jpg\"><img loading=\"lazy\" decoding=\"async\" width=\"699\" height=\"1024\" src=\"https:\/\/diocese-aveiro.pt\/v3\/wp-content\/uploads\/2025\/06\/06-1-699x1024.jpg\" alt=\"\" class=\"wp-image-3065\" style=\"aspect-ratio:4\/3;object-fit:cover\" srcset=\"https:\/\/diocese-aveiro.pt\/v3\/wp-content\/uploads\/2025\/06\/06-1-699x1024.jpg 699w, https:\/\/diocese-aveiro.pt\/v3\/wp-content\/uploads\/2025\/06\/06-1-205x300.jpg 205w, https:\/\/diocese-aveiro.pt\/v3\/wp-content\/uploads\/2025\/06\/06-1-768x1126.jpg 768w, https:\/\/diocese-aveiro.pt\/v3\/wp-content\/uploads\/2025\/06\/06-1-1048x1536.jpg 1048w, https:\/\/diocese-aveiro.pt\/v3\/wp-content\/uploads\/2025\/06\/06-1-1397x2048.jpg 1397w, https:\/\/diocese-aveiro.pt\/v3\/wp-content\/uploads\/2025\/06\/06-1-scaled.jpg 1746w\" sizes=\"(max-width: 699px) 100vw, 699px\" \/><\/a><\/figure>\n\n\n\n<h3 class=\"wp-block-heading ctlb-block-title\" style=\"padding-top:0px;padding-right:0px;padding-bottom:0px;padding-left:0px\">2\u00aa Catedral<\/h3>\n\n\n\n<p class=\"ctlb-block-desc\" style=\"padding-top:0px;padding-right:0px;padding-bottom:0px;padding-left:0px\">A C\u00e1tedra \u00e9 transferida para o espa\u00e7o do extinto Recolhimento de S. Bernardino.<\/p>\n<\/div><\/div><\/div><\/div><\/div><\/div>\n\n\n\n<div class=\"wp-block-cp-timeline-content-timeline-child swiper-slide\"><div class=\"timeline-content icon-false \"><div class=\"timeline-block-timeline ctl-row  position-right\"><div class=\"ctl-6 timeline-block-time\"><div class=\"story-time\"><p>26 de fevereiro de 1840<\/p><\/div><\/div><div class=\"timeline-block-icon\"><svg stroke=\"currentColor\" fill=\"currentColor\" stroke-width=\"0\" viewBox=\"0 0 512 512\" height=\"1em\" width=\"1em\" xmlns=\"http:\/\/www.w3.org\/2000\/svg\"><path d=\"M256 8C119 8 8 119 8 256s111 248 248 248 248-111 248-248S393 8 256 8z\"><\/path><\/svg><\/div><div class=\"ctl-6 timeline-block-detail\"><div class=\"story-details\"><div class=\"story-content\">\n<p><strong>D. Frei Ant\u00f3nio de Santo Il\u00eddio da Fonseca e Silva<\/strong><\/p>\n\n\n\n<p>&#8211; sem confirma\u00e7\u00e3o \u2013<\/p>\n\n\n\n<p>nomea\u00e7\u00e3o e apresenta\u00e7\u00e3o r\u00e9gia a 26 de fevereiro de 1840;<\/p>\n\n\n\n<p>n\u00e3o obteve a confirma\u00e7\u00e3o papal.<\/p>\n<\/div><\/div><\/div><\/div><\/div><\/div>\n\n\n\n<div class=\"wp-block-cp-timeline-content-timeline-child swiper-slide\"><div class=\"timeline-content icon-false \"><div class=\"timeline-block-timeline ctl-row  position-left\"><div class=\"ctl-6 timeline-block-time\"><div class=\"story-time\"><p>30 de setembro de 1881<\/p><\/div><\/div><div class=\"timeline-block-icon\"><svg stroke=\"currentColor\" fill=\"currentColor\" stroke-width=\"0\" viewBox=\"0 0 512 512\" height=\"1em\" width=\"1em\" xmlns=\"http:\/\/www.w3.org\/2000\/svg\"><path d=\"M256 8C119 8 8 119 8 256s111 248 248 248 248-111 248-248S393 8 256 8z\"><\/path><\/svg><\/div><div class=\"ctl-6 timeline-block-detail\"><div class=\"story-details\"><div class=\"story-content\">\n<figure class=\"wp-block-image size-large ctlb-block-image\"><a href=\"https:\/\/diocese-aveiro.pt\/v3\/wp-content\/uploads\/2025\/06\/07-scaled.jpg\"><img loading=\"lazy\" decoding=\"async\" width=\"720\" height=\"1024\" src=\"https:\/\/diocese-aveiro.pt\/v3\/wp-content\/uploads\/2025\/06\/07-720x1024.jpg\" alt=\"\" class=\"wp-image-3068\" style=\"aspect-ratio:4\/3;object-fit:cover\" srcset=\"https:\/\/diocese-aveiro.pt\/v3\/wp-content\/uploads\/2025\/06\/07-720x1024.jpg 720w, https:\/\/diocese-aveiro.pt\/v3\/wp-content\/uploads\/2025\/06\/07-211x300.jpg 211w, https:\/\/diocese-aveiro.pt\/v3\/wp-content\/uploads\/2025\/06\/07-768x1093.jpg 768w, https:\/\/diocese-aveiro.pt\/v3\/wp-content\/uploads\/2025\/06\/07-1079x1536.jpg 1079w, https:\/\/diocese-aveiro.pt\/v3\/wp-content\/uploads\/2025\/06\/07-1439x2048.jpg 1439w, https:\/\/diocese-aveiro.pt\/v3\/wp-content\/uploads\/2025\/06\/07-scaled.jpg 1799w\" sizes=\"(max-width: 720px) 100vw, 720px\" \/><\/a><\/figure>\n\n\n\n<h3 class=\"wp-block-heading ctlb-block-title\" style=\"padding-top:0px;padding-right:0px;padding-bottom:0px;padding-left:0px\">Extin\u00e7\u00e3o da diocese de Aveiro<\/h3>\n\n\n\n<p class=\"ctlb-block-desc\" style=\"padding-top:0px;padding-right:0px;padding-bottom:0px;padding-left:0px\">Bula Gravissimum Christi Ecclesiam regendi et gubernandi munus, do papa Le\u00e3o XII, que extingue a diocese de Aveiro<\/p>\n<\/div><\/div><\/div><\/div><\/div><\/div>\n\n\n\n<div class=\"wp-block-cp-timeline-content-timeline-child swiper-slide\"><div class=\"timeline-content icon-false \"><div class=\"timeline-block-timeline ctl-row  position-right\"><div class=\"ctl-6 timeline-block-time\"><div class=\"story-time\"><p>04 de setembro de 1882<\/p><\/div><\/div><div class=\"timeline-block-icon\"><svg stroke=\"currentColor\" fill=\"currentColor\" stroke-width=\"0\" viewBox=\"0 0 512 512\" height=\"1em\" width=\"1em\" xmlns=\"http:\/\/www.w3.org\/2000\/svg\"><path d=\"M256 8C119 8 8 119 8 256s111 248 248 248 248-111 248-248S393 8 256 8z\"><\/path><\/svg><\/div><div class=\"ctl-6 timeline-block-detail\"><div class=\"story-details\"><div class=\"story-content\">\n<figure class=\"wp-block-image size-large ctlb-block-image\"><a href=\"https:\/\/diocese-aveiro.pt\/v3\/wp-content\/uploads\/2025\/06\/08-scaled.jpg\"><img loading=\"lazy\" decoding=\"async\" width=\"700\" height=\"1024\" src=\"https:\/\/diocese-aveiro.pt\/v3\/wp-content\/uploads\/2025\/06\/08-700x1024.jpg\" alt=\"\" class=\"wp-image-3069\" style=\"aspect-ratio:4\/3;object-fit:cover\" srcset=\"https:\/\/diocese-aveiro.pt\/v3\/wp-content\/uploads\/2025\/06\/08-700x1024.jpg 700w, https:\/\/diocese-aveiro.pt\/v3\/wp-content\/uploads\/2025\/06\/08-205x300.jpg 205w, https:\/\/diocese-aveiro.pt\/v3\/wp-content\/uploads\/2025\/06\/08-768x1124.jpg 768w, https:\/\/diocese-aveiro.pt\/v3\/wp-content\/uploads\/2025\/06\/08-1049x1536.jpg 1049w, https:\/\/diocese-aveiro.pt\/v3\/wp-content\/uploads\/2025\/06\/08-1399x2048.jpg 1399w, https:\/\/diocese-aveiro.pt\/v3\/wp-content\/uploads\/2025\/06\/08-scaled.jpg 1749w\" sizes=\"(max-width: 700px) 100vw, 700px\" \/><\/a><\/figure>\n\n\n\n<h3 class=\"wp-block-heading ctlb-block-title\" style=\"padding-top:0px;padding-right:0px;padding-bottom:0px;padding-left:0px\">Execu\u00e7\u00e3o da Bula<\/h3>\n\n\n\n<p class=\"ctlb-block-desc\" style=\"padding-top:0px;padding-right:0px;padding-bottom:0px;padding-left:0px\">Execu\u00e7\u00e3o da Bula de extin\u00e7\u00e3o da diocese de Aveiro<\/p>\n<\/div><\/div><\/div><\/div><\/div><\/div>\n\n\n\n<div class=\"wp-block-cp-timeline-content-timeline-child swiper-slide\"><div class=\"timeline-content icon-false \"><div class=\"timeline-block-timeline ctl-row  position-left\"><div class=\"ctl-6 timeline-block-time\"><div class=\"story-time\"><p>24 de agosto de 1938<\/p><\/div><\/div><div class=\"timeline-block-icon\"><svg stroke=\"currentColor\" fill=\"currentColor\" stroke-width=\"0\" viewBox=\"0 0 512 512\" height=\"1em\" width=\"1em\" xmlns=\"http:\/\/www.w3.org\/2000\/svg\"><path d=\"M256 8C119 8 8 119 8 256s111 248 248 248 248-111 248-248S393 8 256 8z\"><\/path><\/svg><\/div><div class=\"ctl-6 timeline-block-detail\"><div class=\"story-details\"><div class=\"story-content\">\n<figure class=\"wp-block-image size-large ctlb-block-image\"><a href=\"https:\/\/diocese-aveiro.pt\/v3\/wp-content\/uploads\/2025\/06\/09-scaled.jpg\"><img loading=\"lazy\" decoding=\"async\" width=\"1024\" height=\"724\" src=\"https:\/\/diocese-aveiro.pt\/v3\/wp-content\/uploads\/2025\/06\/09-1024x724.jpg\" alt=\"\" class=\"wp-image-3070\" style=\"aspect-ratio:4\/3;object-fit:cover\" srcset=\"https:\/\/diocese-aveiro.pt\/v3\/wp-content\/uploads\/2025\/06\/09-1024x724.jpg 1024w, https:\/\/diocese-aveiro.pt\/v3\/wp-content\/uploads\/2025\/06\/09-300x212.jpg 300w, https:\/\/diocese-aveiro.pt\/v3\/wp-content\/uploads\/2025\/06\/09-768x543.jpg 768w, https:\/\/diocese-aveiro.pt\/v3\/wp-content\/uploads\/2025\/06\/09-1536x1086.jpg 1536w, https:\/\/diocese-aveiro.pt\/v3\/wp-content\/uploads\/2025\/06\/09-2048x1448.jpg 2048w\" sizes=\"(max-width: 1024px) 100vw, 1024px\" \/><\/a><\/figure>\n\n\n\n<h3 class=\"wp-block-heading ctlb-block-title\" style=\"padding-top:0px;padding-right:0px;padding-bottom:0px;padding-left:0px\">Bula de restaura\u00e7\u00e3o da diocese de Aveiro<\/h3>\n\n\n\n<p>Bula Omnium Ecclesiarum, de Pio XI, que restaura a diocese de Aveiro.<\/p>\n\n\n\n<p>Foi elevada a Catedral a secular igreja do extinto Convento de S. Domingos e Matriz da Par\u00f3quia de N.\u00aa Senhora da Gl\u00f3ria.<\/p>\n<\/div><\/div><\/div><\/div><\/div><\/div>\n\n\n\n<div class=\"wp-block-cp-timeline-content-timeline-child swiper-slide\"><div class=\"timeline-content icon-false \"><div class=\"timeline-block-timeline ctl-row  position-right\"><div class=\"ctl-6 timeline-block-time\"><div class=\"story-time\"><p>11 de dezembro de 1938<\/p><\/div><\/div><div class=\"timeline-block-icon\"><svg stroke=\"currentColor\" fill=\"currentColor\" stroke-width=\"0\" viewBox=\"0 0 512 512\" height=\"1em\" width=\"1em\" xmlns=\"http:\/\/www.w3.org\/2000\/svg\"><path d=\"M256 8C119 8 8 119 8 256s111 248 248 248 248-111 248-248S393 8 256 8z\"><\/path><\/svg><\/div><div class=\"ctl-6 timeline-block-detail\"><div class=\"story-details\"><div class=\"story-content\">\n<figure class=\"wp-block-image size-large ctlb-block-image\"><a href=\"https:\/\/diocese-aveiro.pt\/v3\/wp-content\/uploads\/2025\/06\/10-scaled.jpg\"><img loading=\"lazy\" decoding=\"async\" width=\"1024\" height=\"709\" src=\"https:\/\/diocese-aveiro.pt\/v3\/wp-content\/uploads\/2025\/06\/10-1024x709.jpg\" alt=\"\" class=\"wp-image-3072\" style=\"aspect-ratio:4\/3;object-fit:cover\" srcset=\"https:\/\/diocese-aveiro.pt\/v3\/wp-content\/uploads\/2025\/06\/10-1024x709.jpg 1024w, https:\/\/diocese-aveiro.pt\/v3\/wp-content\/uploads\/2025\/06\/10-300x208.jpg 300w, https:\/\/diocese-aveiro.pt\/v3\/wp-content\/uploads\/2025\/06\/10-768x532.jpg 768w, https:\/\/diocese-aveiro.pt\/v3\/wp-content\/uploads\/2025\/06\/10-1536x1063.jpg 1536w, https:\/\/diocese-aveiro.pt\/v3\/wp-content\/uploads\/2025\/06\/10-2048x1417.jpg 2048w\" sizes=\"(max-width: 1024px) 100vw, 1024px\" \/><\/a><\/figure>\n\n\n\n<h3 class=\"wp-block-heading ctlb-block-title\" style=\"padding-top:0px;padding-right:0px;padding-bottom:0px;padding-left:0px\">Execu\u00e7\u00e3o da bula de restaura\u00e7\u00e3o<\/h3>\n\n\n\n<p class=\"ctlb-block-desc\" style=\"padding-top:0px;padding-right:0px;padding-bottom:0px;padding-left:0px\">Execu\u00e7\u00e3o da bula de restaura\u00e7\u00e3o da diocese de Aveiro.<\/p>\n<\/div><\/div><\/div><\/div><\/div><\/div>\n\n\n\n<div class=\"wp-block-cp-timeline-content-timeline-child swiper-slide\"><div class=\"timeline-content icon-false \"><div class=\"timeline-block-timeline ctl-row  position-left\"><div class=\"ctl-6 timeline-block-time\"><div class=\"story-time\"><p>11 de dezembro de 1938<\/p><\/div><\/div><div class=\"timeline-block-icon\"><svg stroke=\"currentColor\" fill=\"currentColor\" stroke-width=\"0\" viewBox=\"0 0 512 512\" height=\"1em\" width=\"1em\" xmlns=\"http:\/\/www.w3.org\/2000\/svg\"><path d=\"M256 8C119 8 8 119 8 256s111 248 248 248 248-111 248-248S393 8 256 8z\"><\/path><\/svg><\/div><div class=\"ctl-6 timeline-block-detail\"><div class=\"story-details\"><div class=\"story-content\">\n<figure class=\"wp-block-image size-large ctlb-block-image\"><a href=\"https:\/\/diocese-aveiro.pt\/v3\/wp-content\/uploads\/2025\/06\/11-scaled.jpg\"><img loading=\"lazy\" decoding=\"async\" width=\"740\" height=\"1024\" src=\"https:\/\/diocese-aveiro.pt\/v3\/wp-content\/uploads\/2025\/06\/11-740x1024.jpg\" alt=\"\" class=\"wp-image-3073\" style=\"aspect-ratio:4\/3;object-fit:cover\" srcset=\"https:\/\/diocese-aveiro.pt\/v3\/wp-content\/uploads\/2025\/06\/11-740x1024.jpg 740w, https:\/\/diocese-aveiro.pt\/v3\/wp-content\/uploads\/2025\/06\/11-217x300.jpg 217w, https:\/\/diocese-aveiro.pt\/v3\/wp-content\/uploads\/2025\/06\/11-768x1062.jpg 768w, https:\/\/diocese-aveiro.pt\/v3\/wp-content\/uploads\/2025\/06\/11-1111x1536.jpg 1111w, https:\/\/diocese-aveiro.pt\/v3\/wp-content\/uploads\/2025\/06\/11-1481x2048.jpg 1481w, https:\/\/diocese-aveiro.pt\/v3\/wp-content\/uploads\/2025\/06\/11-scaled.jpg 1851w\" sizes=\"(max-width: 740px) 100vw, 740px\" \/><\/a><\/figure>\n\n\n\n<p><strong>D. Jo\u00e3o Evangelista de Lima Vidal<\/strong><\/p>\n\n\n\n<p>&#8211; primeiro bispo da diocese restaurada &#8211;<\/p>\n\n\n\n<p>administrador apost\u00f3lico a 11 de dezembro de 1938;<\/p>\n\n\n\n<p>bispo residencial a 16 de janeiro de 1940;<\/p>\n\n\n\n<p>morte a 05 de janeiro de 1958.<\/p>\n<\/div><\/div><\/div><\/div><\/div><\/div>\n\n\n\n<div class=\"wp-block-cp-timeline-content-timeline-child swiper-slide\"><div class=\"timeline-content icon-false \"><div class=\"timeline-block-timeline ctl-row  position-right\"><div class=\"ctl-6 timeline-block-time\"><div class=\"story-time\"><p>11 de agosto de 1958<\/p><\/div><\/div><div class=\"timeline-block-icon\"><svg stroke=\"currentColor\" fill=\"currentColor\" stroke-width=\"0\" viewBox=\"0 0 512 512\" height=\"1em\" width=\"1em\" xmlns=\"http:\/\/www.w3.org\/2000\/svg\"><path d=\"M256 8C119 8 8 119 8 256s111 248 248 248 248-111 248-248S393 8 256 8z\"><\/path><\/svg><\/div><div class=\"ctl-6 timeline-block-detail\"><div class=\"story-details\"><div class=\"story-content\">\n<figure class=\"wp-block-image size-large ctlb-block-image\"><a href=\"https:\/\/diocese-aveiro.pt\/v3\/wp-content\/uploads\/2025\/06\/12-scaled.jpg\"><img loading=\"lazy\" decoding=\"async\" width=\"683\" height=\"1024\" src=\"https:\/\/diocese-aveiro.pt\/v3\/wp-content\/uploads\/2025\/06\/12-683x1024.jpg\" alt=\"\" class=\"wp-image-3075\" style=\"aspect-ratio:4\/3;object-fit:cover\" srcset=\"https:\/\/diocese-aveiro.pt\/v3\/wp-content\/uploads\/2025\/06\/12-683x1024.jpg 683w, https:\/\/diocese-aveiro.pt\/v3\/wp-content\/uploads\/2025\/06\/12-200x300.jpg 200w, https:\/\/diocese-aveiro.pt\/v3\/wp-content\/uploads\/2025\/06\/12-768x1151.jpg 768w, https:\/\/diocese-aveiro.pt\/v3\/wp-content\/uploads\/2025\/06\/12-1025x1536.jpg 1025w, https:\/\/diocese-aveiro.pt\/v3\/wp-content\/uploads\/2025\/06\/12-1367x2048.jpg 1367w, https:\/\/diocese-aveiro.pt\/v3\/wp-content\/uploads\/2025\/06\/12-scaled.jpg 1708w\" sizes=\"(max-width: 683px) 100vw, 683px\" \/><\/a><\/figure>\n\n\n\n<p><strong>D. Domingos da Apresenta\u00e7\u00e3o Fernandes<\/strong><\/p>\n\n\n\n<p>&#8211; segundo bispo de diocese restaurada &#8211;<\/p>\n\n\n\n<p>Bispo auxiliar a 13 de dezembro de 1952;<\/p>\n\n\n\n<p>bispo residencial a 11 de agosto de 1958;<\/p>\n\n\n\n<p>in\u00edcio do m\u00fanus episcopal a 29 de setembro de 1958;<\/p>\n\n\n\n<p>morte a 21 de janeiro de 1962.<\/p>\n<\/div><\/div><\/div><\/div><\/div><\/div>\n\n\n\n<div class=\"wp-block-cp-timeline-content-timeline-child swiper-slide\"><div class=\"timeline-content icon-false \"><div class=\"timeline-block-timeline ctl-row  position-left\"><div class=\"ctl-6 timeline-block-time\"><div class=\"story-time\"><p>08 de dezembro de 1962<\/p><\/div><\/div><div class=\"timeline-block-icon\"><svg stroke=\"currentColor\" fill=\"currentColor\" stroke-width=\"0\" viewBox=\"0 0 512 512\" height=\"1em\" width=\"1em\" xmlns=\"http:\/\/www.w3.org\/2000\/svg\"><path d=\"M256 8C119 8 8 119 8 256s111 248 248 248 248-111 248-248S393 8 256 8z\"><\/path><\/svg><\/div><div class=\"ctl-6 timeline-block-detail\"><div class=\"story-details\"><div class=\"story-content\">\n<figure class=\"wp-block-image size-large ctlb-block-image\"><a href=\"https:\/\/diocese-aveiro.pt\/v3\/wp-content\/uploads\/2025\/06\/13-683x1024.jpg\"><img loading=\"lazy\" decoding=\"async\" width=\"683\" height=\"1024\" src=\"https:\/\/diocese-aveiro.pt\/v3\/wp-content\/uploads\/2025\/06\/13-683x1024.jpg\" alt=\"\" class=\"wp-image-3077\" style=\"aspect-ratio:4\/3;object-fit:cover\" srcset=\"https:\/\/diocese-aveiro.pt\/v3\/wp-content\/uploads\/2025\/06\/13-683x1024.jpg 683w, https:\/\/diocese-aveiro.pt\/v3\/wp-content\/uploads\/2025\/06\/13-200x300.jpg 200w, https:\/\/diocese-aveiro.pt\/v3\/wp-content\/uploads\/2025\/06\/13-768x1151.jpg 768w, https:\/\/diocese-aveiro.pt\/v3\/wp-content\/uploads\/2025\/06\/13-1025x1536.jpg 1025w, https:\/\/diocese-aveiro.pt\/v3\/wp-content\/uploads\/2025\/06\/13-1367x2048.jpg 1367w, https:\/\/diocese-aveiro.pt\/v3\/wp-content\/uploads\/2025\/06\/13-scaled.jpg 1708w\" sizes=\"(max-width: 683px) 100vw, 683px\" \/><\/a><\/figure>\n\n\n\n<p><strong>D. Manuel de Almeida Trindade<\/strong><\/p>\n\n\n\n<p>&#8211; terceiro bispo de diocese restaurada &#8211;<\/p>\n\n\n\n<p>Nomea\u00e7\u00e3o a 16 de setembro de 1962;<\/p>\n\n\n\n<p>in\u00edcio do m\u00fanus episcopal a 08 de dezembro de 1962;<\/p>\n\n\n\n<p>ren\u00fancia (&#8216;bispo em\u00e9rito&#8217;) a 20 de janeiro de 1988);<\/p>\n\n\n\n<p>morte 05 de agosto de 2008<\/p>\n<\/div><\/div><\/div><\/div><\/div><\/div>\n\n\n\n<div class=\"wp-block-cp-timeline-content-timeline-child swiper-slide\"><div class=\"timeline-content icon-false \"><div class=\"timeline-block-timeline ctl-row  position-right\"><div class=\"ctl-6 timeline-block-time\"><div class=\"story-time\"><p>20 de janeiro de 1988<\/p><\/div><\/div><div class=\"timeline-block-icon\"><svg stroke=\"currentColor\" fill=\"currentColor\" stroke-width=\"0\" viewBox=\"0 0 512 512\" height=\"1em\" width=\"1em\" xmlns=\"http:\/\/www.w3.org\/2000\/svg\"><path d=\"M256 8C119 8 8 119 8 256s111 248 248 248 248-111 248-248S393 8 256 8z\"><\/path><\/svg><\/div><div class=\"ctl-6 timeline-block-detail\"><div class=\"story-details\"><div class=\"story-content\">\n<figure class=\"wp-block-image size-large ctlb-block-image\"><a href=\"https:\/\/diocese-aveiro.pt\/v3\/wp-content\/uploads\/2025\/06\/14-scaled.jpg\"><img loading=\"lazy\" decoding=\"async\" width=\"683\" height=\"1024\" src=\"https:\/\/diocese-aveiro.pt\/v3\/wp-content\/uploads\/2025\/06\/14-683x1024.jpg\" alt=\"\" class=\"wp-image-3079\" style=\"aspect-ratio:4\/3;object-fit:cover\" srcset=\"https:\/\/diocese-aveiro.pt\/v3\/wp-content\/uploads\/2025\/06\/14-683x1024.jpg 683w, https:\/\/diocese-aveiro.pt\/v3\/wp-content\/uploads\/2025\/06\/14-200x300.jpg 200w, https:\/\/diocese-aveiro.pt\/v3\/wp-content\/uploads\/2025\/06\/14-768x1151.jpg 768w, https:\/\/diocese-aveiro.pt\/v3\/wp-content\/uploads\/2025\/06\/14-1025x1536.jpg 1025w, https:\/\/diocese-aveiro.pt\/v3\/wp-content\/uploads\/2025\/06\/14-1367x2048.jpg 1367w, https:\/\/diocese-aveiro.pt\/v3\/wp-content\/uploads\/2025\/06\/14-scaled.jpg 1708w\" sizes=\"(max-width: 683px) 100vw, 683px\" \/><\/a><\/figure>\n\n\n\n<p><strong>D. Ant\u00f3nio Baltasar Marcelino<\/strong><\/p>\n\n\n\n<p>&#8211; quarto bispo da diocese restaurada &#8211;<\/p>\n\n\n\n<p>Bispo coadjutor a 19 de dezembro de 1980;<\/p>\n\n\n\n<p>bispo coadjutor com direito de sucess\u00e3o 08 de setembro de 1983;<\/p>\n\n\n\n<p>bispo residencial 20 de janeiro de 1988;<\/p>\n\n\n\n<p>administrador apost\u00f3lico a 21 de setembro de 2006;<\/p>\n\n\n\n<p>termo de m\u00fanus episcopal (&#8216;bispo em\u00e9rito&#8217;) a 08 de dezembro de 2006;<\/p>\n\n\n\n<p>morte a 09 de outubro de 2013.<\/p>\n<\/div><\/div><\/div><\/div><\/div><\/div>\n\n\n\n<div class=\"wp-block-cp-timeline-content-timeline-child swiper-slide\"><div class=\"timeline-content icon-false \"><div class=\"timeline-block-timeline ctl-row  position-left\"><div class=\"ctl-6 timeline-block-time\"><div class=\"story-time\"><p>08 de dezembro de 2006<\/p><\/div><\/div><div class=\"timeline-block-icon\"><svg stroke=\"currentColor\" fill=\"currentColor\" stroke-width=\"0\" viewBox=\"0 0 512 512\" height=\"1em\" width=\"1em\" xmlns=\"http:\/\/www.w3.org\/2000\/svg\"><path d=\"M256 8C119 8 8 119 8 256s111 248 248 248 248-111 248-248S393 8 256 8z\"><\/path><\/svg><\/div><div class=\"ctl-6 timeline-block-detail\"><div class=\"story-details\"><div class=\"story-content\">\n<figure class=\"wp-block-image size-large ctlb-block-image\"><a href=\"https:\/\/diocese-aveiro.pt\/v3\/wp-content\/uploads\/2025\/06\/15-scaled.jpg\"><img loading=\"lazy\" decoding=\"async\" width=\"683\" height=\"1024\" src=\"https:\/\/diocese-aveiro.pt\/v3\/wp-content\/uploads\/2025\/06\/15-683x1024.jpg\" alt=\"\" class=\"wp-image-3081\" style=\"aspect-ratio:4\/3;object-fit:cover\" srcset=\"https:\/\/diocese-aveiro.pt\/v3\/wp-content\/uploads\/2025\/06\/15-683x1024.jpg 683w, https:\/\/diocese-aveiro.pt\/v3\/wp-content\/uploads\/2025\/06\/15-200x300.jpg 200w, https:\/\/diocese-aveiro.pt\/v3\/wp-content\/uploads\/2025\/06\/15-768x1151.jpg 768w, https:\/\/diocese-aveiro.pt\/v3\/wp-content\/uploads\/2025\/06\/15-1025x1536.jpg 1025w, https:\/\/diocese-aveiro.pt\/v3\/wp-content\/uploads\/2025\/06\/15-1367x2048.jpg 1367w, https:\/\/diocese-aveiro.pt\/v3\/wp-content\/uploads\/2025\/06\/15-scaled.jpg 1709w\" sizes=\"(max-width: 683px) 100vw, 683px\" \/><\/a><\/figure>\n\n\n\n<p><strong>D. Ant\u00f3nio Francisco dos Santos<\/strong><\/p>\n\n\n\n<p>&#8211; quinto bispo da diocese restaurada &#8211;<\/p>\n\n\n\n<p>Nomea\u00e7\u00e3o a 21 de setembro de 2006;<\/p>\n\n\n\n<p>in\u00edcio do m\u00fanus pastoral a 08 de dezembro de 2006;<\/p>\n\n\n\n<p>foi nomeado como Bispo do Porto a 21 de fevereiro de 2014.<\/p>\n<\/div><\/div><\/div><\/div><\/div><\/div>\n\n\n\n<div class=\"wp-block-cp-timeline-content-timeline-child swiper-slide\"><div class=\"timeline-content icon-false \"><div class=\"timeline-block-timeline ctl-row  position-right\"><div class=\"ctl-6 timeline-block-time\"><div class=\"story-time\"><p>13 de setembro de 2014<\/p><\/div><\/div><div class=\"timeline-block-icon\"><svg stroke=\"currentColor\" fill=\"currentColor\" stroke-width=\"0\" viewBox=\"0 0 512 512\" height=\"1em\" width=\"1em\" xmlns=\"http:\/\/www.w3.org\/2000\/svg\"><path d=\"M256 8C119 8 8 119 8 256s111 248 248 248 248-111 248-248S393 8 256 8z\"><\/path><\/svg><\/div><div class=\"ctl-6 timeline-block-detail\"><div class=\"story-details\"><div class=\"story-content\">\n<figure class=\"wp-block-image size-large ctlb-block-image\"><a href=\"https:\/\/diocese-aveiro.pt\/v3\/wp-content\/uploads\/2025\/06\/16-scaled.jpg\"><img loading=\"lazy\" decoding=\"async\" width=\"699\" height=\"1024\" src=\"https:\/\/diocese-aveiro.pt\/v3\/wp-content\/uploads\/2025\/06\/16-699x1024.jpg\" alt=\"\" class=\"wp-image-3082\" style=\"aspect-ratio:4\/3;object-fit:cover\" srcset=\"https:\/\/diocese-aveiro.pt\/v3\/wp-content\/uploads\/2025\/06\/16-699x1024.jpg 699w, https:\/\/diocese-aveiro.pt\/v3\/wp-content\/uploads\/2025\/06\/16-205x300.jpg 205w, https:\/\/diocese-aveiro.pt\/v3\/wp-content\/uploads\/2025\/06\/16-768x1125.jpg 768w, https:\/\/diocese-aveiro.pt\/v3\/wp-content\/uploads\/2025\/06\/16-1049x1536.jpg 1049w, https:\/\/diocese-aveiro.pt\/v3\/wp-content\/uploads\/2025\/06\/16-1399x2048.jpg 1399w, https:\/\/diocese-aveiro.pt\/v3\/wp-content\/uploads\/2025\/06\/16-scaled.jpg 1748w\" sizes=\"(max-width: 699px) 100vw, 699px\" \/><\/a><\/figure>\n\n\n\n<p><strong>D. Ant\u00f3nio Moiteiro Ramos<\/strong><\/p>\n\n\n\n<p>&#8211; sexto bispo da diocese restaurada &#8211;<\/p>\n\n\n\n<p>Nomeado Bispo de Aveiro a 04 de junho de 2014;<\/p>\n\n\n\n<p>Data da Tomada de Posse a 13 de setembro de 2014.<\/p>\n<\/div><\/div><\/div><\/div><\/div><\/div>\n<\/div><\/div><\/div><\/div>\n","protected":false},"excerpt":{"rendered":"","protected":false},"author":1,"featured_media":0,"comment_status":"open","ping_status":"open","sticky":false,"template":"","format":"standard","meta":{"pagelayer_contact_templates":[],"_pagelayer_content":"","footnotes":""},"categories":[1],"tags":[],"class_list":["post-3051","post","type-post","status-publish","format-standard","hentry","category-uncategorized"],"_links":{"self":[{"href":"https:\/\/diocese-aveiro.pt\/v3\/wp-json\/wp\/v2\/posts\/3051","targetHints":{"allow":["GET"]}}],"collection":[{"href":"https:\/\/diocese-aveiro.pt\/v3\/wp-json\/wp\/v2\/posts"}],"about":[{"href":"https:\/\/diocese-aveiro.pt\/v3\/wp-json\/wp\/v2\/types\/post"}],"author":[{"embeddable":true,"href":"https:\/\/diocese-aveiro.pt\/v3\/wp-json\/wp\/v2\/users\/1"}],"replies":[{"embeddable":true,"href":"https:\/\/diocese-aveiro.pt\/v3\/wp-json\/wp\/v2\/comments?post=3051"}],"version-history":[{"count":17,"href":"https:\/\/diocese-aveiro.pt\/v3\/wp-json\/wp\/v2\/posts\/3051\/revisions"}],"predecessor-version":[{"id":3085,"href":"https:\/\/diocese-aveiro.pt\/v3\/wp-json\/wp\/v2\/posts\/3051\/revisions\/3085"}],"wp:attachment":[{"href":"https:\/\/diocese-aveiro.pt\/v3\/wp-json\/wp\/v2\/media?parent=3051"}],"wp:term":[{"taxonomy":"category","embeddable":true,"href":"https:\/\/diocese-aveiro.pt\/v3\/wp-json\/wp\/v2\/categories?post=3051"},{"taxonomy":"post_tag","embeddable":true,"href":"https:\/\/diocese-aveiro.pt\/v3\/wp-json\/wp\/v2\/tags?post=3051"}],"curies":[{"name":"wp","href":"https:\/\/api.w.org\/{rel}","templated":true}]}}