{"id":3019,"date":"2025-05-07T16:41:40","date_gmt":"2025-05-07T15:41:40","guid":{"rendered":"https:\/\/diocese-aveiro.pt\/v3\/?p=3019"},"modified":"2025-05-07T16:41:40","modified_gmt":"2025-05-07T15:41:40","slug":"jubileu-das-familias-1-de-junho-de-2025","status":"publish","type":"post","link":"https:\/\/diocese-aveiro.pt\/v3\/2025\/05\/07\/jubileu-das-familias-1-de-junho-de-2025\/","title":{"rendered":"Jubileu das Fam\u00edlias &#8211; 1 de junho de 2025"},"content":{"rendered":"\n<p class=\"has-text-align-center\"><em>&#8220;A fam\u00edlia \u00e9 o lugar onde se aprende a amar, o centro de irradia\u00e7\u00e3o do amor.&#8221;<\/em><br>&#8211; Papa Francisco &#8211;<\/p>\n\n\n\n<p>Sob o lema <strong>&#8220;Sou amado, logo existo&#8221;<\/strong>, esta jornada insere-se na <strong>Assembleia Diocesana da Fam\u00edlia<\/strong> e convida-nos a celebrar o dom da vida familiar e matrimonial, em comunh\u00e3o com todas as fam\u00edlias da nossa Diocese de Aveiro.<\/p>\n\n\n\n<p>Programa do Jubileu das Fam\u00edlias:<\/p>\n\n\n\n<ul class=\"wp-block-list\">\n<li><strong>14h30 \u2013 Acolhimento<\/strong><\/li>\n\n\n\n<li><strong>15h00 \u2013 Anima\u00e7\u00e3o Cultural<\/strong> com a participa\u00e7\u00e3o de <em>Caba\u00e7as e Cavaquinhos de Soza<\/em> e <em>O quarteto + uns de Ouca<\/em><\/li>\n\n\n\n<li><strong>17h00 \u2013 Eucaristia<\/strong>, momento central da nossa celebra\u00e7\u00e3o<\/li>\n\n\n\n<li><strong>18h30 \u2013 Piquenique partilhado<\/strong>, para conviv\u00eancia e alegria em fam\u00edlia<\/li>\n<\/ul>\n\n\n\n<p>Nesta ocasi\u00e3o especial, celebraremos tamb\u00e9m os <strong>Jubileus Matrimoniais 2024\/2025<\/strong>. Podem inscrever-se os casais que tenham celebrado (ou venham a celebrar) 5, 10, 15, 20, 25, 50, 60 ou mais de 65 anos de matrim\u00f3nio, entre <strong>1 de janeiro de 2024 e 31 de dezembro de 2025<\/strong>.<\/p>\n\n\n\n<p>\ud83d\udc49 As <strong>inscri\u00e7\u00f5es decorrem at\u00e9 ao dia 25 de maio de 2025<\/strong>, atrav\u00e9s do seguinte formul\u00e1rio:<br>\ud83d\udccc&nbsp;<a href=\"https:\/\/forms.gle\/Tcbgq8Jx47szvmeB7\" target=\"_blank\" rel=\"noreferrer noopener\">https:\/\/forms.gle\/Tcbgq8Jx47szvmeB7<\/a><\/p>\n","protected":false},"excerpt":{"rendered":"<p>&#8220;A fam\u00edlia \u00e9 o lugar onde se aprende a amar, o centro de irradia\u00e7\u00e3o do amor.&#8221;&#8211; Papa Francisco &#8211; Sob o lema &#8220;Sou amado, logo existo&#8221;, esta jornada insere-se na Assembleia Diocesana da Fam\u00edlia e convida-nos a celebrar o dom da vida familiar e matrimonial, em comunh\u00e3o com todas as fam\u00edlias da nossa Diocese de Aveiro. Programa do Jubileu das [&hellip;]<\/p>\n","protected":false},"author":1,"featured_media":3020,"comment_status":"open","ping_status":"open","sticky":false,"template":"","format":"standard","meta":{"pagelayer_contact_templates":[],"_pagelayer_content":"","footnotes":""},"categories":[38,48,41],"tags":[],"class_list":["post-3019","post","type-post","status-publish","format-standard","has-post-thumbnail","hentry","category-destaque","category-familia","category-vai-acontecer"],"_links":{"self":[{"href":"https:\/\/diocese-aveiro.pt\/v3\/wp-json\/wp\/v2\/posts\/3019","targetHints":{"allow":["GET"]}}],"collection":[{"href":"https:\/\/diocese-aveiro.pt\/v3\/wp-json\/wp\/v2\/posts"}],"about":[{"href":"https:\/\/diocese-aveiro.pt\/v3\/wp-json\/wp\/v2\/types\/post"}],"author":[{"embeddable":true,"href":"https:\/\/diocese-aveiro.pt\/v3\/wp-json\/wp\/v2\/users\/1"}],"replies":[{"embeddable":true,"href":"https:\/\/diocese-aveiro.pt\/v3\/wp-json\/wp\/v2\/comments?post=3019"}],"version-history":[{"count":1,"href":"https:\/\/diocese-aveiro.pt\/v3\/wp-json\/wp\/v2\/posts\/3019\/revisions"}],"predecessor-version":[{"id":3021,"href":"https:\/\/diocese-aveiro.pt\/v3\/wp-json\/wp\/v2\/posts\/3019\/revisions\/3021"}],"wp:featuredmedia":[{"embeddable":true,"href":"https:\/\/diocese-aveiro.pt\/v3\/wp-json\/wp\/v2\/media\/3020"}],"wp:attachment":[{"href":"https:\/\/diocese-aveiro.pt\/v3\/wp-json\/wp\/v2\/media?parent=3019"}],"wp:term":[{"taxonomy":"category","embeddable":true,"href":"https:\/\/diocese-aveiro.pt\/v3\/wp-json\/wp\/v2\/categories?post=3019"},{"taxonomy":"post_tag","embeddable":true,"href":"https:\/\/diocese-aveiro.pt\/v3\/wp-json\/wp\/v2\/tags?post=3019"}],"curies":[{"name":"wp","href":"https:\/\/api.w.org\/{rel}","templated":true}]}}