{"id":2703,"date":"2024-10-07T09:47:45","date_gmt":"2024-10-07T08:47:45","guid":{"rendered":"http:\/\/diocese-aveiro.pt\/v3\/?p=2703"},"modified":"2024-10-07T10:38:46","modified_gmt":"2024-10-07T09:38:46","slug":"deus-caminha-connosco-2","status":"publish","type":"post","link":"https:\/\/diocese-aveiro.pt\/v3\/2024\/10\/07\/deus-caminha-connosco-2\/","title":{"rendered":"Deus caminha connosco"},"content":{"rendered":"\n<p class=\"has-text-align-center\"><strong><a href=\"http:\/\/diocese-aveiro.pt\/v3\/wp-content\/uploads\/2024\/10\/DA-_PROJETO-PASTORAL-_2024_27.pdf\">PROJETO PASTORAL DA DIOCESE DE AVEIRO | 2024-2027<\/a><\/strong><\/p>\n\n\n\n<h2 class=\"wp-block-heading has-white-color has-vivid-cyan-blue-background-color has-text-color has-background has-link-color wp-elements-4b68eb20620eaf0b3ea69440708473e9\"><strong>1. MENSAGEM DO BISPO DIOCESANO<\/strong><\/h2>\n\n\n\n<p>Deus caminha connosco<\/p>\n\n\n\n<p>Corresponsabilidade, sinodalidade e ministerialidade<\/p>\n\n\n\n<p>O Plano de Pastoral para o pr\u00f3ximo tri\u00e9nio (2024-2027) tem tr\u00eas palavras-chave:&nbsp; corresponsabilidade, sinodalidade e ministerialidade. Identificados que est\u00e3o os desafios a ter presentes ao longo deste per\u00edodo, \u00e9 necess\u00e1rio que estes sejam assumidos por todos e levados \u00e0 pr\u00e1tica em todas as comunidades crist\u00e3s.<\/p>\n\n\n\n<p>A Carta Pastoral <em>Deus caminha connosco,<\/em> publicada aquando do encerramento do Ano Jubilar dos 600 anos da nossa Igreja Catedral, apresenta-se como o documento de onde emanam os princ\u00edpios que nos ir\u00e3o orientar na caminhada sinodal que estamos a fazer.<\/p>\n\n\n\n<p>Se a corresponsabilidade exige a participa\u00e7\u00e3o de todos os batizados, n\u00e3o podemos falar de sinodalidade se n\u00e3o houver empenho e dedica\u00e7\u00e3o de todos neste caminho que estamos a trilhar. Todos devem assumir que a renova\u00e7\u00e3o exige convers\u00e3o das pessoas e das comunidades.<\/p>\n\n\n\n<p>A Igreja s\u00f3 se entende na corresponsabilidade ministerial, quando cada um se sente ao servi\u00e7o dos outros, sendo fundamental aprender a ouvir-nos uns aos outros \u2013 bispo, padres, di\u00e1conos, religiosos e leigos; todos, todos os batizados.<\/p>\n\n\n\n<p>A viv\u00eancia do Ano Jubilar, bem como os 75 anos do nosso semin\u00e1rio de Aveiro, devem despertar em cada um de n\u00f3s sentimentos de esperan\u00e7a, e sentirmo-nos chamados a colaborar na miss\u00e3o de sermos \u201cperegrinos na esperan\u00e7a\u201d.&nbsp;<\/p>\n\n\n\n<p>A Igreja de Aveiro \u201creclama\u201d que nos sintamos sempre mais <em>Igreja em caminho de renova\u00e7\u00e3o<\/em>. Esta para chegar a todos e mais longe, sem perder a ess\u00eancia e a alegria do Evangelho, tem de ser assumida efetivamente por todos.<\/p>\n\n\n\n<p>N\u00e3o pode haver renova\u00e7\u00e3o sem convers\u00e3o pastoral, pois este \u00e9 o caminho de renova\u00e7\u00e3o da Igreja, de mudan\u00e7a estrutural e metodol\u00f3gica. \u00abA Igreja deve aprofundar a consci\u00eancia de si mesma, meditar sobre o seu pr\u00f3prio mist\u00e9rio (&#8230;). Desta consci\u00eancia esclarecida e operante deriva espontaneamente um desejo de comparar a imagem ideal da Igreja, tal como Cristo a viu, quis e amou, ou seja, como sua Esposa santa e imaculada (<em>Ef <\/em>5,27), com o rosto real que a Igreja apresenta hoje. (\u2026) Em consequ\u00eancia disso, surge uma necessidade generosa e quase impaciente de renova\u00e7\u00e3o, isto \u00e9, de emenda dos defeitos, que aquela consci\u00eancia denuncia e rejeita, como se fosse um exame interior ao espelho do modelo que Cristo nos deixou de si mesmo\u00bb (<em>EG<\/em> 26).<\/p>\n\n\n\n<p>A comunh\u00e3o, t\u00e3o necess\u00e1ria para que haja transforma\u00e7\u00e3o\/renova\u00e7\u00e3o, requer uma participa\u00e7\u00e3o consciente e respons\u00e1vel. Procuremos estar em di\u00e1logo cont\u00ednuo uns com os outros sob a a\u00e7\u00e3o do Esp\u00edrito Santo. N\u00e3o tenhamos medo de arriscar quando se trata de fazer op\u00e7\u00f5es pastorais. A diocese de Aveiro sonha com comunidades crist\u00e3s que coloquem Cristo ressuscitado no centro da sua vida, vivam a comunh\u00e3o como o sinal vis\u00edvel dessa presen\u00e7a e formem disc\u00edpulos mission\u00e1rios que saibam dar raz\u00f5es da sua f\u00e9.<\/p>\n\n\n\n<p>Os desafios que atualmente se nos apresentam requerem uma identidade crist\u00e3 mais pessoal e fundamentada; \u00e9 fundamental dar raz\u00f5es da nossa f\u00e9 no local de trabalho, no ambiente familiar, nos momentos de lazer ou divers\u00e3o\u2026 S\u00e3o Pedro pede aos crist\u00e3os da \u00c1sia Menor, e hoje a cada um de n\u00f3s, \u00ab<em>Confessai Cristo como Senhor, sempre dispostos a dar a raz\u00e3o da vossa esperan\u00e7a a todo aquele que vo-la pe\u00e7a<\/em>\u00bb (<em>1Pe<\/em> 3,15). Todos somos convidados \u2013 bispo, sacerdotes, di\u00e1conos, consagrados, leigos empenhados \u2013 a travar esta batalha na qual a forma\u00e7\u00e3o crist\u00e3 seja fruto do empenhamento de todos.<\/p>\n\n\n\n<p>Que cada um se sinta entusiasmado e seja capaz de levar outros a concretizar este sonho que nos propomos para este tri\u00e9nio pastoral.<\/p>\n\n\n\n<p>\u2020 Ant\u00f3nio Moiteiro, Bispo de Aveiro<strong><br><\/strong><\/p>\n\n\n\n<h2 class=\"wp-block-heading has-white-color has-vivid-cyan-blue-background-color has-text-color has-background has-link-color wp-elements-886f32a349825ee07b8ed103cf75b286\"><a><\/a><strong>2. ORA\u00c7\u00c3O<\/strong><\/h2>\n\n\n\n<p>Deus Criador e Deus de Amor,<br>Em Ti vivemos, nos movemos e existimos.<br>Envia-nos o Teu Esp\u00edrito,<br>Para sermos disc\u00edpulos de Cristo Ressuscitado,<br>vivermos com alegria e responsabilidade,<br>sermos fermento de esperan\u00e7a,<br>em comunh\u00e3o com toda a Igreja,<br>com Maria, nossa M\u00e3e,<br>e Santa Joana, nossa padroeira.<br>Por Cristo, nosso Senhor.<br>\u00c1men.<\/p>\n\n\n\n<h2 class=\"wp-block-heading has-white-color has-vivid-cyan-blue-background-color has-text-color has-background has-link-color wp-elements-ac29db6081502643560ce50eb46f959e\"><a><\/a><strong>3. INTRODU\u00c7\u00c3O<\/strong><\/h2>\n\n\n\n<p><em>&#8220;Eis o que diz o Senhor, n\u00e3o penseis mais no passado, pois vou realizar algo de novo algo novo, que j\u00e1 est\u00e1 a aparecer: n\u00e3o o notais? Vou abrir um caminho no deserto para dar de beber ao meu povo<\/em>&#8220;. (cfr Is 43, 14-20).<\/p>\n\n\n\n<p>Ao longo da hist\u00f3ria, a Igreja tem-se empenhado em compreender e adaptar o sonho de Deus para a humanidade. O processo de consulta no \u00e2mbito do S\u00ednodo \u201cPor uma Igreja Sinodal: comunh\u00e3o, participa\u00e7\u00e3o e miss\u00e3o\u201d, revelou na sua s\u00edntese a import\u00e2ncia de uma permanente leitura crente da realidade diocesana, de modo que as op\u00e7\u00f5es pastorais tornem vis\u00edveis o Reino de Deus anunciado e testemunhado por Jesus.<\/p>\n\n\n\n<p>Assim, a s\u00edntese diocesana da consulta Sinodal, juntamente com a Carta Pastoral do nosso Bispo, D. Ant\u00f3nio Moiteiro, intitulado <em>Deus caminha connosco, <\/em>de 11 de maio de 2024, s\u00e3o guias valiosos e sinais de esperan\u00e7a para compreendermos o plano divino na realidade atual em que vivemos, nos movemos e existimos.<\/p>\n\n\n\n<p><strong><em>1. O Sonho de Deus<\/em><\/strong><\/p>\n\n\n\n<p>Deus sonha com um mundo onde todos sejam correspons\u00e1veis na constru\u00e7\u00e3o do seu Reino, vivendo em comunh\u00e3o, paz, justi\u00e7a e amor<a href=\"#_ftn1\" id=\"_ftnref1\"><sup>[1]<\/sup><\/a>. Um mundo onde n\u00e3o haja nem sofrimento, nem pobreza, nem guerra. Um mundo em que cada pessoa realize plenamente os dons e carismas que recebeu para viver a alian\u00e7a com o Criador<a href=\"#_ftn2\" id=\"_ftnref2\"><sup>[2]<\/sup><\/a>. Esse sonho, presente desde sempre na Sagrada Escritura, revela-se na pessoa de Jesus Cristo, Filho de Deus vivo, abrindo-nos ao infinito amor misericordioso de Deus por cada um de n\u00f3s<a href=\"#_ftn3\" id=\"_ftnref3\"><sup>[3]<\/sup><\/a>.<\/p>\n\n\n\n<p>Eis o convite que o Papa Francisco nos faz enquanto Igreja, quando diz: \u201cOlhemos para Jesus! (&#8230;) Reconhe\u00e7amos a nossa fragilidade, mas deixemos que Jesus a tome nas suas m\u00e3os e nos lance para a miss\u00e3o. Somos fr\u00e1geis, mas portadores dum tesouro que nos faz grandes e pode tornar melhores e mais felizes aqueles que o recebem. A ousadia e a coragem apost\u00f3lica s\u00e3o constitutivas da miss\u00e3o\u201d<a href=\"#_ftn4\" id=\"_ftnref4\"><sup>[4]<\/sup><\/a>.<\/p>\n\n\n\n<p><strong><em>2. O Sonho para a Nossa Realidade<\/em><\/strong><\/p>\n\n\n\n<p>O sonho para a nossa realidade, ser\u00e1 sempre uma op\u00e7\u00e3o mission\u00e1ria \u201ccapaz de transformar tudo, para que os costumes, os estilos, os hor\u00e1rios, a linguagem e toda a estrutura eclesial se tornem um canal proporcionado mais \u00e0 evangeliza\u00e7\u00e3o do mundo atual que \u00e0 autopreserva\u00e7\u00e3o\u201d<a href=\"#_ftn5\" id=\"_ftnref5\"><sup>[5]<\/sup><\/a>.<\/p>\n\n\n\n<p>Para compreendermos o sonho de Deus no <em>hoje da nossa realidade<\/em>, \u00e9 urgente ter presente a realidade humana, social, cultural e eclesial em que vivemos, pois \u201ca Igreja, na sua rela\u00e7\u00e3o com o mundo e cultura atuais enfrenta grandes desafios e reclama-se um outro modo de presen\u00e7a, onde se acolhe e se escuta\u201d<a href=\"#_ftn6\" id=\"_ftnref6\"><sup>[6]<\/sup><\/a>.<\/p>\n\n\n\n<p>Por isso, \u00e9 necess\u00e1rio iniciar processos e caminhos de renova\u00e7\u00e3o e de reforma, seja pela convers\u00e3o pessoal de cada batizado, seja pela renova\u00e7\u00e3o das estruturas, seja pela escuta atenta do que o Esp\u00edrito diz \u00e0 Igreja de Aveiro, conforme nos indicou o processo de consulta Sinodal da nossa Diocese<a href=\"#_ftn7\" id=\"_ftnref7\"><sup>[7]<\/sup><\/a>.<\/p>\n\n\n\n<p>Todos temos os nossos sonhos, mas o mundo de hoje enfrenta diversos desafios, tais como a desigualdade social, a degrada\u00e7\u00e3o ambiental, a fragiliza\u00e7\u00e3o dos valores familiares e a crise de f\u00e9, aos quais devemos contribuir de modo vital para mostrar o caminho da alegria e da esperan\u00e7a que se renova em Jesus Cristo<a href=\"#_ftn8\" id=\"_ftnref8\"><sup>[8]<\/sup><\/a>.<\/p>\n\n\n\n<p>No contexto espec\u00edfico da nossa Diocese, podemos identificar desafios como a diminui\u00e7\u00e3o do n\u00famero de fi\u00e9is, a pouca pr\u00e1tica religiosa, o envelhecimento da popula\u00e7\u00e3o, o n\u00famero crescente de imigrantes e a dificuldade de cada crist\u00e3o em comprometer-se e sentir-se correspons\u00e1vel na vida e miss\u00e3o da Igreja. Perante esta realidade n\u00e3o devemos ceder na miss\u00e3o de anunciar a Boa-Nova, mas estar dispon\u00edveis para um caminho de rejuvenescimento, forma\u00e7\u00e3o, renova\u00e7\u00e3o, revitaliza\u00e7\u00e3o e convers\u00e3o \u00e0 l\u00f3gica do Reino na igreja diocesana, na qual n\u00e3o podemos enfrentar a realidade com sentimentos negativos, nem nos fecharmos nos muros das nossas Igrejas, pois \u00e9 necess\u00e1rio atualizar \u201co sonho\u201d, o que implica estar preparados para acolher as surpresas de um caminho, onde todos e tudo deve ser considerado (cfr. Mt 1, 20) para bem da miss\u00e3o confiada a esta Igreja particular<a href=\"#_ftn9\" id=\"_ftnref9\"><sup>[9]<\/sup><\/a>.&nbsp;<\/p>\n\n\n\n<p><strong><em>3. Um Sonho Vivo e Din\u00e2mico<\/em><\/strong><\/p>\n\n\n\n<p>Diante dos desafios presentes na nossa realidade diocesana, o sonho de Deus atualiza-se e torna-se ainda mais relevante. \u00c9 preciso que a Igreja, como comunidade de f\u00e9, se envolva na constru\u00e7\u00e3o de um mundo mais justo e fraterno, \u00e0 luz do Evangelho<a href=\"#_ftn10\" id=\"_ftnref10\"><sup>[10]<\/sup><\/a>.<\/p>\n\n\n\n<p>Queremos corresponder ao sonho de Deus, e, para isso, s\u00e3o necess\u00e1rias a\u00e7\u00f5es concretas e transformadoras, sendo fundamental que a Igreja promova a justi\u00e7a social, defenda os mais vulner\u00e1veis, cuide da Casa Comum, atenda \u00e0s realidades e transforma\u00e7\u00f5es culturais e ao di\u00e1logo inter-religioso, mas, acima de tudo, que a Igreja de Aveiro se renove. Logo, temos de fazer op\u00e7\u00f5es pastorais que estimulem e consciencializem a todos no papel premente e importante da corresponsabilidade ministerial, na presen\u00e7a eclesial no territ\u00f3rio e nos organismos e pessoas que s\u00e3o rosto da igreja diocesana<a href=\"#_ftn11\" id=\"_ftnref11\"><sup>[11]<\/sup><\/a>.<\/p>\n\n\n\n<p><strong><em>4. Cristo Ressuscitado<\/em><\/strong><\/p>\n\n\n\n<p>Como refere o Papa Francisco, Deus \u00e9 especialista em transformar crises em sonhos, pois Ele abre as crises a novas perspectivas que n\u00e3o imagin\u00e1vamos antes, talvez n\u00e3o como esperamos nem idealizamos, mas como Ele sabe e nos desperta<a href=\"#_ftn12\" id=\"_ftnref12\"><sup>[12]<\/sup><\/a>. Na P\u00e1scoa, somos convidados a fazer este caminho dos sonhos, um caminho novo, tal como nos despertam a viver os disc\u00edpulos de Ema\u00fas. Um caminho de encontro com Cristo Ressuscitado que nos desafia, como seus disc\u00edpulos mission\u00e1rios, a testemunhar com entusiasmo o encontro com Ele e a reconhec\u00ea-lo ao partir do P\u00e3o.<\/p>\n\n\n\n<p>Somos chamados a viver este sonho de Deus, confiando com esperan\u00e7a no horizonte que se abre \u00e0 Igreja diocesana, sempre cheio de caminhos belos e surpreendentes ao viver o esplendor da ressurrei\u00e7\u00e3o, para a Igreja sinodal em miss\u00e3o<a href=\"#_ftn13\" id=\"_ftnref13\"><sup>[13]<\/sup><\/a>.<\/p>\n\n\n\n<h2 class=\"wp-block-heading has-white-color has-vivid-cyan-blue-background-color has-text-color has-background has-link-color wp-elements-010c0005789541d85625bc5ea52458bf\"><a><\/a><strong>4. FUNDAMENTA\u00c7\u00c3O B\u00cdBLICA<\/strong><\/h2>\n\n\n\n<p><a><\/a>Deus caminha conosco, sempre, e a experi\u00eancia dos disc\u00edpulos de Ema\u00fas (Lc 24, 13-35) iluminam o caminho de cada um de n\u00f3s, \u00e0 luz do encontro com Jesus ressuscitado. Eles vivem essa alegria do encontro com Jesus, depois de passarem pelo des\u00e2nimo, pela falta de esperan\u00e7a e pela experi\u00eancia da perda<a href=\"#_ftn14\" id=\"_ftnref14\"><sup>[14]<\/sup><\/a>.<\/p>\n\n\n\n<p><a><\/a>O projeto diocesano para este tri\u00e9nio, tem como sentido \u00faltimo, ajudar todos a viverem radiantes a alegria do encontro com Cristo Ressuscitado, de modo que O possamos reconhecer em todas as realidades diocesanas e comunit\u00e1rias, tal como nos refere o papa Francisco:<\/p>\n\n\n\n<p><a><\/a><em>\u201c<\/em><em>Cada um de n\u00f3s encontrou o Senhor e tem dificuldade de falar sobre isto. Cada um de n\u00f3s poderia dizer muito sobre isto: ver como o Senhor nos tocou, e partilh\u00e1-lo: n\u00e3o querendo ser um mestre para os outros, mas partilhando os momentos \u00fanicos em que percebemos o Senhor vivo e pr\u00f3ximo, que acendeu a alegria nos nossos cora\u00e7\u00f5es ou enxugou as nossas l\u00e1grimas, que transmitiu confian\u00e7a e consola\u00e7\u00e3o, for\u00e7a e entusiasmo, ou perd\u00e3o, ternura. Estes encontros, que cada um de n\u00f3s teve com Jesus, devem ser partilhados e transmitidos. \u00c9 importante faz\u00ea-lo na fam\u00edlia, na comunidade, com os amigos.<\/em><em>\u201d<\/em><\/p>\n\n\n\n<p>O modelo de vida e a\u00e7\u00e3o pastoral \u00e9 aquele que permite uma maior fidelidade a Jesus, ao seu Evangelho e ao seu modo de agir: caminhar com as pessoas, conhecer a realidade das suas vidas, seus problemas e anseios, para lhes anunciar a salva\u00e7\u00e3o, pois &#8220;quantos se deixam salvar por Ele s\u00e3o libertados do pecado, da tristeza, do vazio interior, do isolamento. Com Jesus Cristo, renasce sem cessar a alegria&#8221; (EG 1).<\/p>\n\n\n\n<p>Assim sendo, o epis\u00f3dio dos disc\u00edpulos de Ema\u00fas (Lc 24, 13-35) ajudar-nos-\u00e1 a enquadrar biblicamente os objetivos deste ano e do tri\u00e9nio, em termos de <strong>m\u00e9todo<\/strong> &#8211; f<em>azer caminho, escutar, discernir, formar, enviar<\/em> &#8211; e de<strong> fundamento<\/strong> &#8211; &#8220;quando nos reunimos no seu amor Ele nos explica o sentido das Escrituras e nos reparte o p\u00e3o da vida&#8221;. Jesus n\u00e3o \u00e9 apenas Aquele que caminha sempre connosco, mas tamb\u00e9m Aquele que conduz o nosso caminho. \u00c9 Ele o pastor que nos guia, \u00e9 Ele o mestre que ensina os disc\u00edpulos e ajuda-os a encontrar o sentido para a vida, tal como nos recorda o papa Francisco: \u201cCristo ressuscitado \u00e9 Aquele-que-parte-o-p\u00e3o e, simultaneamente, o P\u00e3o-partido-para-n\u00f3s. E, por conseguinte, cada disc\u00edpulo mission\u00e1rio \u00e9 chamado a tornar-se, como Jesus e n\u2019Ele, gra\u00e7as \u00e0 a\u00e7\u00e3o do Esp\u00edrito Santo, aquele-que-parte-o-p\u00e3o e aquele-que-\u00e9-p\u00e3o-partido para o mundo\u201d<a href=\"#_ftn15\" id=\"_ftnref15\"><sup>[15]<\/sup><\/a>.<\/p>\n\n\n\n<p>A viagem para este tri\u00e9nio ser\u00e1 a maior riqueza da vida diocesana e o maior tesouro, na medida em que deixamos Ele entrar para ficar connosco, presidindo \u00e0s nossas vidas e \u00e0s nossas comunidades, mas tamb\u00e9m viver com o cora\u00e7\u00e3o ardente, colocando os p\u00e9s ao caminho.<\/p>\n\n\n\n<p>No repartir do P\u00e3o, na Eucaristia, vivemos o encontro com Jesus vivo e presente, sacrif\u00edcio e doa\u00e7\u00e3o, luz e amor, para fazermos um caminho onde se renovam todas as coisas a partir d\u2019Ele. Somos caminho no Caminho, onde arde nos cora\u00e7\u00f5es dos fi\u00e9is o Lume Novo, a P\u00e1scoa de Jesus, para vivermos \u201cexultantes de alegria\u201d (Salmo 126,3).<\/p>\n\n\n\n<h2 class=\"wp-block-heading has-white-color has-vivid-cyan-blue-background-color has-text-color has-background has-link-color wp-elements-46e2e096be281f871edf60558733b0cd\"><strong>5. IMAGEM E COMUNICA\u00c7\u00c3O<\/strong><\/h2>\n\n\n\n<p>Mel | Colmeia | Favos | Abelhas &#8211;<a href=\"http:\/\/diocese-aveiro.pt\/v3\/wp-content\/uploads\/2024\/10\/DEUS_CAMINHA_CONNOSCO.pdf\"> (descarregue imagem)<\/a><\/p>\n\n\n\n<p>O est\u00edmulo a empreender este caminho de corresponsabilidade, sinodalidade e ministerialidade, \u00e9 para ser vivido com ardor, laboriosidade e comunh\u00e3o. Assim, somos todos convidados, a viver e a sermos, a diocese de Aveiro e suas comunidades, como colmeias, respondendo aos apelos da Igreja neste tempo, recuperando a vitalidade da vida crist\u00e3 e o desenvolvimento integral da pessoa humana<a href=\"#_ftn16\" id=\"_ftnref16\"><sup>[16]<\/sup><\/a>.<\/p>\n\n\n\n<p><strong>1. O mel, s\u00edmbolo de Cristo<\/strong><\/p>\n\n\n\n<p>O mel produzido pelas abelhas na colmeia \u00e9, frequentemente, considerado um s\u00edmbolo do pr\u00f3prio Cristo. A sua do\u00e7ura e pureza aludem \u00e0 natureza divina de Jesus, enquanto o seu poder curativo e nutritivo representa a salva\u00e7\u00e3o e a gra\u00e7a<a href=\"#_ftn17\" id=\"_ftnref17\"><sup>[17]<\/sup><\/a>.<\/p>\n\n\n\n<p><strong>2. A Igreja e os Crist\u00e3os<\/strong><\/p>\n\n\n\n<p>A colmeia \u00e9 uma met\u00e1fora para falar da Igreja. Nesta, existe a coopera\u00e7\u00e3o da comunidade na vida dos fi\u00e9is, tal como o trabalho das abelhas. Estas tiram das flores apenas o que serve para o mel, tal como recorda S\u00e3o Bas\u00edlio: \u201cComo as abelhas sabem tirar das flores o mel, diferenciando-se dos outros animais que se limitam a gozar do perfume e da cor das flores (&#8230;). Elas n\u00e3o v\u00e3o indistintamente a todas as flores, nem sequer procuram tirar tudo das flores nas quais pousam, mas tiram s\u00f3 o que serve para a elabora\u00e7\u00e3o do mel, e deixam o resto\u201d<a href=\"#_ftn18\" id=\"_ftnref18\"><sup>[18]<\/sup><\/a>.&nbsp; A colmeia remete-nos para a Igreja, organizada e ordenada, com todo o Povo de Deus, a desempenhar as suas fun\u00e7\u00f5es e minist\u00e9rios para viver com f\u00e9, esperan\u00e7a e caridade.<\/p>\n\n\n\n<p><strong>3. Comunidades<\/strong><\/p>\n\n\n\n<p>Os favos de mel representam a presen\u00e7a e participa\u00e7\u00e3o na constru\u00e7\u00e3o e revitaliza\u00e7\u00e3o da igreja local, de forma que nos tornemos cada vez mais fam\u00edlias de fam\u00edlias e comunidade de comunidades, capazes de partilhar juntos os dons, carismas e minist\u00e9rios, respondendo todos \u00e0 sua voca\u00e7\u00e3o batismal, assumindo um papel mais ativo, para sermos uma Igreja que seja sinal de comunh\u00e3o.&nbsp; Assim, a colmeia ser\u00e1 fortalecida por haver um maior e melhor entrosamento entre todos &#8211; grupos, movimentos, par\u00f3quias, arciprestados e dioceses -, em \u201cque todos se sintam parte integrante de uma Igreja viva e onde possam dispor e render os dons recebidos\u201d<a href=\"#_ftn19\" id=\"_ftnref19\"><sup>[19]<\/sup><\/a>.&nbsp;<\/p>\n\n\n\n<p><strong>4. Virtudes e qualidades crist\u00e3s<\/strong><\/p>\n\n\n\n<p>As abelhas s\u00e3o conhecidas por serem laboriosas, diligentes e cooperantes, o que radica a vida crist\u00e3, no discipulado mission\u00e1rio, em que n\u00e3o somos apenas chamados a seguir Jesus no seu agir, no seu estilo de vida, no seu minist\u00e9rio, mas a tomar a cruz e segui-lO (cfr. Mc 8,34).<\/p>\n\n\n\n<p><strong>5. Ressurrei\u00e7\u00e3o<\/strong><\/p>\n\n\n\n<p>A colmeia, constitu\u00edda por hex\u00e1gonos, \u00e9 fruto do trabalho das abelhas, reportando-nos para o C\u00edrio Pascal, produzido com o mel das abelhas, onde a cria\u00e7\u00e3o torna-se portadora dessa luz, que \u00e9 Cristo Ressuscitado, a Luz da P\u00e1scoa Florida. Quando o n\u00e9ctar se transforma em mel, pode ser considerado como uma met\u00e1fora da transforma\u00e7\u00e3o do corpo f\u00edsico durante a ressurrei\u00e7\u00e3o da morte para a vida eterna.<br><\/p>\n\n\n\n<h2 class=\"wp-block-heading has-white-color has-vivid-cyan-blue-background-color has-text-color has-background has-link-color wp-elements-3853a5b1e7e6fdf10212fe6f0462285f\"><a><\/a><strong>6. LINHAS ORIENTADORAS PARA REPENSAR A VIDA DIOCESANA<\/strong><\/h2>\n\n\n\n<p>\u00abA Igreja deve aprofundar a consci\u00eancia de si mesma, meditar sobre o seu pr\u00f3prio mist\u00e9rio (&#8230;). Desta consci\u00eancia esclarecida e operante deriva espontaneamente um desejo de comparar a imagem ideal da Igreja, tal como Cristo a viu, quis e amou, ou seja, como sua Esposa santa e imaculada (<em>Ef <\/em>5,27), com o rosto real que a Igreja apresenta hoje. (\u2026) Em consequ\u00eancia disso, surge uma necessidade generosa e quase impaciente de renova\u00e7\u00e3o, isto \u00e9, de emenda dos defeitos, que aquela consci\u00eancia denuncia e rejeita, como se fosse um exame interior ao espelho do modelo que Cristo nos deixou de si mesmo\u00bb (<em>EG<\/em> 26).<\/p>\n\n\n\n<p>Papa Francisco<\/p>\n\n\n\n<p><a><\/a><strong>6.1. Objetivo geral<\/strong><\/p>\n\n\n\n<p>O Projeto pastoral diocesano de 2024-2027 tem como objetivo geral:<\/p>\n\n\n\n<p><strong>Promover e animar<\/strong><\/p>\n\n\n\n<p><strong>processos de corresponsabilidade e ministerialidade<\/strong><\/p>\n\n\n\n<p><strong>para uma identidade crist\u00e3 numa Igreja sinodal.<\/strong><\/p>\n\n\n\n<p><a><\/a><strong>6.2. Objetivos <\/strong><strong>pastorais do tri\u00e9nio 2024-2027<\/strong><\/p>\n\n\n\n<ol class=\"wp-block-list\" start=\"1\">\n<li>Dinamizar as <strong>caminhadas do Advento\/Natal e Quaresma\/P\u00e1scoa <\/strong>na busca e viv\u00eancia da identidade crist\u00e3: <em>ser disc\u00edpulo mission\u00e1rio de Cristo ressuscitado<\/em>.<\/li>\n\n\n\n<li><strong>Viver o Ano Jubilar na Diocese, assumindo e vivendo a esperan\u00e7a como raiz da identidade crist\u00e3.<\/strong><\/li>\n\n\n\n<li><strong>Implementar o novo itiner\u00e1rio catequ\u00e9tico, assumindo e vivendo a f\u00e9 como raiz da identidade crist\u00e3.<\/strong><\/li>\n\n\n\n<li>Instituir o <strong>servi\u00e7o da<\/strong> <strong>anima\u00e7\u00e3o s\u00f3cio-caritativa,<\/strong> assumindo a caridade como raiz da identidade crist\u00e3.<\/li>\n\n\n\n<li>Reavivar <strong>o dom do amor e do servi\u00e7o no seio da fam\u00edlia<\/strong>, enquanto Igreja dom\u00e9stica.<\/li>\n\n\n\n<li>Promover a fraternidade sem fronteiras, repensando <strong>o acolhimento eclesial <\/strong>diocesano e das suas comunidades.<\/li>\n\n\n\n<li>Viver os <strong>75 anos do semin\u00e1rio (14-11-1951),<\/strong> promovendo uma verdadeira cultura vocacional.<\/li>\n\n\n\n<li><strong>Sensibilizar o povo de Deus e formar os agentes de pastoral, na corresponsabilidade, ministerialidade e sinodalidade.<\/strong><\/li>\n\n\n\n<li><strong>Organizar, discernir e implementar novas formas de presen\u00e7a da Igreja no territ\u00f3rio, considerando novos minist\u00e9rios, servi\u00e7os e processos de discernimento e decis\u00e3o.<\/strong><\/li>\n\n\n\n<li><strong>Conhecer os agentes de pastoral da nossa diocese e o seu perfil, a partir das v\u00e1rias estruturas de corresponsabilidade e organiza\u00e7\u00e3o pastoral.<\/strong><\/li>\n\n\n\n<li><strong>Repensar e reformar a C\u00faria diocesana.<\/strong><\/li>\n\n\n\n<li><strong>Cuidar da Casa Comum<\/strong>, promovendo nas comunidades crist\u00e3s e nos respetivos espa\u00e7os, uma efetiva convers\u00e3o ecol\u00f3gica e sugerir caminhos de atua\u00e7\u00e3o concreta com vista a uma ecologia integral.<\/li>\n\n\n\n<li><strong>Valorizar o Dia do Senhor<\/strong>, recordando que a participa\u00e7\u00e3o dos fi\u00e9is na celebra\u00e7\u00e3o da Eucaristia dominical \u00e9 um testemunho de perten\u00e7a e fidelidade a Cristo e \u00e0 sua Igreja.<\/li>\n\n\n\n<li><strong>Evangelizar o povo de Deus,<\/strong> procurando atrav\u00e9s dos <strong>meios de comunica\u00e7\u00e3o social<\/strong> a promo\u00e7\u00e3o da dignidade humana e da comunh\u00e3o eclesial.<\/li>\n\n\n\n<li>Implementar a\u00e7\u00f5es no <strong>\u00e2mbito da pastoral juvenil,<\/strong> onde os jovens sejam testemunhas de Cristo ressuscitado, levando o Evangelho aos outros jovens.<\/li>\n<\/ol>\n\n\n\n<p><strong>6.3. Objetivos pastorais para o ano 2024-2025<\/strong><\/p>\n\n\n\n<ol class=\"wp-block-list\">\n<li>Viver o Ano Jubilar na Diocese, assumindo e vivendo a esperan\u00e7a como raiz da identidade crist\u00e3.<\/li>\n\n\n\n<li>Implementar o novo itiner\u00e1rio catequ\u00e9tico, assumindo e vivendo a f\u00e9 como raiz da identidade crist\u00e3.<\/li>\n\n\n\n<li>Sensibilizar o povo de Deus e formar os agentes de pastoral, na corresponsabilidade, ministerialidade e sinodalidade.<\/li>\n\n\n\n<li>Organizar, discernir e implementar novas formas de presen\u00e7a da Igreja no territ\u00f3rio, considerando novos minist\u00e9rios, servi\u00e7os e processos de discernimento e decis\u00e3o.<\/li>\n\n\n\n<li>Conhecer os agentes de pastoral da nossa diocese e o seu perfil, a partir das v\u00e1rias estruturas de corresponsabilidade e organiza\u00e7\u00e3o pastoral.<\/li>\n\n\n\n<li>Repensar e reformar a C\u00faria diocesana.<\/li>\n<\/ol>\n\n\n\n<p class=\"has-white-color has-vivid-cyan-blue-background-color has-text-color has-background has-link-color wp-elements-de9782d9b75545df78f214177470c0a0\"><strong>7. \u00b4CALEND\u00c1RIO DIOCESANO<\/strong><\/p>\n\n\n\n<figure class=\"wp-block-table\"><table><tbody><tr><td colspan=\"3\"><strong>&nbsp;OUTUBRO 2024<\/strong><\/td><\/tr><tr><td>5<\/td><td>s\u00e1b<\/td><td>Abertura do Ano Pastoral<\/td><\/tr><tr><td>6<\/td><td>dom<\/td><td>Semana Nacional da Educa\u00e7\u00e3o Crist\u00e3 [at\u00e9 dia 13]<\/td><\/tr><tr><td>12<\/td><td>s\u00e1b<\/td><td>Forma\u00e7\u00e3o \u201cComunicar (com) Esperan\u00e7a\u201d<\/td><\/tr><tr><td>18<\/td><td>sex<\/td><td>Vig\u00edlia de Ora\u00e7\u00e3o pelas Miss\u00f5es<\/td><\/tr><tr><td>20<\/td><td>dom<\/td><td>Dia Mundial das Miss\u00f5es<\/td><\/tr><tr><td colspan=\"3\">&nbsp;<\/td><\/tr><tr><td colspan=\"3\"><strong>&nbsp;NOVEMBRO 2024<\/strong><\/td><\/tr><tr><td>03<\/td><td>dom<\/td><td>Semana de ora\u00e7\u00e3o pelos Semin\u00e1rios [at\u00e9 dia 10]<\/td><\/tr><tr><td>08<\/td><td>sex<\/td><td>Vig\u00edlia de ora\u00e7\u00e3o pelos Semin\u00e1rios<\/td><\/tr><tr><td>09<\/td><td>s\u00e1b<\/td><td>Ministros Extraordin\u00e1rios da Comunh\u00e3o &#8211; forma\u00e7\u00e3o<\/td><\/tr><tr><td>16<\/td><td>s\u00e1b<\/td><td>\u201cCorresponsabilidade, sinodalidade e minist\u00e9rios. Formar para a Renova\u00e7\u00e3o\u201d \u2013 Jornada de forma\u00e7\u00e3o<\/td><\/tr><tr><td>17<\/td><td>dom<\/td><td>Dia Mundial do Pobre<\/td><\/tr><tr><td>23<\/td><td>s\u00e1b<\/td><td>Celebra\u00e7\u00e3o diocesana do Dia Mundial da Juventude<\/td><\/tr><tr><td>23<\/td><td>s\u00e1b<\/td><td>Ministros Extraordin\u00e1rios da Comunh\u00e3o &#8211; forma\u00e7\u00e3o<\/td><\/tr><tr><td colspan=\"3\">&nbsp;<\/td><\/tr><tr><td colspan=\"3\"><strong>DEZEMBRO 2024<\/strong><\/td><\/tr><tr><td>01<\/td><td>dom<\/td><td>Domingo I do Advento &#8211; D. Ant\u00f3nio Moiteiro celebra na S\u00e9 [19h]<\/td><\/tr><tr><td>02<\/td><td>seg<\/td><td>Recole\u00e7\u00e3o do clero<\/td><\/tr><tr><td>21<\/td><td>s\u00e1b<\/td><td>Partilha diocesana da Luz da Paz de Bel\u00e9m<\/td><\/tr><tr><td>29<\/td><td>dom<\/td><td>Abertura Solene do Ano Jubilar &#8211; Porta Santa &#8211; S\u00e9<\/td><\/tr><tr><td colspan=\"3\">&nbsp;<\/td><\/tr><tr><td colspan=\"3\">&nbsp;<\/td><\/tr><tr><td colspan=\"3\"><strong>JANEIRO 2025<\/strong><\/td><\/tr><tr><td>26<\/td><td>dom<\/td><td>Jubileu dos Di\u00e1conos Domingo da Palavra de Deus<\/td><\/tr><tr><td>28<\/td><td>ter<\/td><td>Forma\u00e7\u00e3o interdiocesana do Clero [at\u00e9 dia 30]<\/td><\/tr><tr><td colspan=\"3\">&nbsp;<\/td><\/tr><tr><td colspan=\"3\"><strong>FEVEREIRO 2025<\/strong><\/td><\/tr><tr><td>2<\/td><td>dom<\/td><td>Jubileu dos Consagrados<\/td><\/tr><tr><td colspan=\"3\">&nbsp;<\/td><\/tr><tr><td colspan=\"3\"><strong>MAR\u00c7O 2025<\/strong><\/td><\/tr><tr><td>5<\/td><td>qua<\/td><td>Quarta-feira de Cinzas<\/td><\/tr><tr><td>5<\/td><td>qua<\/td><td>Recole\u00e7\u00e3o do Clero<\/td><\/tr><tr><td>8<\/td><td>s\u00e1b<\/td><td>Peregrina\u00e7\u00e3o diocesana a F\u00e1tima<\/td><\/tr><tr><td>9<\/td><td>dom<\/td><td>Domingo I da Quaresma &#8211; D. Ant\u00f3nio Moiteiro celebra na S\u00e9 [19h] com inscri\u00e7\u00e3o de catec\u00famenos para batismo<\/td><\/tr><tr><td>22<\/td><td>sab<\/td><td>Jubileu dos Agentes\/Educadores Crist\u00e3os<\/td><\/tr><tr><td>24<\/td><td>seg<\/td><td>250 anos da execu\u00e7\u00e3o do breve <em>Militantis Ecclesiae gubernacula<\/em> [institui\u00e7\u00e3o da diocese de Aveiro] e eleva\u00e7\u00e3o da Igreja da Miseric\u00f3rdia a catedral de Aveiro<\/td><\/tr><tr><td>28<\/td><td>sex<\/td><td>24 horas para o Senhor<\/td><\/tr><tr><td colspan=\"3\">&nbsp;<\/td><\/tr><tr><td colspan=\"3\"><strong>ABRIL 2025<\/strong><\/td><\/tr><tr><td>6<\/td><td>dom<\/td><td>Jubileu dos Doentes<\/td><\/tr><tr><td>13<\/td><td>dom<\/td><td>Domingo de Ramos na Paix\u00e3o do Senhor<\/td><\/tr><tr><td>17<\/td><td>qui<\/td><td>Missa Crismal Quinta-feira Santa<\/td><\/tr><tr><td>18<\/td><td>sex<\/td><td>Sexta-feira Santa<\/td><\/tr><tr><td>19<\/td><td>s\u00e1b<\/td><td>S\u00e1bado Santo<\/td><\/tr><tr><td>20<\/td><td>dom<\/td><td>Domingo de P\u00e1scoa<\/td><\/tr><tr><td colspan=\"3\">&nbsp;<\/td><\/tr><tr><td colspan=\"3\"><strong>MAIO 2025<\/strong><\/td><\/tr><tr><td>4<\/td><td>dom<\/td><td>Semana de ora\u00e7\u00e3o pelas Voca\u00e7\u00f5es [at\u00e9 dia 11]<\/td><\/tr><tr><td>10<\/td><td>s\u00e1b<\/td><td>Jubileu da Crian\u00e7a e do Adolescente<\/td><\/tr><tr><td>11<\/td><td>dom<\/td><td>Domingo do Bom Pastor<\/td><\/tr><tr><td>12<\/td><td>seg<\/td><td>Dia de Santa Joana Princesa, padroeira da diocese<\/td><\/tr><tr><td>18<\/td><td>dom<\/td><td>B\u00ean\u00e7\u00e3o de Finalistas<\/td><\/tr><tr><td>26<\/td><td>seg<\/td><td>Semana Nacional da disciplina de EMRC<\/td><\/tr><tr><td colspan=\"3\">&nbsp;<\/td><\/tr><tr><td colspan=\"3\"><strong>JUNHO 2025<\/strong><\/td><\/tr><tr><td>1<\/td><td>dom<\/td><td>Ascens\u00e3o do Senhor Jubileu das Fam\u00edlias<\/td><\/tr><tr><td>8<\/td><td>dom<\/td><td>Domingo de Pentecostes<\/td><\/tr><tr><td>19<\/td><td>qui<\/td><td>Sant\u00edssimo Corpo e Sangue de Cristo<\/td><\/tr><tr><td>27<\/td><td>sex<\/td><td>Sagrado Cora\u00e7\u00e3o de Jesus Jubileu dos Sacerdotes<\/td><\/tr><tr><td colspan=\"3\">&nbsp;<\/td><\/tr><tr><td colspan=\"3\"><strong>JULHO 2025<\/strong><\/td><\/tr><tr><td>6<\/td><td>dom<\/td><td>Assembleia e Jubileu Diocesano<\/td><\/tr><\/tbody><\/table><\/figure>\n\n\n\n<figure class=\"wp-block-table\"><table><tbody><tr><td colspan=\"3\"><strong>NOVEMBRO 2025<\/strong><\/td><\/tr><tr><td>16<\/td><td>dom<\/td><td>Jubileu dos Pobres<\/td><\/tr><tr><td>23<\/td><td>dom<\/td><td>Jubileu dos Jovens | DMJ<\/td><\/tr><\/tbody><\/table><\/figure>\n\n\n\n<figure class=\"wp-block-table\"><table><tbody><tr><td colspan=\"3\"><strong>DEZEMBRO 2025<\/strong><\/td><\/tr><tr><td>14<\/td><td>qui<\/td><td>Jubileu dos Reclusos<\/td><\/tr><tr><td>28<\/td><td>dom<\/td><td>Encerramento do Ano Santo na Diocese &#8211; S\u00e9<\/td><\/tr><\/tbody><\/table><\/figure>\n\n\n\n<hr class=\"wp-block-separator has-alpha-channel-opacity\"\/>\n\n\n\n<p><a href=\"#_ftnref1\" id=\"_ftn1\"><sup>[1]<\/sup><\/a> <em>RSi<\/em>, n.1a: \u201cUm fruto inestim\u00e1vel \u00e9 a acrescida consci\u00eancia da nossa identidade de Povo fiel de Deus, dentro do qual cada um \u00e9 portador de uma dignidade que deriva do Batismo e \u00e9 chamado \u00e0 corresponsabilidade pela miss\u00e3o comum de evangeliza\u00e7\u00e3o\u201c;<\/p>\n\n\n\n<p>Cfr. <em>RCEP<\/em>, n.1.2:a-c.<\/p>\n\n\n\n<p><a href=\"#_ftnref2\" id=\"_ftn2\"><sup>[2]<\/sup><\/a> <em>RSi<\/em>, 8a: \u201cOs sacramentos da inicia\u00e7\u00e3o crist\u00e3 conferem a todos os disc\u00edpulos de Jesus a responsabilidade da miss\u00e3o da Igreja. Leigos e leigas, consagradas e consagrados, e ministros ordenados t\u00eam igual dignidade. Receberam carismas e voca\u00e7\u00f5es diversas e exercem pap\u00e9is e fun\u00e7\u00f5es diferentes, todos eles chamados e nutridos pelo Esp\u00edrito Santo para formar um s\u00f3 corpo em Cristo. Todos disc\u00edpulos, todos mission\u00e1rios, na vitalidade fraterna de comunidades locais que experimentam a suave e confortante alegria de evangelizar. O exerc\u00edcio da corresponsabilidade \u00e9 essencial para a sinodalidade e \u00e9 necess\u00e1rio a todos os n\u00edveis da Igreja. Todo o crist\u00e3o \u00e9 uma miss\u00e3o neste mundo\u201d<\/p>\n\n\n\n<p><a href=\"#_ftnref3\" id=\"_ftn3\"><sup>[3]<\/sup><\/a> <em>RSi<\/em>, n.15:e-f.<\/p>\n\n\n\n<p><a href=\"#_ftnref4\" id=\"_ftn4\"><sup>[4]<\/sup><\/a> <em>GEx<\/em>, n.131.<\/p>\n\n\n\n<p><a href=\"#_ftnref5\" id=\"_ftn5\"><sup>[5]<\/sup><\/a> <em>EG<\/em>, n. 27.<\/p>\n\n\n\n<p><a href=\"#_ftnref6\" id=\"_ftn6\"><sup>[6]<\/sup><\/a> <em>SdA<\/em>, n. 9.<\/p>\n\n\n\n<p><a href=\"#_ftnref7\" id=\"_ftn7\"><sup>[7]<\/sup><\/a> <em>SdA<\/em>, n. 30.<\/p>\n\n\n\n<p><a href=\"#_ftnref8\" id=\"_ftn8\"><sup>[8]<\/sup><\/a> Cfr. <em>RSi, 8d<\/em>;&nbsp; <em>SdA<\/em>, nn. 44-45; <em>RCEP<\/em>, n.4.2:a-d.<\/p>\n\n\n\n<p><a href=\"#_ftnref9\" id=\"_ftn9\"><sup>[9]<\/sup><\/a> cf. <em>RSI<\/em>, n. 14b-e; SdA, n.<\/p>\n\n\n\n<p><a href=\"#_ftnref10\" id=\"_ftn10\"><sup>[10]<\/sup><\/a> cf. <em>RSI<\/em>, n. 4.<\/p>\n\n\n\n<p><a href=\"#_ftnref11\" id=\"_ftn11\"><sup>[11]<\/sup><\/a> Cf. FRANCISCO, Discurso aos participantes na Assembleia Geral do Movimento dos Focolares, 6.2.2021; As crises s\u00e3o uma b\u00ean\u00e7\u00e3o, inclusive no plano natural \u2014 as crises da crian\u00e7a no seu crescimento at\u00e9 \u00e0 maturidade s\u00e3o importantes \u2014 tamb\u00e9m na vida das institui\u00e7\u00f5es. Falei longamente sobre isto no meu recente discurso \u00e0 C\u00faria Romana. H\u00e1 sempre a tenta\u00e7\u00e3o de transformar a crise em conflito. O conflito \u00e9 negativo, pode tornar-se negativo, pode dividir, mas a crise \u00e9 uma oportunidade para crescer. Cada crise \u00e9 chamada a uma nova maturidade; \u00e9 um tempo do Esp\u00edrito, que suscita a exig\u00eancia de realizar uma atualiza\u00e7\u00e3o, sem desanimar perante a complexidade humana e as suas contradi\u00e7\u00f5es.<\/p>\n\n\n\n<p><em>RSi<\/em>, n. 12b-c; 9b-e; SdA, nn. 30-32.<\/p>\n\n\n\n<p><a href=\"#_ftnref12\" id=\"_ftn12\"><sup>[12]<\/sup><\/a> Cfr. FRANCISCO, <em>Angelus<\/em>, 18.12.2022.<\/p>\n\n\n\n<p><a href=\"#_ftnref13\" id=\"_ftn13\"><sup>[13]<\/sup><\/a> Cfr. FRANCISCO, <em>Angelus<\/em>, 18.12.2022.<\/p>\n\n\n\n<p><a href=\"#_ftnref14\" id=\"_ftn14\"><sup>[14]<\/sup><\/a> Cfr. FRANCISCO, <em>Audi\u00eancia geral<\/em>, 7.2.2024.<\/p>\n\n\n\n<p><a href=\"#_ftnref15\" id=\"_ftn15\"><sup>[15]<\/sup><\/a> FRANCISCO, <em>Mensagem para o Dia Mundial das Miss\u00f5es de 2023<\/em>, 6.01.2023, n.2.<\/p>\n\n\n\n<p><a href=\"#_ftnref16\" id=\"_ftn16\"><sup>[16]<\/sup><\/a> JO\u00c3O PAULO II, Visita <em>\u201cAd limina apostolorum<\/em>\u201d aos bispos da B\u00e9lgica, 18.09.1982.<\/p>\n\n\n\n<p><a href=\"#_ftnref17\" id=\"_ftn17\"><sup>[17]<\/sup><\/a> <em>Livro das Horas de Sforza (s\u00e9c. XV); Fresco da Bas\u00edlica de S\u00e3o Clemente em Roma (s\u00e9c. XII); Obra \u201cO apicultor\u201d de Marc Chagall (1958). Em alguns santos, encontram-se refer\u00eancias \u00e0 abelha, nomeadamente em: Santo Ambr\u00f3sio (compara a eloqu\u00eancia de Jesus ao doce n\u00e9ctar da abelha); S\u00e3o Jo\u00e3o Cris\u00f3stomo (usa como met\u00e1fora para a laboriosidade e a organiza\u00e7\u00e3o da Igreja) e S\u00e3o Bernardo de Claraval (considerava a abelha um s\u00edmbolo do Esp\u00edrito Santo).<\/em><em><\/em><\/p>\n\n\n\n<p><a href=\"#_ftnref18\" id=\"_ftn18\"><sup>[18]<\/sup><\/a> S. BAS\u00cdLIO, <em>Oratio ad adolescentes, <\/em>n.4;<\/p>\n\n\n\n<p>PIO XII, 27.11.1948: &#8220;As abelhas s\u00e3o modelos de vida e atividade social, nos quais cada classe tem o dever de realizar e o executa exatamente &#8211; \u00e9 quase tentado a dizer conscienciosamente &#8211; sem inveja, sem rivalidade, na ordem e posi\u00e7\u00e3o atribu\u00edda a cada um com cuidado e amor&#8230; Ah, se os homens pudessem e ouvissem a li\u00e7\u00e3o das abelhas: se cada um soubesse como fazer seu dever di\u00e1rio com ordem e amor no posto atribu\u00eddo a ele pela Provid\u00eancia; se todos soubessem como desfrutar, amar e usar na harmonia \u00edntima da lareira dom\u00e9stica os pequenos tesouros acumulados longe de casa durante seu dia de trabalho: se os homens, com delicadeza, e para falar humanamente, com eleg\u00e2ncia, e tamb\u00e9m, falar como crist\u00e3os, com caridade em suas rela\u00e7\u00f5es com seus semelhantes, s\u00f3 se beneficiassem da verdade e da beleza concebida em suas mentes, da nobreza e bondade transportadas nas profundezas \u00edntimas de seus cora\u00e7\u00f5es, sem ofender por indiscri\u00e7\u00e3o e estupidez, sem sujar a pureza de seu pensamento e seu amor, se eles soubessem como assimilar sem ci\u00fame e orgulho as riquezas adquiridas pelo contato com seus irm\u00e3os e desenvolv\u00ea-las por sua vez por reflex\u00e3o e pelo trabalho de suas pr\u00f3prias mentes e cora\u00e7\u00f5es; se, em uma palavra, eles aprendessem a fazer por intelig\u00eancia e sabedoria o que as abelhas fazem por instinto &#8211; qu\u00e3o melhor o mundo seria.<\/p>\n\n\n\n<p><a id=\"_ftn19\" href=\"#_ftnref19\"><sup>[19]<\/sup><\/a> <em>RCEP<\/em>, III.<\/p>\n\n\n<div class=\"wp-block-image\">\n<figure class=\"aligncenter size-large\"><a href=\"http:\/\/diocese-aveiro.pt\/v3\/wp-content\/uploads\/2024\/10\/DA-_PROJETO-PASTORAL-_2024_27.pdf\"><img fetchpriority=\"high\" decoding=\"async\" width=\"1024\" height=\"578\" src=\"http:\/\/diocese-aveiro.pt\/v3\/wp-content\/uploads\/2024\/10\/apresentacao_01-_16x9-1024x578.jpg\" alt=\"\" class=\"wp-image-2704\" srcset=\"https:\/\/diocese-aveiro.pt\/v3\/wp-content\/uploads\/2024\/10\/apresentacao_01-_16x9-1024x578.jpg 1024w, https:\/\/diocese-aveiro.pt\/v3\/wp-content\/uploads\/2024\/10\/apresentacao_01-_16x9-300x169.jpg 300w, https:\/\/diocese-aveiro.pt\/v3\/wp-content\/uploads\/2024\/10\/apresentacao_01-_16x9-768x433.jpg 768w, https:\/\/diocese-aveiro.pt\/v3\/wp-content\/uploads\/2024\/10\/apresentacao_01-_16x9-1536x867.jpg 1536w, https:\/\/diocese-aveiro.pt\/v3\/wp-content\/uploads\/2024\/10\/apresentacao_01-_16x9-2048x1155.jpg 2048w\" sizes=\"(max-width: 1024px) 100vw, 1024px\" \/><\/a><\/figure>\n<\/div>","protected":false},"excerpt":{"rendered":"<p>PROJETO PASTORAL DA DIOCESE DE AVEIRO | 2024-2027 1. MENSAGEM DO BISPO DIOCESANO Deus caminha connosco Corresponsabilidade, sinodalidade e ministerialidade O Plano de Pastoral para o pr\u00f3ximo tri\u00e9nio (2024-2027) tem tr\u00eas palavras-chave:&nbsp; corresponsabilidade, sinodalidade e ministerialidade. Identificados que est\u00e3o os desafios a ter presentes ao longo deste per\u00edodo, \u00e9 necess\u00e1rio que estes sejam assumidos por todos e levados \u00e0 pr\u00e1tica [&hellip;]<\/p>\n","protected":false},"author":1,"featured_media":2704,"comment_status":"open","ping_status":"open","sticky":false,"template":"","format":"standard","meta":{"pagelayer_contact_templates":[],"_pagelayer_content":"","footnotes":""},"categories":[38,8,11,56,45],"tags":[],"class_list":["post-2703","post","type-post","status-publish","format-standard","has-post-thumbnail","hentry","category-destaque","category-documentos","category-noticias","category-plano-pastoral","category-subsidios"],"_links":{"self":[{"href":"https:\/\/diocese-aveiro.pt\/v3\/wp-json\/wp\/v2\/posts\/2703","targetHints":{"allow":["GET"]}}],"collection":[{"href":"https:\/\/diocese-aveiro.pt\/v3\/wp-json\/wp\/v2\/posts"}],"about":[{"href":"https:\/\/diocese-aveiro.pt\/v3\/wp-json\/wp\/v2\/types\/post"}],"author":[{"embeddable":true,"href":"https:\/\/diocese-aveiro.pt\/v3\/wp-json\/wp\/v2\/users\/1"}],"replies":[{"embeddable":true,"href":"https:\/\/diocese-aveiro.pt\/v3\/wp-json\/wp\/v2\/comments?post=2703"}],"version-history":[{"count":4,"href":"https:\/\/diocese-aveiro.pt\/v3\/wp-json\/wp\/v2\/posts\/2703\/revisions"}],"predecessor-version":[{"id":2711,"href":"https:\/\/diocese-aveiro.pt\/v3\/wp-json\/wp\/v2\/posts\/2703\/revisions\/2711"}],"wp:featuredmedia":[{"embeddable":true,"href":"https:\/\/diocese-aveiro.pt\/v3\/wp-json\/wp\/v2\/media\/2704"}],"wp:attachment":[{"href":"https:\/\/diocese-aveiro.pt\/v3\/wp-json\/wp\/v2\/media?parent=2703"}],"wp:term":[{"taxonomy":"category","embeddable":true,"href":"https:\/\/diocese-aveiro.pt\/v3\/wp-json\/wp\/v2\/categories?post=2703"},{"taxonomy":"post_tag","embeddable":true,"href":"https:\/\/diocese-aveiro.pt\/v3\/wp-json\/wp\/v2\/tags?post=2703"}],"curies":[{"name":"wp","href":"https:\/\/api.w.org\/{rel}","templated":true}]}}