{"id":2069,"date":"2024-02-28T09:01:31","date_gmt":"2024-02-28T09:01:31","guid":{"rendered":"https:\/\/diocese-aveiro.pt\/v3\/?p=2069"},"modified":"2024-02-28T09:01:31","modified_gmt":"2024-02-28T09:01:31","slug":"peregrinacao-jubilar-estarreja-murtosa","status":"publish","type":"post","link":"https:\/\/diocese-aveiro.pt\/v3\/2024\/02\/28\/peregrinacao-jubilar-estarreja-murtosa\/","title":{"rendered":"Peregrina\u00e7\u00e3o Jubilar Estarreja\/Murtosa"},"content":{"rendered":"\n<ol class=\"wp-block-list\">\n<li><strong><\/strong><strong>\u201cEste \u00e9 o Meu Filho muito amado. Escutai-O\u201d:<\/strong><\/li>\n<\/ol>\n\n\n\n<p>&nbsp;&nbsp;&nbsp;&nbsp;&nbsp; \u00abA passagem do Evangelho do Segundo Domingo da Quaresma \u00e9 sempre o relato da Transfigura\u00e7\u00e3o\u00bb, afirma o Diret\u00f3rio Homil\u00e9tico (n. 64), para depois explicar com autoridade: \u00abA<strong> <\/strong>Transfigura\u00e7\u00e3o ocupa um lugar fundamental no tempo da Quaresma, uma vez que todo o<strong> <\/strong>Lecion\u00e1rio Quaresmal \u00e9 um guia que prepara o eleito entre os catec\u00famenos para receber os<strong> <\/strong>sacramentos de inicia\u00e7\u00e3o crist\u00e3 na Vig\u00edlia Pascal, assim como prepara todos os fi\u00e9is para se renovarem<strong> <\/strong>na vida nova para a qual renasceram. Se o primeiro domingo da Quaresma \u00e9 uma recorda\u00e7\u00e3o<strong> <\/strong>particularmente eficaz da solidariedade que Jesus partilha connosco na tenta\u00e7\u00e3o, o segundo<strong> <\/strong>domingo lembra-nos que a gl\u00f3ria fulgurante do corpo de Jesus \u00e9 a mesma gl\u00f3ria que Ele deseja<strong> <\/strong>partilhar com todos os batizados na Sua morte e ressurrei\u00e7\u00e3o\u00bb (n. 67).<\/p>\n\n\n\n<p><strong>&nbsp;&nbsp;&nbsp;&nbsp;&nbsp; <\/strong>O evangelho da Transfigura\u00e7\u00e3o procura responder ao epis\u00f3dio de Cesareia de Filipe com o qual come\u00e7a a segunda parte do Evangelho de Marcos e onde Jesus pergunta aos seus disc\u00edpulos o que pensam dele. Os tr\u00eas an\u00fancios da morte e ressurrei\u00e7\u00e3o de Jesus fazem-nos entrar no mais profundo do Reino de Deus. Jesus cita o profeta Daniel (7,13: <em>contemplando sempre a vis\u00e3o noturna vi aproximar-se, sobre as nuvens do c\u00e9u, um ser semelhante a um Filho do homem<\/em>) onde na sua condi\u00e7\u00e3o humana \u2013 sofrimento e morte \u2013 aceita os planos de Deus, enquanto os disc\u00edpulos n\u00e3o entendem que o Messias tenha de sofrer e morrer.<\/p>\n\n\n\n<p><strong>&nbsp;&nbsp;&nbsp;&nbsp;&nbsp; <\/strong>Na primeira parte do evangelho de S. Marcos o Pai confessa, no Batismo, que Jesus \u00e9 Deus, tal como o possesso\/dem\u00f3nio confessa a divindade de Jesus. Pedro, ao contr\u00e1rio, tem uma conce\u00e7\u00e3o triunfalista de messianismo, aceitando Jesus como Messias iluminado pela f\u00e9, mas n\u00e3o o seu programa de vida. Ele quer dissuadir Jesus e chama-O \u00e0 parte. Jesus, por seu lado, chama-o de Satan\u00e1s, porque tem a tenta\u00e7\u00e3o do poder, do triunfo, tal como os outros disc\u00edpulos que no caminho discutiam qual deles seria o maior, quando o exemplo de Jesus \u00e9 totalmente o contr\u00e1rio (<em>Mc<\/em> 9, 34; 10,35-45)).<\/p>\n\n\n\n<p><strong>&nbsp;&nbsp;&nbsp;&nbsp;&nbsp; <\/strong>Na Transfigura\u00e7\u00e3o o Pai est\u00e1 presente no caminho de Jesus e confirma a sua decis\u00e3o de se dirigir para Jerusal\u00e9m.<\/p>\n\n\n\n<p>2. <strong>Desafios da peregrina\u00e7\u00e3o jubilar \u00e0 Catedral<\/strong><\/p>\n\n\n\n<p>No dia 13 de maio de 2019, no encerramento da visita pastoral ao vosso arciprestado de Estarreja\/Murtosa, desafiei as vossas par\u00f3quias a construirmos a comunh\u00e3o porque todos somos necess\u00e1rios no an\u00fancio do Evangelho, a forma\u00e7\u00e3o crist\u00e3 de todos os batizados, a op\u00e7\u00e3o pelos jovens e a promo\u00e7\u00e3o de voca\u00e7\u00f5es para o matrim\u00f3nio, sacerd\u00f3cio e de consagra\u00e7\u00e3o.<\/p>\n\n\n\n<p>A S\u00edntese sinodal da nossa diocese e na qual existe tamb\u00e9m o vosso contributo, afirma que a Igreja, na sua rela\u00e7\u00e3o com o mundo e cultura atuais enfrenta grandes desafios e reclama-se um outro modo de presen\u00e7a, onde se acolhe e se escuta. O grande desafio \u00e9, pois, testemunhar a alegria e a vontade em viver os desafios do Evangelho num mundo que n\u00e3o se conhece e numa cultura que n\u00e3o se compreende.<\/p>\n\n\n\n<p>\u00c9 necess\u00e1rio criar e implementar projetos de catequese para todas as idades da vida. A catequese de adultos \u00e9 residual e desadequada. A catequese infantil precisa de ter um estilo menos escolar, menos colada ao ano letivo escolar e com a fam\u00edlia mais empenhada na educa\u00e7\u00e3o crist\u00e3 dos seus filhos. A forma\u00e7\u00e3o b\u00edblica tem de ser uma prioridade e n\u00e3o apenas fruto de eventos pontuais e sem crit\u00e9rio. \u00c9 necess\u00e1rio combater a ignor\u00e2ncia religiosa em ordem a um maior revigoramento no compromisso crist\u00e3o.<\/p>\n\n\n\n<p>A corresponsabilidade e a comunh\u00e3o de todos na vida da Igreja constroem-se em processo, no modo como se tomam determinadas atitudes e como se decide. A tomada de decis\u00e3o sobre as op\u00e7\u00f5es pastorais de uma par\u00f3quia deve ser feita com as estruturas de participa\u00e7\u00e3o e corresponsabilidade: conselho econ\u00f3mico e conselho pastoral, escutando e refletindo os contributos de todos os seus membros e n\u00e3o apenas do p\u00e1roco. Onde n\u00e3o existem estes conselhos, \u00e9 urgente que se criem. Dar mais import\u00e2ncia e voz aos conselhos pastorais \u00e9 uma prioridade pastoral.<\/p>\n\n\n\n<p>Tal como Pedro, Tiago e Jo\u00e3o, somos todos chamados a tornar-nos cada vez mais disc\u00edpulos da Transfigura\u00e7\u00e3o, ou seja, disc\u00edpulos do Cristo transfigurado. Somos chamados concretamente a subir frequentemente com Ele ao monte, a \u201centrar na nuvem\u201d do Esp\u00edrito sem medo, e sobretudo a ouvi-lo e a segui-lo como o \u00fanico caminho para o Pai, refletindo constantemente no \u00edntimo da alma sobre todos os mist\u00e9rios de Cristo e a guard\u00e1-los connosco para que tamb\u00e9m n\u00f3s possamos ser transformados, ali\u00e1s, transfigurados com Ele e n\u2019Ele no nosso caminho crist\u00e3o e mission\u00e1rio.<\/p>\n\n\n\n<p>Ao longo do caminho que nos vai levar \u00e0 P\u00e1scoa de Cristo \u00e9 poss\u00edvel encontrar v\u00e1rias pedras: umas materiais, outras espirituais, umas boas, outras nem tanto, mas a verdade \u00e9 que todas fazem parte do caminho e todas nos moldam e preparam para que, fortalecidos, motivados e atentos, procuremos Jesus, tal como refere o Evangelho da Transfigura\u00e7\u00e3o.<\/p>\n\n\n\n<p>Apoiados na pedra angular que \u00e9 Cristo, e sustentados com o seu amor, juntemos todas as pedras do nosso caminho e sejamos verdadeiras pedras vivas desta Igreja que \u00e9 a nossa diocese de Aveiro. E, em alegria, celebraremos a P\u00e1scoa de Cristo Ressuscitado.<\/p>\n\n\n\n<p>Pe\u00e7o a intercess\u00e3o de Nossa Senhora da Gl\u00f3ria, titular da nossa Catedral, da Princesa Santa Joana e de cada um dos padroeiros das vossas par\u00f3quias (Nossa Senhora com as invoca\u00e7\u00f5es da Natividade, Bom Sucesso e Senhora das Areias, Santa Marinha, S\u00e3o Tiago, S\u00e3o Tom\u00e9, S\u00e3o Miguel, S\u00e3o Pedro, S\u00e3o Martinho, S\u00e3o Bartolomeu, S\u00e3o Mateus, Santo Ant\u00f3nio, S\u00e3o Louren\u00e7o, S\u00e3o Paio e S\u00e3o Jacinto), neste caminho que nos vai levar \u00e0 celebra\u00e7\u00e3o da P\u00e1scoa de Cristo Ressuscitado.<\/p>\n\n\n\n<p>Aveiro, 25 de fevereiro de 2024.<\/p>\n\n\n\n<p>+ Ant\u00f3nio Manuel Moiteiro Ramos, Bispo de Aveiro.<\/p>\n","protected":false},"excerpt":{"rendered":"<p>&nbsp;&nbsp;&nbsp;&nbsp;&nbsp; \u00abA passagem do Evangelho do Segundo Domingo da Quaresma \u00e9 sempre o relato da Transfigura\u00e7\u00e3o\u00bb, afirma o Diret\u00f3rio Homil\u00e9tico (n. 64), para depois explicar com autoridade: \u00abA Transfigura\u00e7\u00e3o ocupa um lugar fundamental no tempo da Quaresma, uma vez que todo o Lecion\u00e1rio Quaresmal \u00e9 um guia que prepara o eleito entre os catec\u00famenos para receber os sacramentos de inicia\u00e7\u00e3o [&hellip;]<\/p>\n","protected":false},"author":1,"featured_media":2070,"comment_status":"open","ping_status":"open","sticky":false,"template":"","format":"standard","meta":{"pagelayer_contact_templates":[],"_pagelayer_content":"","footnotes":""},"categories":[46,31],"tags":[],"class_list":["post-2069","post","type-post","status-publish","format-standard","has-post-thumbnail","hentry","category-bispo","category-homilias"],"_links":{"self":[{"href":"https:\/\/diocese-aveiro.pt\/v3\/wp-json\/wp\/v2\/posts\/2069","targetHints":{"allow":["GET"]}}],"collection":[{"href":"https:\/\/diocese-aveiro.pt\/v3\/wp-json\/wp\/v2\/posts"}],"about":[{"href":"https:\/\/diocese-aveiro.pt\/v3\/wp-json\/wp\/v2\/types\/post"}],"author":[{"embeddable":true,"href":"https:\/\/diocese-aveiro.pt\/v3\/wp-json\/wp\/v2\/users\/1"}],"replies":[{"embeddable":true,"href":"https:\/\/diocese-aveiro.pt\/v3\/wp-json\/wp\/v2\/comments?post=2069"}],"version-history":[{"count":1,"href":"https:\/\/diocese-aveiro.pt\/v3\/wp-json\/wp\/v2\/posts\/2069\/revisions"}],"predecessor-version":[{"id":2071,"href":"https:\/\/diocese-aveiro.pt\/v3\/wp-json\/wp\/v2\/posts\/2069\/revisions\/2071"}],"wp:featuredmedia":[{"embeddable":true,"href":"https:\/\/diocese-aveiro.pt\/v3\/wp-json\/wp\/v2\/media\/2070"}],"wp:attachment":[{"href":"https:\/\/diocese-aveiro.pt\/v3\/wp-json\/wp\/v2\/media?parent=2069"}],"wp:term":[{"taxonomy":"category","embeddable":true,"href":"https:\/\/diocese-aveiro.pt\/v3\/wp-json\/wp\/v2\/categories?post=2069"},{"taxonomy":"post_tag","embeddable":true,"href":"https:\/\/diocese-aveiro.pt\/v3\/wp-json\/wp\/v2\/tags?post=2069"}],"curies":[{"name":"wp","href":"https:\/\/api.w.org\/{rel}","templated":true}]}}