{"id":1649,"date":"2024-02-09T16:28:25","date_gmt":"2024-02-09T16:28:25","guid":{"rendered":"https:\/\/diocese-aveiro.pt\/v3\/?p=1649"},"modified":"2024-02-27T16:49:47","modified_gmt":"2024-02-27T16:49:47","slug":"peregrinar-para-a-mudanca-caminhada-quaresmal","status":"publish","type":"post","link":"https:\/\/diocese-aveiro.pt\/v3\/2024\/02\/09\/peregrinar-para-a-mudanca-caminhada-quaresmal\/","title":{"rendered":"PEREGRINAR para a MUDAN\u00c7A \u2013 Caminhada quaresmal"},"content":{"rendered":"\n<p><em>\u201cUma Pedra para o caminho\u2026<br>O caminhante trope\u00e7ou nela.<br>O violento utilizou-a-como proj\u00e9til;<br>O empreendedor construiu com ela.<br>O campon\u00eas cansado utilizou-a como assento.<br>A crian\u00e7a brincou com ela para fazer c\u00edrculos no lago.<br>David com ela matou o gigante Golias.<br>Miguel \u00c2ngelo tirou dela a mais bela escultura.<br>E Deus \u2026 Deus plantou nela uma cruz redentora.<br>E eu \u2026 que farei das pedras que a vida me d\u00e1?\u201d<\/em><\/p>\n\n\n\n<figure class=\"wp-block-image\"><a href=\"http:\/\/www.diocese-aveiro.pt\/v2\/wp-content\/uploads\/2024\/01\/Quaresma-_02.pdf\" target=\"_blank\" rel=\"noreferrer noopener\"><img decoding=\"async\" src=\"http:\/\/www.diocese-aveiro.pt\/v2\/wp-content\/uploads\/2024\/01\/2027.01.2024-_caminhada-1024x557.png\" alt=\"\" class=\"wp-image-23168\"\/><\/a><\/figure>\n\n\n\n<p>01. Introdu\u00e7\u00e3o<\/p>\n\n\n\n<p>O tempo da Quaresma inicia-se como o desafio de uma vez mais caminhar juntos!<\/p>\n\n\n\n<p>Nesta proposta, considera-se a realiza\u00e7\u00e3o de pequenos passos, com o prop\u00f3sito de um enriquecimento pessoal. Quem caminha, f\u00e1-lo na esperan\u00e7a de alcan\u00e7ar a meta, para n\u00f3s Crist\u00e3os, a meta \u00e9 Cristo.<\/p>\n\n\n\n<p>Relembrando a caminhada do Advento, este ano a nossa Diocese vive um Ano Jubilar pois comemora os 600 anos do in\u00edcio da constru\u00e7\u00e3o da Igreja do Mosteiro de Nossa Senhora da Miseric\u00f3rdia, atualmente a nossa Catedral.<\/p>\n\n\n\n<p>Motivados por este acontecimento Diocesano e querendo marcar a viv\u00eancia Quaresmal de uma forma simples, mas simb\u00f3lica, o Departamento da Catequese da nossa Diocese optou por uma proposta que nos ajuda a aproveitar este tempo para a mudan\u00e7a, ou seja, de \u201cmetanoia\u201d (convers\u00e3o da mentalidade).&nbsp;<\/p>\n\n\n\n<p>Tendo em conta o que se proclamar\u00e1 no Domingo de P\u00e1scoa: \u201cJesus aproximou-Se deles e p\u00f4s-Se com eles a caminho\u201d, espera-se que, tamb\u00e9m, cada um de n\u00f3s fa\u00e7a este caminho com Jesus. Ao longo do caminho \u00e9 poss\u00edvel encontrar v\u00e1rias pedras, umas f\u00edsicas, outras espirituais, umas boas, outras nem tanto, mas a verdade \u00e9 que todas fazem parte do caminho e todas nos moldam e preparam para fortalecidos, motivados e atentos, procuremos Jesus.<\/p>\n\n\n\n<p>02. Descri\u00e7\u00e3o da Proposta<\/p>\n\n\n\n<p>Pretende-se que na Igreja haja um local onde est\u00e1 presente a imagem da Catedral (utilizada na Caminhada do Advento) e um caminho (podem ser utilizados materiais diversos, como musgo, areia, milho ou outros). Ao longo das v\u00e1rias semanas dever\u00e3o ser acrescentadas 8 pedras ao caminho, sendo a primeira na Quarta-feira de Cinzas e a \u00faltima no Domingo de P\u00e1scoa (junto \u00e0 Catedral).<\/p>\n\n\n\n<p>Cada uma das 8 pedras ter\u00e1 um valor associado que ser\u00e1 apresentado na Eucaristia (os textos propostos para a reflex\u00e3o podem ser utilizados na Eucaristia aquando da apresenta\u00e7\u00e3o da pedra). Na pedra dever\u00e1 ser inscrito o valor respetivo.<\/p>\n\n\n\n<p>Paralelamente, em catequese cada grupo prepara uma pedra representativa da reflex\u00e3o que fizeram sobre o valor e o \u201ctipo de pedra\u201d respetivo.<\/p>\n\n\n\n<p>Num espa\u00e7o que dever\u00e1 estar pr\u00f3ximo do local preparado, devemos ter um recipiente (se poss\u00edvel, transparente) onde em cada semana, durante a Eucaristia, cada grupo de catequese colocar\u00e1 apedra com a reflex\u00e3o (por exemplo, amarrada ou escrita na pedra).<\/p>\n\n\n\n<p>\u2013 Para os grupos da&nbsp;<strong>Despertar da F\u00e9<\/strong>&nbsp;e&nbsp;<strong>Inicia\u00e7\u00e3o \u00e0 Vida Crist\u00e3<\/strong>, ser\u00e1 disponibilizado um documento com um labirinto, onde em cada semana a crian\u00e7a pinta um trilho que liga o dia do calend\u00e1rio com a respetiva Pedra e valor.<\/p>\n\n\n\n<p>No grupo de catequese, devidamente adaptado, deve-se fazer a reflex\u00e3o sobre a Pedra atribu\u00edda e o valor respetivo, a partir da proposta de orienta\u00e7\u00e3o que nos \u00e9 apresentada em seguida. Posteriormente, dever\u00e1 personalizar uma pedra que ser\u00e1 partilhada na Eucaristia.<\/p>\n\n\n\n<p>\u2013 Para os grupos de&nbsp;<strong>Catequese de Aprofundamento<\/strong>&nbsp;e&nbsp;<strong>Discipulado Mission\u00e1rio<\/strong>, dever\u00e1 em cada semana realizar uma reflex\u00e3o sobre a Pedra atribu\u00edda e o valor respetivo, a partir da proposta de orienta\u00e7\u00e3o que nos \u00e9 apresentada em seguida. Posteriormente, dever\u00e1 personalizar uma pedra que ser\u00e1 partilhada na Eucaristia.<\/p>\n\n\n\n<p>Cada grupo pode, tamb\u00e9m, fazer este caminho na sua sala de catequese.<\/p>\n\n\n\n<p>03. Textos Propostos para Reflex\u00e3o<\/p>\n\n\n\n<p><strong>4\u00aafeira de Cinzas \u2013&nbsp;<em>Pedra de Trope\u00e7o<\/em>&nbsp;\u2014 Resili\u00eancia<\/strong><\/p>\n\n\n\n<p>Ao iniciarmos a Quaresma sentimos dentro de n\u00f3s uma for\u00e7a enorme, fazemos muitos prop\u00f3sitos, estabelecemos muitas metas, e dizemos: \u201ceste ano \u00e9 que vou viver verdadeiramente esta Quaresma!\u201d.<\/p>\n\n\n\n<p>No entanto, devemos ter sempre presente que, ao longo do caminho, podemos trope\u00e7ar, cair e desanimar.<\/p>\n\n\n\n<p>Cair, tamb\u00e9m, faz parte do caminho, mais importante do que a queda \u00e9 a capacidade, a for\u00e7a e a coragem de nos levantarmos ou permitir que o outro nos ajude a erguer. Recordemos o que disse o Papa Francisco, em Lisboa na JMJ: \u201cCaminhar. Se cair, levantar-me ou deixar que me ajudem a levantar, n\u00e3o ficar ca\u00eddo e treinar-me, treinar-me no caminho. E tudo isto \u00e9 poss\u00edvel, n\u00e3o \u00e9 por fazermos cursos sobre o caminho, n\u00e3o h\u00e1 nenhum curso que nos ensine a andar na vida. Isto aprende-se, aprendemos com os nossos pais, com os nossos av\u00f3s, com os nossos amigos, a dar a m\u00e3o uns aos outros. Na vida aprendemos. E isso \u00e9 o treino ao longo do caminho. Deixo-vos com esta ideia, caminhem, e se ca\u00edrem, levantem-se\u201d.<\/p>\n\n\n\n<p>\u00c9 Jesus que nos d\u00e1 for\u00e7a para nos erguermos, n\u00e3o desistir do caminho e com resili\u00eancia contornar as pedras que se atravessam no nosso caminho.<\/p>\n\n\n\n<p><strong>I\u00ba Domingo da Quaresma-&nbsp;<em>Pedra Rara<\/em>&nbsp;\u2013 Convers\u00e3o<\/strong><\/p>\n\n\n\n<p>A Quaresma \u00e9 um tempo de prepara\u00e7\u00e3o, como nos foi dito na 4\u00aafeira de cinzas, de nos \u201ctreinarmos no caminho\u201d. No in\u00edcio da caminha Jesus alerta-nos para as tenta\u00e7\u00f5es. A tenta\u00e7\u00e3o n\u00e3o nos afasta de Deus. Podemos v\u00ea-las como uma Pedra Rara no nosso caminho; o desafio \u00e9 saber aproveit\u00e1-la para nos convertermos e nos aproximarmos de Deus e dos outros.<\/p>\n\n\n\n<p>Saibamos limpar do nosso caminho as pequenas coisas, que at\u00e9 podem parecer insignificantes, mas que nos tiram a paci\u00eancia e nos impedem de progredir.<\/p>\n\n\n\n<p>N\u00e3o tenhamos medo de ser Pedras Raras, dizendo de outra forma, de ser \u201coriginais\u201d \u2013 como dizia Carlos Acutis: \u201cTodos nascemos originais, mas a maior parte morre fotocopia\u201d. N\u00e3o nos deixemos levar pelo c\u00f3modo e desperdi\u00e7ar esta oportunidade para seguir o caminho que Jesus prop\u00f5e.<\/p>\n\n\n\n<p><strong>II\u00ba Domingo da Quaresma-&nbsp;<em>Pedra de Toque<\/em>&nbsp;\u2013 Empatia<\/strong><\/p>\n\n\n\n<p>Se no primeiro Domingo da Quaresma, Jesus nos apresentava as Tenta\u00e7\u00f5es, que n\u00f3s tentamos ver como Pedras Raras, nesta semana Deus faz-nos um convite: escutar o seu Filho muito amado. Quando nos dispomos a escutar Jesus, quando a sua Palavra entra no nosso cora\u00e7\u00e3o, as pedras comuns tornam-se Pedras de Toque com uma capacidade e significado especiais.<\/p>\n\n\n\n<p>Tantas vezes somos tocados por pequenos gestos, como sorrisos, abra\u00e7os, pequenas amabilidades, que parecendo insignificantes, est\u00e3o carregados de for\u00e7a e esperan\u00e7a.<\/p>\n\n\n\n<p>Jesus tornou-se semelhante a n\u00f3s, adquiriu a nossa forma humana para, de um modo pleno, n\u00f3s transmitir o amor, a ternura e o carinho de Deus por n\u00f3s. Ao longo dos Evangelhos, somos confrontados com v\u00e1rios gestos de Jesus sempre carregados de sentido e de compromisso.<\/p>\n\n\n\n<p>Somos, agora, convidados a olhar para as nossas m\u00e3os e transformar os nossos gestos, por vezes, frios e descomprometidos, em aut\u00eanticas Pedras de Toque. Que as nossas a\u00e7\u00f5es estejam sempre a transbordar do amor que recebemos e aprendemos de Jesus.<\/p>\n\n\n\n<p><strong>III\u00ba Domingo da Quaresma \u2013&nbsp;<em>Pedra de Constru\u00e7\u00e3o<\/em>&nbsp;\u2013 Respeito<\/strong><\/p>\n\n\n\n<p>Na nossa caminhada para a P\u00e1scoa surge um epis\u00f3dio marcante, o encontro de Jesus com os comerciantes do Templo. Jesus ao ver que o Templo est\u00e1 convertido num \u201csupermercado\u201d, exige respeito pela Casa de Deus, que n\u00e3o \u00e9 uma casa de com\u00e9rcio, mas sim de ora\u00e7\u00e3o.<\/p>\n\n\n\n<p>Costumamos dizer que todos fazemos parte da mesma constru\u00e7\u00e3o. Somos pedras do mesmo edif\u00edcio, onde todos somos precisos. Sem uma colabora\u00e7\u00e3o m\u00fatua haver\u00e1 falhas no edif\u00edcio que edificamos. Em todas as comunidades h\u00e1 \u201cpedras vivas\u201d, umas para consolar, outras para chorar, outras para sustentar, outras para enfeitar. Mas para que esta constru\u00e7\u00e3o seja bem ajustada, cada um de n\u00f3s tem de ter presente o seu lugar; onde apesar de diferentes, todos somos Pedras essenciais. Saibamos aproveitar todas as Pedras e, com respeito m\u00fatuo, contribuir na constru\u00e7\u00e3o da nossa casa comum.<\/p>\n\n\n\n<p><strong>IV\u00ba Domingo da Quaresma \u2013&nbsp;<em>Pedra de Arremesso<\/em>&nbsp;\u2013 Toler\u00e2ncia<\/strong><\/p>\n\n\n\n<p>E o caminho continua rumo \u00e0 P\u00e1scoa. Somos agora provocados a olhar para Deus de uma forma diferente. Tantas vezes ouvimos dizer \u201d Deus castiga\u201d, ou ent\u00e3o, \u201cDeus tarda mas n\u00e3o falha\u201d. Quantas vezes vivemos com duas pedras na m\u00e3o, prontos para acusar inocentes. As nossas acusa\u00e7\u00f5es s\u00e3o pedradas que atingem os outros. Quantas vezes exigimos e pedimos perd\u00e3o para n\u00f3s, mas somos t\u00e3o exigentes e intolerantes com os outros.<\/p>\n\n\n\n<p>Aprendamos com Jesus, que n\u00e3o veio para condenar, mas para salvar, deixemos cair as pedras que carregamos e usemos as m\u00e3os livres para consolar e ajudar o outro, se julgar as suas a\u00e7\u00f5es e op\u00e7\u00f5es.<\/p>\n\n\n\n<p><strong>V\u00ba Domingo da Quaresma \u2013&nbsp;<em>Pedra Esculpida<\/em>&nbsp;\u2013 Coragem<\/strong><\/p>\n\n\n\n<p>Quase, quase a entrar na Semana Santa, quase a terminar o Tempo Quaresmal, surge no nosso caminho a Pedra Esculpida. Esta pedra desafia-nos a n\u00e3o ficarmos pelas dificuldades, mas a ter coragem para continuar a miss\u00e3o.<\/p>\n\n\n\n<p>Tal como o escultor que da pedra dura e amorfa, com um trabalho \u00e1rduo e de precis\u00e3o, consegue retirar a retirar uma obra prima. A exemplo de Miguel \u00c2ngelo que do bloco de m\u00e1rmore, tira a imagem de Maria que segura nos bra\u00e7os o seu Filho morto. Assim, Deus ao longo dos tempos, com paci\u00eancia, dedica\u00e7\u00e3o e amor foi mostrando ao homem Deus como Pai e Rela\u00e7\u00e3o.<\/p>\n\n\n\n<p>Com a Encarna\u00e7\u00e3o de Jesus, este Amor torna-se ainda mais presente, torna-se uma marca indel\u00e9vel na vida de cada um.<\/p>\n\n\n\n<p>E n\u00f3s, temos a coragem de viver este Amor, de o aceitar e alegremente o viver e deixar transbordar nas nossas a\u00e7\u00f5es? Este \u00e9 o desafio deixemos que Jesus lentamente nos transforme\/trabalhe e as nossas a\u00e7\u00f5es sejam a manifesta\u00e7\u00e3o destas altera\u00e7\u00f5es que tornam a vida mais feliz e completa.<\/p>\n\n\n\n<p><strong>Domingo de Ramos \u2013&nbsp;<em>Pedra para reclinar a cabe\u00e7a<\/em>&nbsp;\u2013 Confian\u00e7a<\/strong><\/p>\n\n\n\n<p>Entramos na Semana Maior, uma semana em que somos convidados a encontrar a Pedra para reclinar a cabe\u00e7a, deixamos uma pista para descobrir o significado desta pedra no Evangelho de S. Jo\u00e3o 13, 25: \u201cUm dos disc\u00edpulos, aquele que Jesus amava, estava \u00e0 mesa reclinado no seu peito\u201d.<\/p>\n\n\n\n<p>Este disc\u00edpulo teve a coragem de apoiar a cabe\u00e7a no peito de Jesus, encontrou descanso junto ao Seu cora\u00e7\u00e3o. Para ele a rocha firme \u00e9 o amor, a ternura de Jesus. Esta \u00e9 uma semana onde somos desafiados \u00e0 confian\u00e7a, ao sil\u00eancio e a ora\u00e7\u00e3o. \u00c9 a semana para tamb\u00e9m n\u00f3s reclinarmos a nossa cabe\u00e7a no peito de Jesus, escutarmos silenciosamente o bater do seu cora\u00e7\u00e3o.<\/p>\n\n\n\n<p>Vivamos esta semana, mas mais particularmente o Tr\u00edduo Pascal, com a nossa cabe\u00e7a apoiada, reclinada sobre a Pedra do Amor de Jesus.<\/p>\n\n\n\n<p><strong>Domingo de P\u00e1scoa&nbsp;<em>\u2013 Pedra Angular<\/em>&nbsp;\u2013 Amor<\/strong><\/p>\n\n\n\n<p>Se no in\u00edcio da Quaresma diz\u00edamos que nesta caminhada para a P\u00e1scoa, ir\u00edamos encontrar muitas dificuldades, muitos obst\u00e1culos, no entanto dever\u00edamos fazer o caminho comprometidos, porque Cristo iria connosco; hoje temos a certeza que Cristo n\u00e3o nos abandona e que continua a acompanhar-nos, como nos refere o Evangelho: \u201cJesus aproximou-Se deles e p\u00f4s-Se com eles a caminho\u201d.<\/p>\n\n\n\n<p>Cristo \u00e9 a verdadeira Pedra com a qual podemos edificar, com seguran\u00e7a, a nossa vida. Sem esta pedra \u00e9 in\u00fatil levantar qualquer constru\u00e7\u00e3o. Saibamos ent\u00e3o construir a nossa casa, n\u00e3o sobre a facilidade da areia, mas com coragem, sobre a rocha firme.<\/p>\n\n\n\n<p>Quer numa quer noutra circunst\u00e2ncia havemos sempre de contar com chuvas, ventos e tempestades\u2026 mas se edificarmos sobre a pedra angular nada havemos de temer.<\/p>\n\n\n\n<p>Apoiados na Pedra Angular que \u00e9 Cristo, sustentados com o Seu amor, juntemos todas as pedras deste caminho e sejamos verdadeiras pedras vivas.<\/p>\n\n\n\n<p class=\"has-text-align-center\"><a href=\"http:\/\/www.diocese-aveiro.pt\/v2\/wp-content\/uploads\/2024\/01\/Quaresma-_02.pdf\" target=\"_blank\" rel=\"noreferrer noopener\">APRESENTA\u00c7\u00c3O DA CAMINHADA<\/a><\/p>\n\n\n\n<hr class=\"wp-block-separator has-alpha-channel-opacity\"\/>\n\n\n\n<figure class=\"wp-block-image\"><a href=\"http:\/\/www.diocese-aveiro.pt\/v2\/wp-content\/uploads\/2024\/01\/Quaresma-_02.pdf\" target=\"_blank\" rel=\"noreferrer noopener\"><img decoding=\"async\" src=\"http:\/\/www.diocese-aveiro.pt\/v2\/wp-content\/uploads\/2024\/01\/quaresma-_02-1024x578.jpg\" alt=\"\" class=\"wp-image-23174\"\/><\/a><\/figure>\n\n\n\n<hr class=\"wp-block-separator has-alpha-channel-opacity\"\/>\n\n\n\n<p class=\"has-text-align-center\"><strong><a href=\"http:\/\/www.diocese-aveiro.pt\/v2\/wp-content\/uploads\/2024\/01\/labirinto.docx\" target=\"_blank\" rel=\"noreferrer noopener\">Caminhada para inf\u00e2ncia: labirinto<\/a><\/strong><\/p>\n\n\n\n<p><\/p>\n","protected":false},"excerpt":{"rendered":"<p>\u201cUma Pedra para o caminho\u2026O caminhante trope\u00e7ou nela.O violento utilizou-a-como proj\u00e9til;O empreendedor construiu com ela.O campon\u00eas cansado utilizou-a como assento.A crian\u00e7a brincou com ela para fazer c\u00edrculos no lago.David com ela matou o gigante Golias.Miguel \u00c2ngelo tirou dela a mais bela escultura.E Deus \u2026 Deus plantou nela uma cruz redentora.E eu \u2026 que farei das pedras que a vida me [&hellip;]<\/p>\n","protected":false},"author":1,"featured_media":2045,"comment_status":"open","ping_status":"open","sticky":false,"template":"","format":"standard","meta":{"pagelayer_contact_templates":[],"_pagelayer_content":"","footnotes":""},"categories":[21,3,38,18,11,4,45],"tags":[],"class_list":["post-1649","post","type-post","status-publish","format-standard","has-post-thumbnail","hentry","category-acao-pastoral","category-advento","category-destaque","category-formacao","category-noticias","category-quaresma","category-subsidios"],"_links":{"self":[{"href":"https:\/\/diocese-aveiro.pt\/v3\/wp-json\/wp\/v2\/posts\/1649","targetHints":{"allow":["GET"]}}],"collection":[{"href":"https:\/\/diocese-aveiro.pt\/v3\/wp-json\/wp\/v2\/posts"}],"about":[{"href":"https:\/\/diocese-aveiro.pt\/v3\/wp-json\/wp\/v2\/types\/post"}],"author":[{"embeddable":true,"href":"https:\/\/diocese-aveiro.pt\/v3\/wp-json\/wp\/v2\/users\/1"}],"replies":[{"embeddable":true,"href":"https:\/\/diocese-aveiro.pt\/v3\/wp-json\/wp\/v2\/comments?post=1649"}],"version-history":[{"count":1,"href":"https:\/\/diocese-aveiro.pt\/v3\/wp-json\/wp\/v2\/posts\/1649\/revisions"}],"predecessor-version":[{"id":2046,"href":"https:\/\/diocese-aveiro.pt\/v3\/wp-json\/wp\/v2\/posts\/1649\/revisions\/2046"}],"wp:featuredmedia":[{"embeddable":true,"href":"https:\/\/diocese-aveiro.pt\/v3\/wp-json\/wp\/v2\/media\/2045"}],"wp:attachment":[{"href":"https:\/\/diocese-aveiro.pt\/v3\/wp-json\/wp\/v2\/media?parent=1649"}],"wp:term":[{"taxonomy":"category","embeddable":true,"href":"https:\/\/diocese-aveiro.pt\/v3\/wp-json\/wp\/v2\/categories?post=1649"},{"taxonomy":"post_tag","embeddable":true,"href":"https:\/\/diocese-aveiro.pt\/v3\/wp-json\/wp\/v2\/tags?post=1649"}],"curies":[{"name":"wp","href":"https:\/\/api.w.org\/{rel}","templated":true}]}}