{"id":85,"date":"2021-10-14T09:21:28","date_gmt":"2021-10-14T09:21:28","guid":{"rendered":"https:\/\/diocese-aveiro.pt\/sinodo\/?p=85"},"modified":"2021-10-14T09:23:11","modified_gmt":"2021-10-14T09:23:11","slug":"celebracao-eucaristica-para-a-abertura-do-sinodo-sobre-sinodalidade","status":"publish","type":"post","link":"https:\/\/diocese-aveiro.pt\/sinodo\/2021\/10\/14\/celebracao-eucaristica-para-a-abertura-do-sinodo-sobre-sinodalidade\/","title":{"rendered":"CELEBRA\u00c7\u00c3O EUCAR\u00cdSTICA PARA A ABERTURA DO S\u00cdNODO SOBRE  SINODALIDADE"},"content":{"rendered":"\n<p class=\"has-text-align-center\"><em><strong>HOMILIA DO PAPA FRANCISCO<\/strong><\/em><\/p>\n\n\n\n<p class=\"has-text-align-center\"><em>Bas\u00edlica de S\u00e3o Pedro<br>Domingo, 10 de outubro de 2021<\/em><\/p>\n\n\n\n<p class=\"has-text-align-center\"><strong>[<a href=\"http:\/\/w2.vatican.va\/content\/francesco\/pt\/events\/event.dir.html\/content\/vaticanevents\/pt\/2021\/10\/10\/messa-sinodovescovi.html\">Multim\u00eddia<\/a>]<\/strong><\/p>\n\n\n\n<figure class=\"wp-block-embed is-type-rich is-provider-gestor-de-incorporacoes wp-block-embed-gestor-de-incorporacoes wp-embed-aspect-16-9 wp-has-aspect-ratio\"><div class=\"wp-block-embed__wrapper\">\n<iframe loading=\"lazy\" title=\"10 de outubro de 2021, Santa Missa para a abertura do S\u00ednodo dos Bispos - Papa Francisco\" width=\"500\" height=\"281\" src=\"https:\/\/www.youtube.com\/embed\/lBF-FXOJkVo?feature=oembed\" frameborder=\"0\" allow=\"accelerometer; autoplay; clipboard-write; encrypted-media; gyroscope; picture-in-picture; web-share\" referrerpolicy=\"strict-origin-when-cross-origin\" allowfullscreen><\/iframe>\n<\/div><\/figure>\n\n\n\n<p>_________________________<\/p>\n\n\n\n<p>Um homem rico foi ao encontro de Jesus, \u00abquando [Este] Se punha a caminho\u00bb (<em>Mc<\/em>&nbsp;10, 17). Os Evangelhos apresentam-nos muitas vezes Jesus \u00aba caminho\u00bb, fazendo-Se companheiro do homem no seu caminho e ouvindo os interrogativos que habitam e inquietam o seu cora\u00e7\u00e3o. Assim se revela que Deus n\u00e3o habita em lugares ass\u00e9ticos, em lugares pacatos, distantes da realidade, mas caminha connosco e vem encontrar-nos onde estamos, nas estradas por vezes acidentadas da vida. E hoje, ao abrir este percurso sinodal, comecemos todos (Papa, bispos, sacerdotes, religiosas e religiosos, irm\u00e3s e irm\u00e3os leigos) por nos interrogar: n\u00f3s, comunidade crist\u00e3, encarnamos o estilo de Deus, que caminha na hist\u00f3ria e partilha as vicissitudes da humanidade? Estamos prontos para a aventura do caminho ou, temerosos face ao desconhecido, preferimos refugiar-nos nas desculpas \u00abn\u00e3o adianta\u00bb ou \u00absempre se fez assim\u00bb?<\/p>\n\n\n\n<p>Fazer S\u00ednodo significa caminhar pela mesma estrada, caminhar em conjunto. Fixemos Jesus, que na estrada primeiro&nbsp;<em>encontra<\/em>&nbsp;o homem rico, depois&nbsp;<em>escuta<\/em>&nbsp;as suas perguntas e, por fim, ajuda-o a&nbsp;<em>discernir<\/em>&nbsp;o que fazer para ter a vida eterna.&nbsp;<em>Encontrar, escutar, discernir<\/em>: tr\u00eas verbos do S\u00ednodo, nos quais me quero deter.<\/p>\n\n\n\n<p><em>Encontrar<\/em>. O Evangelho come\u00e7a, narrando um encontro. Um homem vai ao encontro de Jesus e ajoelha-se diante d\u2019Ele, colocando-Lhe uma pergunta decisiva: \u00abBom Mestre, que devo fazer para alcan\u00e7ar a vida eterna?\u00bb (<em>Mc<\/em>&nbsp;10, 17). Uma quest\u00e3o t\u00e3o importante exige aten\u00e7\u00e3o, tempo, disponibilidade para encontrar o outro e deixar-se interpelar pela sua inquieta\u00e7\u00e3o. De facto, o Senhor n\u00e3o fica indiferente, nem Se mostra aborrecido ou incomodado; pelo contr\u00e1rio, det\u00e9m-Se com ele. Est\u00e1 dispon\u00edvel para o encontro. Nada O deixa indiferente, tudo O apaixona. Fixar os rostos, cruzar os olhares, partilhar a hist\u00f3ria de cada um: tal \u00e9 a proximidade de Jesus. Ele sabe que um encontro pode mudar a vida. E o Evangelho est\u00e1 constelado de encontros com Cristo que reanimam e curam. Jesus n\u00e3o tinha pressa, n\u00e3o olhava o rel\u00f3gio para terminar depressa o encontro. Estava sempre ao servi\u00e7o da pessoa que encontrava, para a escutar.<\/p>\n\n\n\n<p>Tamb\u00e9m n\u00f3s, que iniciamos este caminho, somos chamados a tornar-nos peritos na&nbsp;<em>arte do encontro<\/em>; peritos, n\u00e3o na organiza\u00e7\u00e3o de eventos ou na proposta duma reflex\u00e3o te\u00f3rica sobre os problemas, mas, antes de mais nada, na reserva dum tempo para encontrar o Senhor e favorecer o encontro entre n\u00f3s: um tempo para dar espa\u00e7o \u00e0 ora\u00e7\u00e3o, \u00e0 adora\u00e7\u00e3o \u2013 uma ora\u00e7\u00e3o que tanto transcuramos: adorar, dar espa\u00e7o \u00e0 adora\u00e7\u00e3o \u2013, \u00e0quilo &nbsp;que o Esp\u00edrito quer dizer \u00e0 Igreja; para fixar-se no rosto e na palavra do outro, encontrar-nos face a face, deixar-se tocar pelas perguntas das irm\u00e3s e dos irm\u00e3os, ajudar-nos a fim de que a diversidade de carismas, voca\u00e7\u00f5es e minist\u00e9rios nos enrique\u00e7a. Como sabemos, cada encontro exige abertura, coragem, disponibilidade para se deixar interpelar pelo rosto e a hist\u00f3ria do outro. Enquanto \u00e0s vezes preferimos refugiar-nos em rela\u00e7\u00f5es formais ou usar m\u00e1scaras de ocasi\u00e3o \u2013 o esp\u00edrito clerical e de corte: s\u00e3o mais&nbsp;<em>Senhor Abade<\/em>&nbsp;que padre \u2013, o encontro muda-nos e muitas vezes sugere-nos novos caminhos que n\u00e3o pens\u00e1vamos percorrer. Hoje, depois do&nbsp;<em>Angelus<\/em>, receberei um bom grupo de pessoas sem eira nem beira; juntam-se simplesmente, porque h\u00e1 um grupo de pessoas que as v\u00e3o escutar, unicamente ouvi-las. E, partindo da escuta, conseguiram come\u00e7ar a caminhar. A escuta. Com frequ\u00eancia \u00e9 assim precisamente que Deus nos indica os caminhos a seguir, fazendo-nos sair dos nossos h\u00e1bitos cansados. Muda tudo, quando somos capazes de encontros verdadeiros com Ele e entre n\u00f3s&#8230; sem formalismos, nem fingimentos, nem maquilhagem.<\/p>\n\n\n\n<p>Segundo verbo:&nbsp;<em>escutar<\/em>. Um verdadeiro encontro s\u00f3 pode nascer da escuta. De facto, Jesus coloca-Se \u00e0 escuta da pergunta daquele homem e da sua inquieta\u00e7\u00e3o religiosa e existencial. N\u00e3o d\u00e1 uma resposta de rotina, n\u00e3o oferece uma solu\u00e7\u00e3o pr\u00e9-fabricada, nem finge responder com amabilidade apenas para Se livrar dele e prosseguir o seu caminho. Simplesmente o escuta. Escuta-o todo o tempo que for preciso, sem pressa. E \u2013 a coisa mais importante \u2013 Jesus n\u00e3o tem medo de o&nbsp;<em>escutar com o cora\u00e7\u00e3o<\/em>; n\u00e3o Se contenta de o fazer apenas com os ouvidos. Com efeito, a sua resposta n\u00e3o se limita a retorquir \u00e0 pergunta, mas permite ao homem rico contar a sua hist\u00f3ria, falar livremente de si mesmo. Cristo lembra-lhe os mandamentos, e ele come\u00e7a a falar da sua inf\u00e2ncia, a partilhar o seu percurso religioso, o modo como se esfor\u00e7ou por procurar a Deus. Quando ouvimos com o cora\u00e7\u00e3o, o outro sente-se acolhido, n\u00e3o julgado, livre para contar a sua viv\u00eancia e o pr\u00f3prio caminho espiritual.<\/p>\n\n\n\n<p>Interroguemo-nos, com sinceridade, neste itiner\u00e1rio sinodal: Como estamos quanto \u00e0 escuta? Como est\u00e1 \u00abo ouvido\u00bb do nosso cora\u00e7\u00e3o? Permitimos que as pessoas se expressem, caminhem na f\u00e9 mesmo se t\u00eam percursos de vida dif\u00edceis, contribuam para a vida da comunidade sem ser estorvadas, rejeitadas ou julgadas? Fazer S\u00ednodo \u00e9 colocar-se no mesmo caminho do Verbo feito homem: \u00e9 seguir as suas pisadas, escutando a sua Palavra juntamente com as palavras dos outros. \u00c9 descobrir, maravilhados, que o Esp\u00edrito Santo sopra de modo sempre surpreendente para sugerir percursos e linguagens novos. Aprender a ouvir-nos uns aos outros \u2013 bispos, padres, religiosos e leigos; todos, todos os batizados \u2013 \u00e9 um exerc\u00edcio lento, talvez cansativo, evitando respostas artificiais e superficiais, respostas&nbsp;<em>pronto-a-vestir<\/em>\u2026 essas n\u00e3o! O Esp\u00edrito pede para nos colocarmos \u00e0 escuta das perguntas, preocupa\u00e7\u00f5es, esperan\u00e7as de cada Igreja, de cada povo e na\u00e7\u00e3o; e tamb\u00e9m \u00e0 escuta do mundo, dos desafios e das mudan\u00e7as que o mesmo nos coloca. N\u00e3o insonorizemos o cora\u00e7\u00e3o, n\u00e3o nos blindemos nas nossas certezas. Muitas vezes as certezas fecham-nos em n\u00f3s mesmos. Escutemo-nos.<\/p>\n\n\n\n<p>Por fim,&nbsp;<em>discernir<\/em>. O encontro e a escuta rec\u00edproca n\u00e3o s\u00e3o um fim em si mesmos, deixando as coisas como est\u00e3o. Pelo contr\u00e1rio, quando entramos em di\u00e1logo, pomo-nos em quest\u00e3o, pomo-nos a caminho e, no fim, j\u00e1 n\u00e3o somos os mesmos de antes, mudamos. Assim no-lo mostra o Evangelho de hoje. Jesus intui que o homem \u00e0 sua frente \u00e9 bom, religioso e pratica os mandamentos, mas quer conduzi-lo para al\u00e9m da simples observ\u00e2ncia dos preceitos. No di\u00e1logo, ajuda-o a discernir. Prop\u00f5e-lhe olhar dentro de si pr\u00f3prio, \u00e0 luz do amor com que Ele mesmo \u2013 ao fix\u00e1-lo \u2013 o ama (cf.&nbsp;<em>Mc<\/em>&nbsp;10, 21), e, nesta luz, discernir a que \u00e9 que est\u00e1 verdadeiramente apegado o seu cora\u00e7\u00e3o; para depois descobrir que o seu bem n\u00e3o passa por aumentar o n\u00famero de atos religiosos, mas, ao inv\u00e9s, esvaziar-se de si mesmo: vender aquilo que preenche o seu cora\u00e7\u00e3o, para dar espa\u00e7o a Deus.<\/p>\n\n\n\n<p>Trata-se duma indica\u00e7\u00e3o preciosa tamb\u00e9m para n\u00f3s. O S\u00ednodo \u00e9 um caminho de discernimento espiritual, de discernimento eclesial, que se faz na adora\u00e7\u00e3o, na ora\u00e7\u00e3o, em contacto com a Palavra de Deus. E a segunda Leitura de hoje diz-nos precisamente que a Palavra de Deus \u00ab\u00e9 viva, eficaz e mais afiada que uma espada de dois gumes; penetra at\u00e9 \u00e0 divis\u00e3o da alma e do corpo, das articula\u00e7\u00f5es e das medulas, e discerne os sentimentos e inten\u00e7\u00f5es do cora\u00e7\u00e3o\u00bb (<em>Heb<\/em>&nbsp;4, 12). A Palavra abre-nos ao discernimento e ilumina-o. Guia o S\u00ednodo, para que n\u00e3o seja uma \u00abconven\u00e7\u00e3o\u00bb eclesial, um conv\u00e9nio de estudos ou um congresso pol\u00edtico, para que n\u00e3o seja um parlamento, mas um evento de gra\u00e7a, um processo de cura conduzido pelo Esp\u00edrito. Nestes dias, Jesus chama-nos \u2013 como fez com o homem rico do Evangelho \u2013 a esvaziar-nos, a libertar-nos daquilo que \u00e9 mundano e tamb\u00e9m dos nossos fechamentos e dos nossos modelos pastorais repetitivos, a interrogar-nos sobre aquilo que Deus nos quer dizer neste tempo e sobre a dire\u00e7\u00e3o para onde Ele nos quer conduzir.<\/p>\n\n\n\n<p>Queridos irm\u00e3os e irm\u00e3s, bom caminho em conjunto! Sejamos peregrinos enamorados do Evangelho, abertos \u00e0s surpresas do Esp\u00edrito Santo. N\u00e3o percamos as ocasi\u00f5es de gra\u00e7a do encontro, da escuta rec\u00edproca, do discernimento. Com a alegria de saber que, enquanto procuramos o Senhor, \u00e9 Ele quem primeiro vem ao nosso encontro com o seu amor.<\/p>\n\n\n\n<hr class=\"wp-block-separator\"\/>\n","protected":false},"excerpt":{"rendered":"<p>HOMILIA DO PAPA FRANCISCO Bas\u00edlica de S\u00e3o PedroDomingo, 10 de outubro de 2021 [Multim\u00eddia] _________________________ Um homem rico foi ao encontro de Jesus, \u00abquando [Este] Se punha a caminho\u00bb (Mc&nbsp;10, 17). Os Evangelhos apresentam-nos muitas vezes Jesus \u00aba caminho\u00bb, fazendo-Se companheiro do homem no seu caminho e ouvindo os interrogativos que habitam e inquietam o [&hellip;]<\/p>\n","protected":false},"author":1,"featured_media":89,"comment_status":"open","ping_status":"open","sticky":false,"template":"","format":"standard","meta":{"footnotes":""},"categories":[1],"tags":[],"class_list":["post-85","post","type-post","status-publish","format-standard","has-post-thumbnail","hentry","category-uncategorized"],"_links":{"self":[{"href":"https:\/\/diocese-aveiro.pt\/sinodo\/wp-json\/wp\/v2\/posts\/85","targetHints":{"allow":["GET"]}}],"collection":[{"href":"https:\/\/diocese-aveiro.pt\/sinodo\/wp-json\/wp\/v2\/posts"}],"about":[{"href":"https:\/\/diocese-aveiro.pt\/sinodo\/wp-json\/wp\/v2\/types\/post"}],"author":[{"embeddable":true,"href":"https:\/\/diocese-aveiro.pt\/sinodo\/wp-json\/wp\/v2\/users\/1"}],"replies":[{"embeddable":true,"href":"https:\/\/diocese-aveiro.pt\/sinodo\/wp-json\/wp\/v2\/comments?post=85"}],"version-history":[{"count":2,"href":"https:\/\/diocese-aveiro.pt\/sinodo\/wp-json\/wp\/v2\/posts\/85\/revisions"}],"predecessor-version":[{"id":88,"href":"https:\/\/diocese-aveiro.pt\/sinodo\/wp-json\/wp\/v2\/posts\/85\/revisions\/88"}],"wp:featuredmedia":[{"embeddable":true,"href":"https:\/\/diocese-aveiro.pt\/sinodo\/wp-json\/wp\/v2\/media\/89"}],"wp:attachment":[{"href":"https:\/\/diocese-aveiro.pt\/sinodo\/wp-json\/wp\/v2\/media?parent=85"}],"wp:term":[{"taxonomy":"category","embeddable":true,"href":"https:\/\/diocese-aveiro.pt\/sinodo\/wp-json\/wp\/v2\/categories?post=85"},{"taxonomy":"post_tag","embeddable":true,"href":"https:\/\/diocese-aveiro.pt\/sinodo\/wp-json\/wp\/v2\/tags?post=85"}],"curies":[{"name":"wp","href":"https:\/\/api.w.org\/{rel}","templated":true}]}}