{"id":180,"date":"2015-01-29T13:27:20","date_gmt":"2015-01-29T13:27:20","guid":{"rendered":"https:\/\/princesajoanadeportugal.wordpress.com\/?p=180"},"modified":"2015-01-29T13:27:20","modified_gmt":"2015-01-29T13:27:20","slug":"santa-joana-festas-da-cidade-de-aveiro-actividades-da-comissao-diocesana-da-cultura-em-20067","status":"publish","type":"post","link":"https:\/\/diocese-aveiro.pt\/santajoana\/2015\/01\/29\/santa-joana-festas-da-cidade-de-aveiro-actividades-da-comissao-diocesana-da-cultura-em-20067\/","title":{"rendered":"SANTA JOANA | fESTAS DA cIDADE de Aveiro | Actividades da Comiss\u00e3o Diocesana da Cultura em 2006\/7"},"content":{"rendered":"<p class=\"titulo\"><strong>Actividades da Comiss\u00e3o Diocesana da Cultura em 2006\/7<\/strong><\/p>\n<p>A Comiss\u00e3o Diocesana da Cultura promoveu mais uma vez a publica\u00e7\u00e3o da Revista Aveirense (Ano II \u2013 Julho\/Dezembro 2006 \u2013 N\u00ba 2).<\/p>\n<p>Esta revista pretende ser mem\u00f3ria da Diocese de Aveiro. Nela se transcreve o que de mais importante se passa em cada semestre. Esta em particular assinala a chegada do novo Bispo de Aveiro, D. Ant\u00f3nio Francisco.<\/p>\n<p>A Comiss\u00e3o tamb\u00e9m esteve presente nas Festas da Cidade. A Padroeira de Aveiro, Santa Joana, inspirou o desenvolvimento da ac\u00e7\u00e3o programada.<\/p>\n<p>A Comiss\u00e3o fez uma parceria com a C\u00e2mara Municipal de Aveiro, com a <strong>Irmandade de Santa Joana<\/strong> e contou com a colabora\u00e7\u00e3o do Estabelecimento de Ensino Santa Joana.<\/p>\n<p>Foi uma ac\u00e7\u00e3o dirigida essencialmente \u00e0 juventude.<\/p>\n<p>A Irmandade \u00e9 constitu\u00edda por muitos jovens, que representam v\u00e1rios quadros da \u00e9poca e que se expressam pela forma de cavaleiros, aias, princesas Joanas, etc., que percorrem todos os anos a cidade na j\u00e1 conhecida prociss\u00e3o de Santa Joana, onde est\u00e3o representadas todas as for\u00e7as vivas de Aveiro.<\/p>\n<p>O desenvolvimento desta ac\u00e7\u00e3o, que se prolongou ao longo de dois meses, teve como pano de fundo a \u201cCarta de Santa Joana aos Jovens\u201d, texto escrito por D. Manuel de Almeida Trindade, publicado em 1979 num livro em que se reuniram v\u00e1rios textos, (os mais significativos escritos ao longo de 25 anos), na obra \u201cPessoas e Acontecimentos\u201d. Esta publica\u00e7\u00e3o foi feita pela Diocese de Aveiro, para celebrar o 25\u00ba anivers\u00e1rio da ordena\u00e7\u00e3o episcopal de D. Manuel.<\/p>\n<p>Foram convidados os jovens da Irmandade, do Estabelecimento de Ensino Santa Joana e todos os que quisessem aderir, a assistir \u00e0 apresenta\u00e7\u00e3o da nova publica\u00e7\u00e3o da carta e ao desenvolvimento do seu conte\u00fado.<\/p>\n<p>Esta apresenta\u00e7\u00e3o foi feita pelo P. Alexandre Cruz, que al\u00e9m do desenvolvimento hist\u00f3rico, real\u00e7ou todos os valores e virtudes da princesa, tendo sido refor\u00e7ado a sua necessidade de os recuperar para os dias de hoje.<\/p>\n<p>O tema escolhido para esta apresenta\u00e7\u00e3o, \u201cA Liberdade: um Desafio aos Jovens\u201d, foi tamb\u00e9m o tema da Exposi\u00e7\u00e3o, que se realizou na Biblioteca, a qual foi composta pelos trabalhos que os jovens foram convidados a fazer, sempre inspirados nos valores e virtudes de Joana, bem claros na carta, e bem real\u00e7ados na apresenta\u00e7\u00e3o feita anteriormente.<\/p>\n<p>Esta exposi\u00e7\u00e3o foi integrada na semana cultural das Festas da Cidade, que terminou a 12 de Maio, dia de Santa Joana, saindo no programa das ac\u00e7\u00f5es culturais da C\u00e2mara Municipal.<\/p>\n<p>Teve a participa\u00e7\u00e3o de aproximadamente cem trabalhos. De uma forma geral teve uma excelente aceita\u00e7\u00e3o, e recebeu a visita de muitos jovens, que exteriorizaram bastante interesse em toda a ac\u00e7\u00e3o. Alguns dos melhores trabalhos foram publicados pelo jornal \u201cCorreio do Vouga\u201d.<\/p>\n<p>Durante o per\u00edodo da exposi\u00e7\u00e3o convid\u00e1mos o Senhor Bispo, D. Ant\u00f3nio Francisco, que falou aos jovens e a todos quantos o quiseram ouvir. O tema desenvolvido, \u201cF\u00e9 e Raz\u00e3o: as Asas da Liberdade\u201d, foi vivamente acompanhado e serviu de objecto a um intenso debate por parte dos assistentes, que encheram, por completo, o audit\u00f3rio da Biblioteca.<\/p>\n<p>A direc\u00e7\u00e3o da Irmandade valorizou esta parceria, pois proporcionou uma din\u00e2mica de ac\u00e7\u00f5es, a que n\u00e3o estava habituada, mostrando interesse em novas iniciativas para o pr\u00f3ximo ano.<\/p>\n<p>Estas foram as ac\u00e7\u00f5es espec\u00edficas da Comiss\u00e3o Diocesana da Cultura, embora na Diocese de Aveiro haja muitas outras ac\u00e7\u00f5es dignas, variadas e de grande relevo, feitas ao longo do ano.<\/p>\n<p>O desenho de Santa Joana, feito propositadamente para este evento, \u00e9 obra do artista Aveirense Gaspar Albino.<\/p>\n<p>Gostar\u00edamos tamb\u00e9m de partilhar convosco a mensagem que a CDC deixou a todos os jovens de Aveiro:<\/p>\n<p>\u201cHavia uma for\u00e7a interior que me impelia. N\u00e3o era o mundo que eu detestava. Longe disso. Era o amor de Jesus Cristo que me chamava, e me chamava para segui-Lo, onde mais de perto O pudesse imitar e servir\u201d- Afirma a Princesa Joana, quando toma a decis\u00e3o de deixar o Pa\u00e7o Real e vir para Aveiro.<br \/>\n\u201cFoi em Aveiro que realizei o meu sonho&#8230;\u201d<\/p>\n<p>Como ela, tamb\u00e9m n\u00f3s, jovens, amamos a vida, a verdade, a liberdade. Como ela, precisamos ter coragem e de aliar a f\u00e9 \u00e0 raz\u00e3o. Como ela, temos de ser radicais e ousados, seguros e firmes, alegres e confiantes, dignos de uma mem\u00f3ria feliz que nos projecta um futuro de esperan\u00e7a.<\/p>\n<p class=\"autor\"><strong><em>Maria Helena Pinho e Melo<\/em><\/strong><\/p>\n<p class=\"autor_qualidade\">Comiss\u00e3o Diocesana da Cultura (Aveiro)<\/p>\n<p class=\"autor_qualidade\">SNPC<\/p>\n<p class=\"autor_qualidade\">fonte:\u00a0http:\/\/www.snpcultura.org\/pastoral_da_cultura_em_movimento_actividades_diocese_aveiro_06_07.html<\/p>\n","protected":false},"excerpt":{"rendered":"<p>Actividades da Comiss\u00e3o Diocesana da Cultura em 2006\/7 A Comiss\u00e3o Diocesana da Cultura promoveu mais uma vez a publica\u00e7\u00e3o da Revista Aveirense (Ano II \u2013 Julho\/Dezembro 2006 \u2013 N\u00ba 2). Esta revista pretende ser mem\u00f3ria<a class=\"moretag\" href=\"https:\/\/diocese-aveiro.pt\/santajoana\/2015\/01\/29\/santa-joana-festas-da-cidade-de-aveiro-actividades-da-comissao-diocesana-da-cultura-em-20067\/\"> Ler mais<\/a><\/p>\n","protected":false},"author":1,"featured_media":147,"comment_status":"open","ping_status":"open","sticky":false,"template":"","format":"standard","meta":[],"categories":[20],"tags":[],"_links":{"self":[{"href":"https:\/\/diocese-aveiro.pt\/santajoana\/wp-json\/wp\/v2\/posts\/180"}],"collection":[{"href":"https:\/\/diocese-aveiro.pt\/santajoana\/wp-json\/wp\/v2\/posts"}],"about":[{"href":"https:\/\/diocese-aveiro.pt\/santajoana\/wp-json\/wp\/v2\/types\/post"}],"author":[{"embeddable":true,"href":"https:\/\/diocese-aveiro.pt\/santajoana\/wp-json\/wp\/v2\/users\/1"}],"replies":[{"embeddable":true,"href":"https:\/\/diocese-aveiro.pt\/santajoana\/wp-json\/wp\/v2\/comments?post=180"}],"version-history":[{"count":0,"href":"https:\/\/diocese-aveiro.pt\/santajoana\/wp-json\/wp\/v2\/posts\/180\/revisions"}],"wp:featuredmedia":[{"embeddable":true,"href":"https:\/\/diocese-aveiro.pt\/santajoana\/wp-json\/wp\/v2\/media\/147"}],"wp:attachment":[{"href":"https:\/\/diocese-aveiro.pt\/santajoana\/wp-json\/wp\/v2\/media?parent=180"}],"wp:term":[{"taxonomy":"category","embeddable":true,"href":"https:\/\/diocese-aveiro.pt\/santajoana\/wp-json\/wp\/v2\/categories?post=180"},{"taxonomy":"post_tag","embeddable":true,"href":"https:\/\/diocese-aveiro.pt\/santajoana\/wp-json\/wp\/v2\/tags?post=180"}],"curies":[{"name":"wp","href":"https:\/\/api.w.org\/{rel}","templated":true}]}}