{"id":2767,"date":"2024-11-20T15:59:29","date_gmt":"2024-11-20T15:59:29","guid":{"rendered":"https:\/\/diocese-aveiro.pt\/juventude\/?p=2767"},"modified":"2024-11-20T16:25:34","modified_gmt":"2024-11-20T16:25:34","slug":"hora-de-fe-oracao-mensal","status":"publish","type":"post","link":"https:\/\/diocese-aveiro.pt\/juventude\/hora-de-fe-oracao-mensal\/","title":{"rendered":"Hora de F\u00e9 &#8211; Ora\u00e7\u00e3o Mensal"},"content":{"rendered":"\t\t<div data-elementor-type=\"wp-post\" data-elementor-id=\"2767\" class=\"elementor elementor-2767\">\n\t\t\t\t<div class=\"elementor-element elementor-element-bdb6c35 e-flex e-con-boxed wpr-particle-no wpr-jarallax-no wpr-parallax-no wpr-sticky-section-no wpr-equal-height-no e-con e-parent\" data-id=\"bdb6c35\" data-element_type=\"container\" data-e-type=\"container\">\n\t\t\t\t\t<div class=\"e-con-inner\">\n\t\t\t\t<div class=\"elementor-element elementor-element-3c0ad8c elementor-widget elementor-widget-text-editor\" data-id=\"3c0ad8c\" data-element_type=\"widget\" data-e-type=\"widget\" data-widget_type=\"text-editor.default\">\n\t\t\t\t<div class=\"elementor-widget-container\">\n\t\t\t\t\t\t\t\t\t<p>\u201cNunca percam a conex\u00e3o com Ele, caso contr\u00e1rio perderemos a conex\u00e3o com nossa hist\u00f3ria pessoal e com a hist\u00f3ria de toda a humanidade.\u201d Papa Franciso<\/p><p>Com esta frase o Papa Francisco convida-nos a estar na presen\u00e7a de Deus, a conectarmo-nos com Ele. Deste modo estaremos reunidos uma vez por m\u00eas para Rezarmos juntos, por n\u00f3s, pelos outros, por Ele e pelo Santo Padre.<br \/>A Hora de F\u00e9 pretende proporcionar aos jovens e animadores da diocese de Aveiro um momento de f\u00e9 e espiritualidade. Neste tempo de ora\u00e7\u00e3o e reflex\u00e3o, espera-se que os jovens possam nutrir a sua rela\u00e7\u00e3o com Deus e fortalecer cada vez mais a sua f\u00e9. \u00c9 tamb\u00e9m e, por consequ\u00eancia, um momento de encontro entre jovens e animadores das diferentes par\u00f3quias e arciprestados, estreitando la\u00e7os e alargando as suas redes de apoio!<\/p>\t\t\t\t\t\t\t\t<\/div>\n\t\t\t\t<\/div>\n\t\t\t\t\t<\/div>\n\t\t\t\t<\/div>\n\t\t\t\t<\/div>\n\t\t","protected":false},"excerpt":{"rendered":"<p>\u201cNunca percam a conex\u00e3o com Ele, caso contr\u00e1rio perderemos a conex\u00e3o com nossa hist\u00f3ria pessoal e com a hist\u00f3ria de toda a humanidade.\u201d Papa Franciso Com esta frase o Papa Francisco convida-nos a estar na presen\u00e7a de Deus, a conectarmo-nos com Ele. Deste modo estaremos reunidos uma vez por m\u00eas para Rezarmos juntos, por n\u00f3s, pelos outros, por Ele e pelo Santo Padre.A Hora de F\u00e9 pretende proporcionar aos jovens e animadores da diocese de Aveiro um momento de f\u00e9 e espiritualidade. Neste tempo de ora\u00e7\u00e3o e reflex\u00e3o, espera-se que os jovens possam nutrir a sua rela\u00e7\u00e3o com Deus e fortalecer cada vez mais a sua f\u00e9. \u00c9 tamb\u00e9m e, por consequ\u00eancia, um momento de encontro entre jovens e animadores das diferentes par\u00f3quias e arciprestados, estreitando la\u00e7os e alargando as suas redes de apoio!<\/p>\n","protected":false},"author":1,"featured_media":2772,"comment_status":"closed","ping_status":"closed","sticky":false,"template":"","format":"standard","meta":{"footnotes":""},"categories":[46],"tags":[],"class_list":["post-2767","post","type-post","status-publish","format-standard","has-post-thumbnail","hentry","category-pastoral"],"_links":{"self":[{"href":"https:\/\/diocese-aveiro.pt\/juventude\/wp-json\/wp\/v2\/posts\/2767","targetHints":{"allow":["GET"]}}],"collection":[{"href":"https:\/\/diocese-aveiro.pt\/juventude\/wp-json\/wp\/v2\/posts"}],"about":[{"href":"https:\/\/diocese-aveiro.pt\/juventude\/wp-json\/wp\/v2\/types\/post"}],"author":[{"embeddable":true,"href":"https:\/\/diocese-aveiro.pt\/juventude\/wp-json\/wp\/v2\/users\/1"}],"replies":[{"embeddable":true,"href":"https:\/\/diocese-aveiro.pt\/juventude\/wp-json\/wp\/v2\/comments?post=2767"}],"version-history":[{"count":4,"href":"https:\/\/diocese-aveiro.pt\/juventude\/wp-json\/wp\/v2\/posts\/2767\/revisions"}],"predecessor-version":[{"id":2777,"href":"https:\/\/diocese-aveiro.pt\/juventude\/wp-json\/wp\/v2\/posts\/2767\/revisions\/2777"}],"wp:featuredmedia":[{"embeddable":true,"href":"https:\/\/diocese-aveiro.pt\/juventude\/wp-json\/wp\/v2\/media\/2772"}],"wp:attachment":[{"href":"https:\/\/diocese-aveiro.pt\/juventude\/wp-json\/wp\/v2\/media?parent=2767"}],"wp:term":[{"taxonomy":"category","embeddable":true,"href":"https:\/\/diocese-aveiro.pt\/juventude\/wp-json\/wp\/v2\/categories?post=2767"},{"taxonomy":"post_tag","embeddable":true,"href":"https:\/\/diocese-aveiro.pt\/juventude\/wp-json\/wp\/v2\/tags?post=2767"}],"curies":[{"name":"wp","href":"https:\/\/api.w.org\/{rel}","templated":true}]}}