{"id":121,"date":"2023-10-18T16:50:17","date_gmt":"2023-10-18T16:50:17","guid":{"rendered":"https:\/\/diocese-aveiro.pt\/jubileudacatedraldeaveiro\/?p=121"},"modified":"2023-10-18T17:09:56","modified_gmt":"2023-10-18T17:09:56","slug":"conferencistas","status":"publish","type":"post","link":"https:\/\/diocese-aveiro.pt\/jubileudacatedraldeaveiro\/conferencistas\/","title":{"rendered":"Conferencistas"},"content":{"rendered":"\n<div class=\"wp-block-columns is-layout-flex wp-container-core-columns-is-layout-9d6595d7 wp-block-columns-is-layout-flex\">\n<div class=\"wp-block-column is-layout-flow wp-block-column-is-layout-flow\" style=\"flex-basis:33.33%\"><div class=\"wp-block-image\">\n<figure class=\"alignright size-full is-resized\"><img loading=\"lazy\" decoding=\"async\" width=\"433\" height=\"432\" src=\"https:\/\/diocese-aveiro.pt\/jubileudacatedraldeaveiro\/wp-content\/uploads\/2023\/10\/DCarlos.png\" alt=\"\" class=\"wp-image-122\" style=\"aspect-ratio:1.0023148148148149;width:144px;height:auto\" srcset=\"https:\/\/diocese-aveiro.pt\/jubileudacatedraldeaveiro\/wp-content\/uploads\/2023\/10\/DCarlos.png 433w, https:\/\/diocese-aveiro.pt\/jubileudacatedraldeaveiro\/wp-content\/uploads\/2023\/10\/DCarlos-300x300.png 300w, https:\/\/diocese-aveiro.pt\/jubileudacatedraldeaveiro\/wp-content\/uploads\/2023\/10\/DCarlos-150x150.png 150w\" sizes=\"auto, (max-width: 433px) 100vw, 433px\" \/><\/figure>\n<\/div><\/div>\n\n\n\n<div class=\"wp-block-column is-layout-flow wp-block-column-is-layout-flow\" style=\"flex-basis:66.66%\">\n<p><strong>D. Carlos Azevedo<br><\/strong>Carlos Alberto de Pinho Moreira de Azevedo historiador de forma\u00e7\u00e3o e membro da Academia Portuguesa de Hist\u00f3ria, nasceu em Milheir\u00f3s de Poiares, Santa Maria da Feira, a 4 de setembro de 1953; estudou nos Semin\u00e1rios do Porto e no Instituto de Ci\u00eancia Humanas e Teol\u00f3gicas, doutorou-se em 1986, na Faculdade de Hist\u00f3ria Eclesi\u00e1stica da Universidade Gregoriana, em Roma, e durante esse per\u00edodo, colaborou na Secretaria de Estado do Vaticano, na sec\u00e7\u00e3o de l\u00edngua portuguesa.<br>D. Carlos Azevedo, ordenado padre na S\u00e9 do Porto em julho de 1977 por D. Ant\u00f3nio Ferreira Gomes, foi professor da Faculdade de Teologia da Universidade Cat\u00f3lica Portuguesa (UCP) desde 1987 e vice-reitor da institui\u00e7\u00e3o acad\u00e9mica entre os anos 2000 e 2004; presidiu \u00e0 dire\u00e7\u00e3o do Centro de Estudos de Hist\u00f3ria Religiosa da UCP, de 1992 a 2001, e dirigiu a obra \u2018Dicion\u00e1rio e Hist\u00f3ria religiosa de Portugal\u2019, tendo sido tamb\u00e9m presidente da comiss\u00e3o cient\u00edfica para a publica\u00e7\u00e3o da Documenta\u00e7\u00e3o Cr\u00edtica de F\u00e1tima (1998-2008).<br>Foi nomeado por Jo\u00e3o Paulo II como bispo auxiliar de Lisboa a 4 de fevereiro de 2005 e ordenado no Porto, a 2 de abril de 2005.<br>Foi membro da Confer\u00eancia Episcopal Portuguesa, onde desempenhou diversas fun\u00e7\u00f5es como Secret\u00e1rio, Presidente da Comiss\u00e3o Episcopal dos Assuntos Sociais e Culturais e membro da Comiss\u00e3o Cultural, do Patrim\u00f3nio e da Comunica\u00e7\u00e3o Social.<br>Foi o coordenador-chefe da Comiss\u00e3o que organizou a Visita Apost\u00f3lica do Papa Bento XVI a Portugal em maio de 2010. Em 2010 foi agraciado com a Gr\u00e3-Cruz da Ordem de Henrique do Navegador e no ano seguinte o Papa Bento XVI nomeou-o Oficial do Pontif\u00edcio Conselho para a Cultura. Recentemente, em dezembro de 2022, o papa Francisco nomeou D. Carlos Azevedo delegado do Comit\u00e9 Pontif\u00edcio para as Ci\u00eancias Hist\u00f3ricas.<br>Autor de v\u00e1rios artigos e publica\u00e7\u00f5es, destacamos a \u00faltima obra, apresentada em 2022: \u201cEntre Vaticano e Portugal &#8211; Quest\u00f5es de Governo e Pastoral (S\u00e9c. XVII a XX)&#8221;, onde analisa diferentes percursos de acontecimentos, que marcaram a Igreja de Portugal, como o per\u00edodo logo ap\u00f3s a Restaura\u00e7\u00e3o da Independ\u00eancia, em 1640. Vasto tempo, em que por 28 anos e por imposi\u00e7\u00e3o da Espanha, n\u00e3o houve qualquer nomea\u00e7\u00e3o de bispos para a metr\u00f3pole e as col\u00f3nias.<\/p>\n<\/div>\n<\/div>\n\n\n\n<div class=\"wp-block-columns is-layout-flex wp-container-core-columns-is-layout-9d6595d7 wp-block-columns-is-layout-flex\">\n<div class=\"wp-block-column is-layout-flow wp-block-column-is-layout-flow\" style=\"flex-basis:33.33%\"><div class=\"wp-block-image\">\n<figure class=\"alignright size-full is-resized\"><img loading=\"lazy\" decoding=\"async\" width=\"432\" height=\"432\" src=\"https:\/\/diocese-aveiro.pt\/jubileudacatedraldeaveiro\/wp-content\/uploads\/2023\/10\/AntonioBarreto.png\" alt=\"\" class=\"wp-image-123\" style=\"aspect-ratio:1;width:146px;height:auto\" srcset=\"https:\/\/diocese-aveiro.pt\/jubileudacatedraldeaveiro\/wp-content\/uploads\/2023\/10\/AntonioBarreto.png 432w, https:\/\/diocese-aveiro.pt\/jubileudacatedraldeaveiro\/wp-content\/uploads\/2023\/10\/AntonioBarreto-300x300.png 300w, https:\/\/diocese-aveiro.pt\/jubileudacatedraldeaveiro\/wp-content\/uploads\/2023\/10\/AntonioBarreto-150x150.png 150w\" sizes=\"auto, (max-width: 432px) 100vw, 432px\" \/><\/figure>\n<\/div><\/div>\n\n\n\n<div class=\"wp-block-column is-layout-flow wp-block-column-is-layout-flow\" style=\"flex-basis:66.66%\">\n<p><strong>ANT\u00d3NIO BARRETO<\/strong><\/p>\n\n\n\n<p>Nasceu no Porto em 1942. Viveu em Vila Real, Coimbra, Genebra (Su\u00ed\u00e7a) e Lisboa. Foi exilado pol\u00edtico at\u00e9 1974. Licenciou-se e doutorou-se em Sociologia na Universidade de Genebra. Foi Assistente na Universidade e Investigador das Na\u00e7\u00f5es Unidas. Regressou a Portugal em 1974. Professor na Universidade Nova de<br>Lisboa e Investigador na Universidade Cat\u00f3lica e no Instituto de Ci\u00eancias Sociais da Universidade de Lisboa. Foi deputado \u00e0 Assembleia Constituinte e \u00e0 Assembleia da Rep\u00fablica. Secret\u00e1rio de Estado do Com\u00e9rcio Externo, ministro do Com\u00e9rcio e Turismo e ministro da Agricultura e Pescas. Pr\u00e9mio Montaigne de 2004. S\u00f3cio<br>da Academia das Ci\u00eancias. Presidente da Funda\u00e7\u00e3o Francisco Manuel dos Santos de 2009 a 2014. Fundador da PORDATA. Membro do J\u00fari do Pr\u00e9mio Pessoa (desde 1995). Presidente das comemora\u00e7\u00f5es do Dia de Portugal (2009 a 2011). Gr\u00e3-cruz da Ordem Militar de Cristo. Gr\u00e3-cruz da Ordem da Liberdade. Colunista do jornal P\u00fablico. Autor de livros nas \u00e1reas da sociologia, da pol\u00edtica, da fotografia e do Douro. Coordenador do Dicion\u00e1rio de Hist\u00f3ria de Portugal, 1925\/1974. Autor da s\u00e9rie de televis\u00e3o Portugal, Um Retrato Social e de Horas do Douro (longa metragem). Autor de livros e exposi\u00e7\u00f5es de fotografia, designadamente \u201cGente da Batalha\u201d (Mosteiro da Batalha).<\/p>\n<\/div>\n<\/div>\n\n\n<div class=\"wp-block-image\">\n<figure class=\"aligncenter size-large\"><img loading=\"lazy\" decoding=\"async\" width=\"1024\" height=\"260\" src=\"https:\/\/diocese-aveiro.pt\/jubileudacatedraldeaveiro\/wp-content\/uploads\/2023\/10\/ondas_01-1-1024x260.png\" alt=\"\" class=\"wp-image-135\" srcset=\"https:\/\/diocese-aveiro.pt\/jubileudacatedraldeaveiro\/wp-content\/uploads\/2023\/10\/ondas_01-1-1024x260.png 1024w, https:\/\/diocese-aveiro.pt\/jubileudacatedraldeaveiro\/wp-content\/uploads\/2023\/10\/ondas_01-1-300x76.png 300w, https:\/\/diocese-aveiro.pt\/jubileudacatedraldeaveiro\/wp-content\/uploads\/2023\/10\/ondas_01-1-768x195.png 768w, https:\/\/diocese-aveiro.pt\/jubileudacatedraldeaveiro\/wp-content\/uploads\/2023\/10\/ondas_01-1-1536x390.png 1536w, https:\/\/diocese-aveiro.pt\/jubileudacatedraldeaveiro\/wp-content\/uploads\/2023\/10\/ondas_01-1.png 1754w\" sizes=\"auto, (max-width: 1024px) 100vw, 1024px\" \/><\/figure>\n<\/div>","protected":false},"excerpt":{"rendered":"<p>D. Carlos AzevedoCarlos Alberto de Pinho Moreira de Azevedo historiador de forma\u00e7\u00e3o e membro da Academia Portuguesa de Hist\u00f3ria, nasceu em Milheir\u00f3s de Poiares, Santa Maria da Feira, a 4 de setembro de 1953; estudou nos Semin\u00e1rios do Porto e no Instituto de Ci\u00eancia Humanas e Teol\u00f3gicas, doutorou-se em 1986, na Faculdade de Hist\u00f3ria Eclesi\u00e1stica [&hellip;]<\/p>\n","protected":false},"author":1,"featured_media":0,"comment_status":"open","ping_status":"open","sticky":false,"template":"","format":"standard","meta":{"footnotes":""},"categories":[1],"tags":[],"class_list":["post-121","post","type-post","status-publish","format-standard","hentry","category-uncategorized"],"_links":{"self":[{"href":"https:\/\/diocese-aveiro.pt\/jubileudacatedraldeaveiro\/wp-json\/wp\/v2\/posts\/121","targetHints":{"allow":["GET"]}}],"collection":[{"href":"https:\/\/diocese-aveiro.pt\/jubileudacatedraldeaveiro\/wp-json\/wp\/v2\/posts"}],"about":[{"href":"https:\/\/diocese-aveiro.pt\/jubileudacatedraldeaveiro\/wp-json\/wp\/v2\/types\/post"}],"author":[{"embeddable":true,"href":"https:\/\/diocese-aveiro.pt\/jubileudacatedraldeaveiro\/wp-json\/wp\/v2\/users\/1"}],"replies":[{"embeddable":true,"href":"https:\/\/diocese-aveiro.pt\/jubileudacatedraldeaveiro\/wp-json\/wp\/v2\/comments?post=121"}],"version-history":[{"count":5,"href":"https:\/\/diocese-aveiro.pt\/jubileudacatedraldeaveiro\/wp-json\/wp\/v2\/posts\/121\/revisions"}],"predecessor-version":[{"id":136,"href":"https:\/\/diocese-aveiro.pt\/jubileudacatedraldeaveiro\/wp-json\/wp\/v2\/posts\/121\/revisions\/136"}],"wp:attachment":[{"href":"https:\/\/diocese-aveiro.pt\/jubileudacatedraldeaveiro\/wp-json\/wp\/v2\/media?parent=121"}],"wp:term":[{"taxonomy":"category","embeddable":true,"href":"https:\/\/diocese-aveiro.pt\/jubileudacatedraldeaveiro\/wp-json\/wp\/v2\/categories?post=121"},{"taxonomy":"post_tag","embeddable":true,"href":"https:\/\/diocese-aveiro.pt\/jubileudacatedraldeaveiro\/wp-json\/wp\/v2\/tags?post=121"}],"curies":[{"name":"wp","href":"https:\/\/api.w.org\/{rel}","templated":true}]}}