{"id":323,"date":"2017-05-15T15:33:49","date_gmt":"2017-05-15T15:33:49","guid":{"rendered":"https:\/\/diocese-aveiro.pt\/emrc\/?p=323"},"modified":"2017-06-02T14:04:47","modified_gmt":"2017-06-02T14:04:47","slug":"xvi-interescolas-diocesano-de-emrc-2017","status":"publish","type":"post","link":"https:\/\/diocese-aveiro.pt\/emrc\/2017\/05\/15\/xvi-interescolas-diocesano-de-emrc-2017\/","title":{"rendered":"XVI Interescolas Diocesano de EMRC | 2017"},"content":{"rendered":"<h2>O nosso Interescolas Est\u00e1 a chegar&#8230;!<\/h2>\n<p>Sob o Lema:\u00a0[A]MARIA SEMPRE!, Albergaria-a-Velha recebe j\u00e1 no pr\u00f3ximo dia 30 de Maio o\u00a0XVI INTERESCOLAS DIOCESANO de Alunos de Educa\u00e7\u00e3o Moral e Religiosa Cat\u00f3lica.<\/p>\n<p><img fetchpriority=\"high\" decoding=\"async\" class=\"wp-image-330 aligncenter\" src=\"https:\/\/diocese-aveiro.pt\/emrc\/wp-content\/uploads\/2017\/05\/2017-XVI-interescolas_cartaz_final-300x212.jpg\" alt=\"\" width=\"657\" height=\"464\" srcset=\"https:\/\/diocese-aveiro.pt\/emrc\/wp-content\/uploads\/2017\/05\/2017-XVI-interescolas_cartaz_final-300x212.jpg 300w, https:\/\/diocese-aveiro.pt\/emrc\/wp-content\/uploads\/2017\/05\/2017-XVI-interescolas_cartaz_final-768x543.jpg 768w, https:\/\/diocese-aveiro.pt\/emrc\/wp-content\/uploads\/2017\/05\/2017-XVI-interescolas_cartaz_final-1024x725.jpg 1024w\" sizes=\"(max-width: 657px) 100vw, 657px\" \/><\/p>\n<h1><strong>Programa<\/strong><\/h1>\n<p>9h00 \u2013 Acolhimento.<\/p>\n<p>9h30 &#8211; Apresenta\u00e7\u00e3o das escolas.<\/p>\n<p>10h00 \u2013 Constru\u00e7\u00e3o do s\u00edmbolo do XVI Interescolas.<\/p>\n<p>10h15 \u2013 Teatro [Col\u00e9gio de Calv\u00e3o].<\/p>\n<p>10h30 \u2013 Mensagem de D. Ant\u00f3nio Moiteiro.<\/p>\n<p>Mensagem do Sr. Presidente da C\u00e2mara Municipal.<\/p>\n<p>11h00 \u2013 Caminhada pelas ruas de Albergaria.<\/p>\n<p>12h30 \u2013 Almo\u00e7o partilhado.<\/p>\n<p>13h00 \u2013 Ateli\u00eas orientados pelas escolas.<\/p>\n<p>&#8211; Insufl\u00e1veis.<\/p>\n<p>14h30 \u2013 No palco: Talentos de Albergaria.<\/p>\n<p>16h00 \u2013 Despedida.<\/p>\n","protected":false},"excerpt":{"rendered":"<p>O nosso Interescolas Est\u00e1 a chegar&#8230;! Sob o Lema:\u00a0[A]MARIA SEMPRE!, Albergaria-a-Velha recebe j\u00e1 no pr\u00f3ximo dia 30 de Maio o\u00a0XVI INTERESCOLAS DIOCESANO de Alunos de Educa\u00e7\u00e3o Moral e Religiosa Cat\u00f3lica. Programa 9h00 \u2013 Acolhimento. 9h30 &#8211; Apresenta\u00e7\u00e3o das escolas. 10h00 \u2013 Constru\u00e7\u00e3o do s\u00edmbolo do XVI Interescolas. 10h15 \u2013 Teatro [Col\u00e9gio de Calv\u00e3o]. 10h30 \u2013 Mensagem de D. Ant\u00f3nio Moiteiro. [&hellip;]<\/p>\n","protected":false},"author":1,"featured_media":397,"comment_status":"open","ping_status":"open","sticky":false,"template":"","format":"standard","meta":{"footnotes":""},"categories":[8],"tags":[],"_links":{"self":[{"href":"https:\/\/diocese-aveiro.pt\/emrc\/wp-json\/wp\/v2\/posts\/323"}],"collection":[{"href":"https:\/\/diocese-aveiro.pt\/emrc\/wp-json\/wp\/v2\/posts"}],"about":[{"href":"https:\/\/diocese-aveiro.pt\/emrc\/wp-json\/wp\/v2\/types\/post"}],"author":[{"embeddable":true,"href":"https:\/\/diocese-aveiro.pt\/emrc\/wp-json\/wp\/v2\/users\/1"}],"replies":[{"embeddable":true,"href":"https:\/\/diocese-aveiro.pt\/emrc\/wp-json\/wp\/v2\/comments?post=323"}],"version-history":[{"count":7,"href":"https:\/\/diocese-aveiro.pt\/emrc\/wp-json\/wp\/v2\/posts\/323\/revisions"}],"predecessor-version":[{"id":334,"href":"https:\/\/diocese-aveiro.pt\/emrc\/wp-json\/wp\/v2\/posts\/323\/revisions\/334"}],"wp:featuredmedia":[{"embeddable":true,"href":"https:\/\/diocese-aveiro.pt\/emrc\/wp-json\/wp\/v2\/media\/397"}],"wp:attachment":[{"href":"https:\/\/diocese-aveiro.pt\/emrc\/wp-json\/wp\/v2\/media?parent=323"}],"wp:term":[{"taxonomy":"category","embeddable":true,"href":"https:\/\/diocese-aveiro.pt\/emrc\/wp-json\/wp\/v2\/categories?post=323"},{"taxonomy":"post_tag","embeddable":true,"href":"https:\/\/diocese-aveiro.pt\/emrc\/wp-json\/wp\/v2\/tags?post=323"}],"curies":[{"name":"wp","href":"https:\/\/api.w.org\/{rel}","templated":true}]}}