{"id":299,"date":"2017-05-09T21:21:27","date_gmt":"2017-05-09T21:21:27","guid":{"rendered":"https:\/\/diocese-aveiro.pt\/emrc\/?p=299"},"modified":"2017-05-09T21:21:27","modified_gmt":"2017-05-09T21:21:27","slug":"estar-em-taize-e-muito-parecido-como-ser-taize","status":"publish","type":"post","link":"https:\/\/diocese-aveiro.pt\/emrc\/2017\/05\/09\/estar-em-taize-e-muito-parecido-como-ser-taize\/","title":{"rendered":"Estar em Taiz\u00e9 \u00e9 muito parecido como ser Taiz\u00e9"},"content":{"rendered":"<div>Desde taiz\u00e9 que ainda n\u00e3o soube explicar a ningu\u00e9m o que foi aquela avalanche de emo\u00e7\u00f5es. E se calhar n\u00e3o h\u00e1 explica\u00e7\u00e3o. Digo-lhe isto porque depois de ler pouco ou nenhum sentido vejo nas minhas palavras mas eu percebo-as. Aproveite o textinho se der, um beijinho!<\/div>\n<div id=\"m_-8754311466821607432m_7961879386322541411AppleMailSignature\"><\/div>\n<div id=\"m_-8754311466821607432m_7961879386322541411AppleMailSignature\"><img fetchpriority=\"high\" decoding=\"async\" class=\"alignnone size-medium wp-image-300\" src=\"https:\/\/diocese-aveiro.pt\/emrc\/wp-content\/uploads\/2017\/05\/DSC_7254-300x200.jpg\" alt=\"\" width=\"300\" height=\"200\" srcset=\"https:\/\/diocese-aveiro.pt\/emrc\/wp-content\/uploads\/2017\/05\/DSC_7254-300x200.jpg 300w, https:\/\/diocese-aveiro.pt\/emrc\/wp-content\/uploads\/2017\/05\/DSC_7254-768x512.jpg 768w, https:\/\/diocese-aveiro.pt\/emrc\/wp-content\/uploads\/2017\/05\/DSC_7254-1024x683.jpg 1024w\" sizes=\"(max-width: 300px) 100vw, 300px\" \/><\/div>\n<div><\/div>\n<div id=\"m_-8754311466821607432m_7961879386322541411AppleMailSignature\">\n<p>Estar em Taiz\u00e9 \u00e9 muito parecido como ser Taiz\u00e9. Porque, afinal, Taiz\u00e9 \u00e9 tudo acerca de pessoas, dos outros, de n\u00f3s mesmos. \u00c9 achar que vamos encontrar respostas e afinal trazemos uma mala cheia de mais perguntas, certamente bem mais ambiciosas.<\/p>\n<p>Taiz\u00e9 \u00e9 de facto a fonte de que se fala, que n\u00f3s, de t\u00e3o incr\u00e9dulos com o efeito da sua \u00e1gua, acreditamos que a conseguimos levar e saciar outro algu\u00e9m noutro ponto do planeta. Mas aprende-se a ser t\u00e3o descomplexado que uma simples m\u00e3o cheia n\u00e3o chega para matar a sede. \u00c9 ent\u00e3o da\u00ed que retiro que a sede n\u00e3o se mata nem nunca se matou de uma vez s\u00f3. \u00c9 saciando poucas e bastas vezes. N\u00f3s seremos cada vez melhores e mais felizes se formos reflectindo,\u00a0 ajudando, acolhendo, dando, n\u00e3o tudo de uma s\u00f3 vez, mas gr\u00e3o a gr\u00e3o.<\/p>\n<\/div>\n<p style=\"text-align: right;\"><b class=\"gmail_sendername\">Elza Q Rocha<\/b><\/p>\n","protected":false},"excerpt":{"rendered":"<p>Desde taiz\u00e9 que ainda n\u00e3o soube explicar a ningu\u00e9m o que foi aquela avalanche de emo\u00e7\u00f5es. E se calhar n\u00e3o h\u00e1 explica\u00e7\u00e3o. Digo-lhe isto porque depois de ler pouco ou nenhum sentido vejo nas minhas palavras mas eu percebo-as. Aproveite o textinho se der, um beijinho! Estar em Taiz\u00e9 \u00e9 muito parecido como ser Taiz\u00e9. Porque, afinal, Taiz\u00e9 \u00e9 tudo [&hellip;]<\/p>\n","protected":false},"author":1,"featured_media":301,"comment_status":"open","ping_status":"open","sticky":false,"template":"","format":"standard","meta":{"footnotes":""},"categories":[8],"tags":[],"_links":{"self":[{"href":"https:\/\/diocese-aveiro.pt\/emrc\/wp-json\/wp\/v2\/posts\/299"}],"collection":[{"href":"https:\/\/diocese-aveiro.pt\/emrc\/wp-json\/wp\/v2\/posts"}],"about":[{"href":"https:\/\/diocese-aveiro.pt\/emrc\/wp-json\/wp\/v2\/types\/post"}],"author":[{"embeddable":true,"href":"https:\/\/diocese-aveiro.pt\/emrc\/wp-json\/wp\/v2\/users\/1"}],"replies":[{"embeddable":true,"href":"https:\/\/diocese-aveiro.pt\/emrc\/wp-json\/wp\/v2\/comments?post=299"}],"version-history":[{"count":1,"href":"https:\/\/diocese-aveiro.pt\/emrc\/wp-json\/wp\/v2\/posts\/299\/revisions"}],"predecessor-version":[{"id":302,"href":"https:\/\/diocese-aveiro.pt\/emrc\/wp-json\/wp\/v2\/posts\/299\/revisions\/302"}],"wp:featuredmedia":[{"embeddable":true,"href":"https:\/\/diocese-aveiro.pt\/emrc\/wp-json\/wp\/v2\/media\/301"}],"wp:attachment":[{"href":"https:\/\/diocese-aveiro.pt\/emrc\/wp-json\/wp\/v2\/media?parent=299"}],"wp:term":[{"taxonomy":"category","embeddable":true,"href":"https:\/\/diocese-aveiro.pt\/emrc\/wp-json\/wp\/v2\/categories?post=299"},{"taxonomy":"post_tag","embeddable":true,"href":"https:\/\/diocese-aveiro.pt\/emrc\/wp-json\/wp\/v2\/tags?post=299"}],"curies":[{"name":"wp","href":"https:\/\/api.w.org\/{rel}","templated":true}]}}