{"id":1763,"date":"2025-05-05T14:38:22","date_gmt":"2025-05-05T13:38:22","guid":{"rendered":"https:\/\/diocese-aveiro.pt\/emrc\/?p=1763"},"modified":"2025-05-05T14:38:22","modified_gmt":"2025-05-05T13:38:22","slug":"xxii-interescolas-diocesano-de-emrc","status":"publish","type":"post","link":"https:\/\/diocese-aveiro.pt\/emrc\/2025\/05\/05\/xxii-interescolas-diocesano-de-emrc\/","title":{"rendered":"XXII Interescolas Diocesano de EMRC"},"content":{"rendered":"<p>O XXII Interescolas Diocesano de EMRC, ir\u00e1 realizar-se no pr\u00f3ximo dia 8 de maio de 2025, na Torreira, Arciprestado de Estarreja Murtosa, com a colabora\u00e7\u00e3o da C\u00e2mara Municipal da Murtosa.<\/p>\n<p><strong>Com o lema: <\/strong>\u00a0Com EMRC\u2026 P\u00f5e-te a caminho!, os alunos e professores de EMRC e respetivas comunidades educativas s\u00e3o desafiados a darem o seu contributo e a tornarem-se verdadeiros peregrinos da Esperan\u00e7a. Para al\u00e9m das atividades pr\u00f3prias do programa, haver\u00e1 tamb\u00e9m espa\u00e7o para a partilha solid\u00e1ria para com a Associa\u00e7\u00e3o ASFITA da Torreira num gesto de proximidade para os mais carenciados.<\/p>\n<p>Do programa, para al\u00e9m das atividades l\u00fadicas, musicais, constam igualmente uma caminhada pelas ruas da Torreira, bem como uma demonstra\u00e7\u00e3o dos talentos das nossas escolas, Eles, sim, s\u00e3o os verdadeiros talentos no palco.<\/p>\n<p>Queremos as nossas escolas e Comunidade local unidos num mesmo prop\u00f3sito, ajudar os nossos jovens a crescerem equilibrados, aut\u00eanticos e capazes de testemunhar os valores em que acreditamos.<\/p>\n<p>Ser\u00e1 seguramente um dia de festa, unidos ao nosso Bispo, que marcar\u00e1, tamb\u00e9m ele, presen\u00e7a.<\/p>\n<p><a href=\"https:\/\/diocese-aveiro.pt\/emrc\/wp-content\/uploads\/2025\/05\/Cartaz_v2_-scaled.jpg\"><img fetchpriority=\"high\" decoding=\"async\" class=\"aligncenter wp-image-1762 size-large\" src=\"https:\/\/diocese-aveiro.pt\/emrc\/wp-content\/uploads\/2025\/05\/Cartaz_v2_-723x1024.jpg\" alt=\"\" width=\"640\" height=\"906\" srcset=\"https:\/\/diocese-aveiro.pt\/emrc\/wp-content\/uploads\/2025\/05\/Cartaz_v2_-723x1024.jpg 723w, https:\/\/diocese-aveiro.pt\/emrc\/wp-content\/uploads\/2025\/05\/Cartaz_v2_-212x300.jpg 212w, https:\/\/diocese-aveiro.pt\/emrc\/wp-content\/uploads\/2025\/05\/Cartaz_v2_-768x1088.jpg 768w, https:\/\/diocese-aveiro.pt\/emrc\/wp-content\/uploads\/2025\/05\/Cartaz_v2_-1084x1536.jpg 1084w, https:\/\/diocese-aveiro.pt\/emrc\/wp-content\/uploads\/2025\/05\/Cartaz_v2_-1445x2048.jpg 1445w, https:\/\/diocese-aveiro.pt\/emrc\/wp-content\/uploads\/2025\/05\/Cartaz_v2_-scaled.jpg 1807w\" sizes=\"(max-width: 640px) 100vw, 640px\" \/><\/a><\/p>\n<p>&nbsp;<\/p>\n<p>&nbsp;<\/p>\n","protected":false},"excerpt":{"rendered":"<p>O XXII Interescolas Diocesano de EMRC, ir\u00e1 realizar-se no pr\u00f3ximo dia 8 de maio de 2025, na Torreira, Arciprestado de Estarreja Murtosa, com a colabora\u00e7\u00e3o da C\u00e2mara Municipal da Murtosa. Com o lema: \u00a0Com EMRC\u2026 P\u00f5e-te a caminho!, os alunos e professores de EMRC e respetivas comunidades educativas s\u00e3o desafiados a darem o seu contributo e a tornarem-se verdadeiros peregrinos [&hellip;]<\/p>\n","protected":false},"author":1,"featured_media":1764,"comment_status":"closed","ping_status":"open","sticky":false,"template":"","format":"gallery","meta":{"footnotes":""},"categories":[1],"tags":[],"_links":{"self":[{"href":"https:\/\/diocese-aveiro.pt\/emrc\/wp-json\/wp\/v2\/posts\/1763"}],"collection":[{"href":"https:\/\/diocese-aveiro.pt\/emrc\/wp-json\/wp\/v2\/posts"}],"about":[{"href":"https:\/\/diocese-aveiro.pt\/emrc\/wp-json\/wp\/v2\/types\/post"}],"author":[{"embeddable":true,"href":"https:\/\/diocese-aveiro.pt\/emrc\/wp-json\/wp\/v2\/users\/1"}],"replies":[{"embeddable":true,"href":"https:\/\/diocese-aveiro.pt\/emrc\/wp-json\/wp\/v2\/comments?post=1763"}],"version-history":[{"count":3,"href":"https:\/\/diocese-aveiro.pt\/emrc\/wp-json\/wp\/v2\/posts\/1763\/revisions"}],"predecessor-version":[{"id":1767,"href":"https:\/\/diocese-aveiro.pt\/emrc\/wp-json\/wp\/v2\/posts\/1763\/revisions\/1767"}],"wp:featuredmedia":[{"embeddable":true,"href":"https:\/\/diocese-aveiro.pt\/emrc\/wp-json\/wp\/v2\/media\/1764"}],"wp:attachment":[{"href":"https:\/\/diocese-aveiro.pt\/emrc\/wp-json\/wp\/v2\/media?parent=1763"}],"wp:term":[{"taxonomy":"category","embeddable":true,"href":"https:\/\/diocese-aveiro.pt\/emrc\/wp-json\/wp\/v2\/categories?post=1763"},{"taxonomy":"post_tag","embeddable":true,"href":"https:\/\/diocese-aveiro.pt\/emrc\/wp-json\/wp\/v2\/tags?post=1763"}],"curies":[{"name":"wp","href":"https:\/\/api.w.org\/{rel}","templated":true}]}}