{"id":9973,"date":"2020-09-03T08:00:51","date_gmt":"2020-09-03T07:00:51","guid":{"rendered":"http:\/\/diocese-aveiro.pt\/cultura\/?p=9973"},"modified":"2020-07-24T18:33:00","modified_gmt":"2020-07-24T17:33:00","slug":"oratorio-peregrino-23-oh-meu-deus-e-minha-sabedoria-infinita","status":"publish","type":"post","link":"https:\/\/diocese-aveiro.pt\/cultura\/oratorio-peregrino-23-oh-meu-deus-e-minha-sabedoria-infinita\/","title":{"rendered":"Orat\u00f3rio Peregrino | 24 | Oh meu Deus e minha Sabedoria infinita"},"content":{"rendered":"<p style=\"text-align: right;\"><em><strong>Orat\u00f3rio Peregrino<\/strong><\/em><\/p>\n<h6 style=\"text-align: right; padding-left: 360px;\">Um orat\u00f3rio \u00e0 maneira de um vi\u00e1tico para tempos de carestia<br \/>\nUma proposta desenvolvida em parceria com<\/h6>\n<p style=\"text-align: right; padding-left: 440px;\"><strong>Irm\u00e3s do Carmelo de Cristo Redentor &#8211; Aveiro<\/strong><\/p>\n<hr \/>\n<h3 style=\"padding-left: 40px; text-align: center;\">XXIV Passo | Oh meu Deus e minha Sabedoria infinita<\/h3>\n<p style=\"text-align: justify;\">Esta ora\u00e7\u00e3o \u00e9 uma ora\u00e7\u00e3o que brota da alma contemplativa de Santa Teresa. Uma contemplativa presa ao presente mas fixa na presen\u00e7a de Deus. Batida pelo contraste de sentimentos extremos: amar ou deixar-se amar; desejar ou n\u00e3o desejar; querer por conta pr\u00f3pria ou abandonar-se ao querer de Deus\u2026<\/p>\n<p style=\"text-align: justify;\">A Ora\u00e7\u00e3o come\u00e7a em atitude contemplativa: \u00ab\u00d3 Deus, Sabedoria infinita!\u00bb \u00abAmor que me amas mais do que eu me posso amar\u00bb. Como se tornam mesquinhos, equ\u00edvocos e contingentes, vistos sob este prisma de amor e saber infinitos, todos os meus quereres e desejos, minhas iniciativas e palavras, mesmo as que te dirijo na ora\u00e7\u00e3o e tratam de Te impor as minhas suplicas\u2026<\/p>\n<p style=\"text-align: justify;\">Que a ora\u00e7\u00e3o de Teresa nos fa\u00e7a entrar dentro de n\u00f3s mesmos e encontrar-nos com a Verdade de Deus e a nossa verdade, para alcan\u00e7armos a verdadeira liberdade.<\/p>\n<p style=\"text-align: justify; padding-left: 80px;\">\u00abOh meu Deus e minha Sabedoria infinita, sem medida e sem limites acima de todos os limites! Oh Amor, que me amas mais do que eu me posso amar a mim! N\u00e3o entendo! Para que quero eu, Senhor, desejar mais do que aquilo que V\u00f3s me quiserdes dar? Para que quero eu cansar-me em pedir-Vos uma coisa ordenada pelo meu desejo, se tudo quanto o meu entendimento pode concertar, j\u00e1 V\u00f3s conheceis os seus fins, e eu n\u00e3o sei que proveito tirar? Talvez naquilo em que a minha alma pensa lucrar, estar\u00e1 a minha perda. Porque, se Vos pe\u00e7o que me livreis de um trabalho e o fim dele \u00e9 a minha mortifica\u00e7\u00e3o, o que \u00e9 que Vos estou a pedir meu Deus? Se Vos pe\u00e7o que mo envieis, talvez n\u00e3o convenha \u00e0 minha paci\u00eancia, por estar ainda fraca e n\u00e3o poder aguentar t\u00e3o grande golpe; e se o ultrapasso com paci\u00eancia, mas n\u00e3o estou forte na humildade, talvez pense que fiz alguma coisa, quando sois v\u00f3s meu Deus que tudo fazeis.<\/p>\n<p style=\"text-align: justify; padding-left: 80px;\">Meu Deus n\u00e3o quero confiar mais em coisa alguma que eu possa desejar para mim. Querei de mim o que Vos aprouver querer; \u00e9 isso o que eu quero, porque todo o meu bem est\u00e1 em contentar-Vos. E se V\u00f3s meu Deus me quis\u00e9sseis contentar a mim, fazendo tudo quanto pede o meu desejo, vejo que estaria perdida.<\/p>\n<p style=\"text-align: justify; padding-left: 80px;\">Atrav\u00e9s da Vossa provid\u00eancia, Senhor, provede a minha dos meios necess\u00e1rios para que Vos sirva mais ao Vosso gosto. N\u00e3o me castigueis com dar-me o que eu quero e desejo se o Vosso amor n\u00e3o o desejar para mim. Morra j\u00e1 este eu, e viva em mim Outro que \u00e9 mais do que eu, e para mim melhor do que eu mesma, para que eu O possa servir. Que Ele viva e me d\u00ea vida. Que Ele reine e eu seja Sua prisioneira, pois a minha alma n\u00e3o quer outra liberdade. Como ser\u00e1 livre quem estiver afastado do Sumo Bem? Que maior cativeiro do que estar a alma solta da m\u00e3o do seu Criador?<\/p>\n<p style=\"text-align: justify; padding-left: 80px;\">Oh, quando vir\u00e1 o ditoso dia em que te h\u00e1s-de ver submergido naquele mar infinito da Suma Verdade, onde j\u00e1 n\u00e3o ser\u00e1 livre para pecar, nem o querer\u00e1s ser, porque estar\u00e1s livre de toda a mis\u00e9ria e naturalizado com a vida do Teu Deus. Ele \u00e9 bem-aventurado, porque conhece-se, ama e goza de Si mesmo sem que outra coisa lhe seja poss\u00edvel; n\u00e3o tem, nem pode ter, nem seria perfei\u00e7\u00e3o de Deus poder ter liberdade para Se esquecer de Si e deixar-se de amar. Ent\u00e3o, minha alma entrar\u00e1s no teu descanso, quando te entranhares neste Sumo Bem, e entender\u00e1s o que Ele entende, e amar\u00e1s o que Ele ama e gozar\u00e1s o que Ele goza. Assim que vires perdida a tua mut\u00e1vel vontade, j\u00e1 n\u00e3o haver\u00e1 mais mudan\u00e7a, porque a gra\u00e7a de Deus foi t\u00e3o poderosa que te fez participante da Sua divina natureza; e com tanta perfei\u00e7\u00e3o que j\u00e1 n\u00e3o possas, nem desejes poder, esquecer-te do Sumo Bem, nem deixar de O gozar juntamente com o Seu amor.<\/p>\n<p style=\"text-align: justify; padding-left: 80px;\">Bem-Aventurados os que est\u00e3o inscritos no livro desta Vida! Antes quero viver e morrer a desejar e esperar a vida eterna, do que possuir todas as criaturas e todos os seus bens, que h\u00e3o-de acabar. N\u00e3o me desampareis, Senhor, porque espero em V\u00f3s; que a minha esperan\u00e7a n\u00e3o seja confundida; que eu Vos sirva sempre e fazei de mim o que quiserdes.\u00bb<\/p>\n<p style=\"text-align: justify; padding-left: 120px;\"><strong>Santa Teresa de Jesus<\/strong><\/p>\n<hr \/>\n<h6 style=\"padding-left: 120px; text-align: right;\">Imagem de\u00a0<a href=\"https:\/\/pixabay.com\/pt\/users\/geralt-9301\/?utm_source=link-attribution&amp;utm_medium=referral&amp;utm_campaign=image&amp;utm_content=1044105\">Gerd Altmann<\/a>\u00a0por\u00a0<a href=\"https:\/\/pixabay.com\/pt\/?utm_source=link-attribution&amp;utm_medium=referral&amp;utm_campaign=image&amp;utm_content=1044105\">Pixabay<\/a><\/h6>\n","protected":false},"excerpt":{"rendered":"<p>Orat\u00f3rio Peregrino Um<\/p>\n","protected":false},"author":1,"featured_media":9974,"comment_status":"closed","ping_status":"closed","sticky":false,"template":"","format":"standard","meta":{"footnotes":""},"categories":[152],"tags":[],"class_list":["post-9973","post","type-post","status-publish","format-standard","has-post-thumbnail","hentry","category-oratorio-peregrino"],"_links":{"self":[{"href":"https:\/\/diocese-aveiro.pt\/cultura\/wp-json\/wp\/v2\/posts\/9973","targetHints":{"allow":["GET"]}}],"collection":[{"href":"https:\/\/diocese-aveiro.pt\/cultura\/wp-json\/wp\/v2\/posts"}],"about":[{"href":"https:\/\/diocese-aveiro.pt\/cultura\/wp-json\/wp\/v2\/types\/post"}],"author":[{"embeddable":true,"href":"https:\/\/diocese-aveiro.pt\/cultura\/wp-json\/wp\/v2\/users\/1"}],"replies":[{"embeddable":true,"href":"https:\/\/diocese-aveiro.pt\/cultura\/wp-json\/wp\/v2\/comments?post=9973"}],"version-history":[{"count":2,"href":"https:\/\/diocese-aveiro.pt\/cultura\/wp-json\/wp\/v2\/posts\/9973\/revisions"}],"predecessor-version":[{"id":9981,"href":"https:\/\/diocese-aveiro.pt\/cultura\/wp-json\/wp\/v2\/posts\/9973\/revisions\/9981"}],"wp:featuredmedia":[{"embeddable":true,"href":"https:\/\/diocese-aveiro.pt\/cultura\/wp-json\/wp\/v2\/media\/9974"}],"wp:attachment":[{"href":"https:\/\/diocese-aveiro.pt\/cultura\/wp-json\/wp\/v2\/media?parent=9973"}],"wp:term":[{"taxonomy":"category","embeddable":true,"href":"https:\/\/diocese-aveiro.pt\/cultura\/wp-json\/wp\/v2\/categories?post=9973"},{"taxonomy":"post_tag","embeddable":true,"href":"https:\/\/diocese-aveiro.pt\/cultura\/wp-json\/wp\/v2\/tags?post=9973"}],"curies":[{"name":"wp","href":"https:\/\/api.w.org\/{rel}","templated":true}]}}