{"id":9951,"date":"2020-08-02T08:00:27","date_gmt":"2020-08-02T07:00:27","guid":{"rendered":"http:\/\/diocese-aveiro.pt\/cultura\/?p=9951"},"modified":"2020-08-31T10:30:32","modified_gmt":"2020-08-31T09:30:32","slug":"sinais-dos-tempos-joao-cesar-das-neves","status":"publish","type":"post","link":"https:\/\/diocese-aveiro.pt\/cultura\/sinais-dos-tempos-joao-cesar-das-neves\/","title":{"rendered":"Sinais dos Tempos | Jo\u00e3o C\u00e9sar das Neves"},"content":{"rendered":"<p style=\"text-align: left;\"><em><strong>Sinais dos Tempos<\/strong><\/em><\/p>\n<h6 style=\"text-align: left;\">Rubrica dedicada \u00e0 reflex\u00e3o sobre os desafios que a pandemia de COVID-19 coloca \u00e0 Igreja e ao mundo<\/h6>\n<hr \/>\n<blockquote>\n<div id=\"divtagdefaultwrapper\" dir=\"ltr\">\n<div>\n<div>\n<div class=\"impComposeSignature\">\n<div class=\"impComposeSignature\">\n<div style=\"text-align: right;\"><em>&#8216;Covid-19:<\/em><\/div>\n<div style=\"text-align: right;\"><em>&#8211; Que &#8216;mundo&#8217; e que &#8216;Igreja&#8217; est\u00e3o em ocaso?<\/em><\/div>\n<div style=\"text-align: right;\"><em>&#8211; Que &#8216;mundo&#8217; e que &#8216;Igreja&#8217; se vislumbram na (est\u00e3o em) aurora?&#8217;<\/em><\/div>\n<\/div>\n<\/div>\n<\/div>\n<\/div>\n<\/div>\n<\/blockquote>\n<hr \/>\n<p>&nbsp;<\/p>\n<h4 style=\"text-align: center;\">Jo\u00e3o C\u00e9sar das Neves*<\/h4>\n<p style=\"font-weight: 400; text-align: justify;\"><strong><img loading=\"lazy\" decoding=\"async\" class=\"alignleft wp-image-9952\" src=\"https:\/\/diocese-aveiro.pt\/cultura\/wp-content\/uploads\/2020\/07\/joaocesarneves.jpg\" alt=\"\" width=\"178\" height=\"178\" srcset=\"https:\/\/diocese-aveiro.pt\/cultura\/wp-content\/uploads\/2020\/07\/joaocesarneves.jpg 268w, https:\/\/diocese-aveiro.pt\/cultura\/wp-content\/uploads\/2020\/07\/joaocesarneves-150x150.jpg 150w, https:\/\/diocese-aveiro.pt\/cultura\/wp-content\/uploads\/2020\/07\/joaocesarneves-100x100.jpg 100w\" sizes=\"auto, (max-width: 178px) 100vw, 178px\" \/>&#8211; Que &#8216;mundo&#8217; e que &#8216;Igreja&#8217; est\u00e3o em ocaso?<\/strong><\/p>\n<p style=\"font-weight: 400; text-align: justify;\">Ser\u00e1 que uma pandemia chega para gerar um ocaso? Muita gente acredita nisto. Fala-se cada vez mais do \u00abnovo normal\u00bb e apregoa-se que nada ficar\u00e1 como dantes. No entanto, essas mesmas declara\u00e7\u00f5es mostram como tudo permanece igual.<\/p>\n<p style=\"font-weight: 400; text-align: justify;\">Aquilo que a pandemia mostrou \u00e0 evid\u00eancia \u00e9 o que a Igreja repete h\u00e1 s\u00e9culos mas o mundo tenta negar: estamos todos nas m\u00e3os de Deus, que determina o nosso destino. De repente, devido a um ser microsc\u00f3pico, todos os planos dos poderosos, as certezas dos especialistas, os sonhos dos pobres foram abalados. O mundo viu-se encarcerado, paralisado impotente.<\/p>\n<p style=\"font-weight: 400; text-align: justify;\">O mundo, por\u00e9m, recusa ver-se assim. Por isso inventa um mundo novo, para tentar recuperar a ilus\u00e3o de controlo. Afinal a convic\u00e7\u00e3o de que um mundo est\u00e1 em ocaso \u00e9 mais uma tentativa para manter a ilus\u00e3o central do mundo caduco em que vivemos. Esta tese resulta da arrog\u00e2ncia pr\u00f3pria deste tempo, arrog\u00e2ncia que a pandemia desafiou, mas que tenta reafirmar-se, inventando um ocaso.<\/p>\n<p style=\"font-weight: 400; text-align: justify;\">Perante isto, a Igreja, hoje como sempre, ajoelha e pede miseric\u00f3rdia ao Senhor da vida, porque d\u2019Ele dependemos absolutamente, e sem Ele nada sabemos sobre o que somos e para onde vamos. O mundo, por\u00e9m, n\u00e3o suporta esta incerteza, esta depend\u00eancia, esta miseric\u00f3rdia. Ele tem de se sentir de novo em controlo, para fazer planos, ter certezas e imaginar sonhos. Por isso, no meio do c\u00e1rcere, paralisia e impot\u00eancia, o mundo sobe para cima da cadeira de onde o v\u00edrus o derrubara, e proclama a suprema mentira: o mundo que t\u00ednhamos morreu e vem a\u00ed um novo, gerado pelo v\u00edrus que ningu\u00e9m controla.<\/p>\n<p style=\"font-weight: 400; text-align: justify;\">Claro que o mundo nada sabes sobre o que a\u00ed vem. Mas precisa de fingir que sabe e domina o futuro. O que esta suprema tolice mostra \u00e9 que, afinal, o mundo continua exactamente como estava antes: arrogante e convencido que controla algo que lhe escapa completamente. Ser\u00e1 preciso muito mais que uma pandemia para o mundo compreender que n\u00e3o domina nada e, ajoelhando-se junto \u00e0 Igreja aos p\u00e9s da cruz, pedir miseric\u00f3rdia ao Senhor da vida.<\/p>\n<p style=\"font-weight: 400; text-align: justify;\"><strong>&#8211; Que &#8216;mundo&#8217; e que &#8216;Igreja&#8217; se vislumbram na (est\u00e3o em) aurora?&#8217;<\/strong><\/p>\n<p style=\"font-weight: 400; text-align: justify;\">A pandemia Covid-19 \u00e9, antes de mais, um mist\u00e9rio. Surgido do nada, derrubando tudo, deixando todos perplexos, a \u00fanica certeza que podemos ter \u00e9 que n\u00e3o entendemos o que est\u00e1 a acontecer, nem sabemos o que vai acontecer. Como pode algu\u00e9m afirmar algo acerca do que se aproxima, quando h\u00e1 poucos meses nos engan\u00e1mos redondamente nas expectativas que t\u00ednhamos?<\/p>\n<p style=\"font-weight: 400; text-align: justify;\">Que mundo teremos depois de passar a pandemia? A certeza da Igreja, que a pandemia confirmou de uma forma estrondosa, \u00e9 que o futuro a Deus pertence. Por isso, acerca do mundo que a\u00ed vem, a \u00fanica coisa que sensatamente podemos fazer \u00e9 rezar. Ser\u00e1 aquilo que Deus quiser.<\/p>\n<p style=\"font-weight: 400; text-align: justify;\">Assumindo a humildade perante a esmagadora realidade que estre v\u00edrus manifesta, temos, por\u00e9m, algumas pistas que nos orientam para vislumbrar esse futuro. O mundo, que Deus fez, tem como caracter\u00edstica principal, a sua din\u00e2mica estabilidade. \u00abDeus viu tudo quanto tinha feito; era tudo muito bom\u00bb (Gn 1, 31). Por isso, o melhor que podemos dizer acerca do mundo que a\u00ed vem \u00e9 que ele ser\u00e1 muito semelhante ao que hoje temos. Quem prev\u00ea auroras triunfantes ou mis\u00e9rias devastadoras est\u00e1 dominado pela imagina\u00e7\u00e3o, n\u00e3o pela realidade.<\/p>\n<p style=\"font-weight: 400; text-align: justify;\">O choque da doen\u00e7a foi vasto e profundo. Mas vai passar. Depois da epidemia, o mundo ficar\u00e1 um pouco mais pobre, um pouco mais endividado, um pouco mais desigual, um pouco mais medroso; mas ser\u00e1 o mesmo mundo que conhecemos. O v\u00edrus pode danificar a economia, mas n\u00e3o chega para mudar o mundo.<\/p>\n<p style=\"font-weight: 400; text-align: justify;\">A Igreja vive no mundo, e s\u00e3o dela \u00abas alegrias e as esperan\u00e7as, as tristezas e as ang\u00fastias dos homens de hoje\u00bb (GS 1). Assim, tamb\u00e9m ela estar\u00e1 mais pobre, endividada, desigual e medrosa que antes. Mas a sua miss\u00e3o \u00e9 a de sempre: levar Cristo ressuscitado ao mundo que O matou.<\/p>\n<p style=\"font-weight: 400; text-align: justify;\">Aprendemos todos muito com esta devastadora pandemia. O problema \u00e9 que aprendemos muitas coisas boas e tamb\u00e9m muitas coisas m\u00e1s. Assim, hoje como sempre, a luz de Cristo \u00e9 o \u00fanico guia perante o mist\u00e9rio do mundo.<\/p>\n<hr \/>\n<h6 style=\"text-align: right;\">*Professor catedr\u00e1tico de Economia<\/h6>\n<h6 style=\"text-align: right;\">Imagem de\u00a0<a href=\"https:\/\/pixabay.com\/pt\/users\/fernandozhiminaicela-6246704\/?utm_source=link-attribution&amp;utm_medium=referral&amp;utm_campaign=image&amp;utm_content=4985551\">fernando zhiminaicela<\/a>\u00a0por\u00a0<a href=\"https:\/\/pixabay.com\/pt\/?utm_source=link-attribution&amp;utm_medium=referral&amp;utm_campaign=image&amp;utm_content=4985551\">Pixabay<\/a><\/h6>\n","protected":false},"excerpt":{"rendered":"<p>Sinais dos Tempos<\/p>\n","protected":false},"author":1,"featured_media":9956,"comment_status":"closed","ping_status":"closed","sticky":false,"template":"","format":"standard","meta":{"footnotes":""},"categories":[53,158],"tags":[],"class_list":["post-9951","post","type-post","status-publish","format-standard","has-post-thumbnail","hentry","category-joao-cesar-das-neves","category-sinais-dos-tempos"],"_links":{"self":[{"href":"https:\/\/diocese-aveiro.pt\/cultura\/wp-json\/wp\/v2\/posts\/9951","targetHints":{"allow":["GET"]}}],"collection":[{"href":"https:\/\/diocese-aveiro.pt\/cultura\/wp-json\/wp\/v2\/posts"}],"about":[{"href":"https:\/\/diocese-aveiro.pt\/cultura\/wp-json\/wp\/v2\/types\/post"}],"author":[{"embeddable":true,"href":"https:\/\/diocese-aveiro.pt\/cultura\/wp-json\/wp\/v2\/users\/1"}],"replies":[{"embeddable":true,"href":"https:\/\/diocese-aveiro.pt\/cultura\/wp-json\/wp\/v2\/comments?post=9951"}],"version-history":[{"count":4,"href":"https:\/\/diocese-aveiro.pt\/cultura\/wp-json\/wp\/v2\/posts\/9951\/revisions"}],"predecessor-version":[{"id":10235,"href":"https:\/\/diocese-aveiro.pt\/cultura\/wp-json\/wp\/v2\/posts\/9951\/revisions\/10235"}],"wp:featuredmedia":[{"embeddable":true,"href":"https:\/\/diocese-aveiro.pt\/cultura\/wp-json\/wp\/v2\/media\/9956"}],"wp:attachment":[{"href":"https:\/\/diocese-aveiro.pt\/cultura\/wp-json\/wp\/v2\/media?parent=9951"}],"wp:term":[{"taxonomy":"category","embeddable":true,"href":"https:\/\/diocese-aveiro.pt\/cultura\/wp-json\/wp\/v2\/categories?post=9951"},{"taxonomy":"post_tag","embeddable":true,"href":"https:\/\/diocese-aveiro.pt\/cultura\/wp-json\/wp\/v2\/tags?post=9951"}],"curies":[{"name":"wp","href":"https:\/\/api.w.org\/{rel}","templated":true}]}}