{"id":9736,"date":"2020-07-01T15:09:08","date_gmt":"2020-07-01T14:09:08","guid":{"rendered":"http:\/\/diocese-aveiro.pt\/cultura\/?p=9736"},"modified":"2020-07-01T15:09:08","modified_gmt":"2020-07-01T14:09:08","slug":"noticias-eutanasia-associacao-dos-medicos-catolicos-vai-a-assembleia-da-republica","status":"publish","type":"post","link":"https:\/\/diocese-aveiro.pt\/cultura\/noticias-eutanasia-associacao-dos-medicos-catolicos-vai-a-assembleia-da-republica\/","title":{"rendered":"Not\u00edcias | Eutan\u00e1sia: Associa\u00e7\u00e3o dos M\u00e9dicos Cat\u00f3licos vai \u00e0 Assembleia da Rep\u00fablica"},"content":{"rendered":"<h6 style=\"text-align: right;\">Not\u00edcia e foto recolhidas da <a href=\"https:\/\/agencia.ecclesia.pt\/portal\/evento\/eutanasia-associacao-dos-medicos-catolicos-vai-a-assembleia-da-republica\/\" target=\"_blank\" rel=\"noopener noreferrer\">Ag\u00eancia Ecclesia<\/a><\/h6>\n<p style=\"text-align: justify;\">A Associa\u00e7\u00e3o dos M\u00e9dicos Cat\u00f3licos Portugueses vai reunir, esta quarta-feira (01 julho) na Assembleia da Rep\u00fablica, com os deputados do Grupo de Trabalho \u2013 Despenaliza\u00e7\u00e3o da Morte Medicamente Assistida, onde vai reafirmar a oposi\u00e7\u00e3o \u00e0 eutan\u00e1sia, porque \u201ctoda a vida tem dignidade\u201d.<\/p>\n<p style=\"text-align: justify;\">\u201cVamos levar a nossa posi\u00e7\u00e3o clara, que come\u00e7a por ser uma posi\u00e7\u00e3o como m\u00e9dicos: somos completamente solid\u00e1rios com esta posi\u00e7\u00e3o de for\u00e7a da Ordem dos M\u00e9dicos, extraordin\u00e1ria na sua clareza e na sua coragem, de afirmar de novo que, n\u00e3o sendo a favor da eutan\u00e1sia \u2013 o baston\u00e1rio sempre considerou isso \u2013, agora foi mais forte do que nunca dizendo que os m\u00e9dicos n\u00e3o se far\u00e3o representar na regulamenta\u00e7\u00e3o da lei\u201d, revelou, ao Jornal VOZ DA VERDADE, Margarida Neto, presidente do N\u00facleo de Lisboa da Associa\u00e7\u00e3o dos M\u00e9dicos Cat\u00f3licos Portugueses.<\/p>\n<p style=\"text-align: justify;\">Na emiss\u00e3o em direto do programa \u00ab3 DICAS\u00bb desta segunda-feira, 29 de junho, esta m\u00e9dica psiquiatra refor\u00e7ou que \u201ctoda a vida tem dignidade\u201d.<\/p>\n<p style=\"text-align: justify;\">A dignidade \u201cn\u00e3o \u00e9 algo contingente, \u00e9 algo de sempre, que \u00e9 inerente \u00e0 pessoa humana desde que nasce at\u00e9 que morre, mesmo que as condi\u00e7\u00f5es de fim de vida sejam dif\u00edceis \u2013 exatamente por isso \u00e9 que devemos cuidar ainda melhor dessa condi\u00e7\u00e3o de finalidade de vida -, com os cuidados paliativos em particular, mas com a atitude m\u00e9dica que \u00e9, desde sempre\u201d, garantiu Margarida Neto.<\/p>\n<p style=\"text-align: justify;\">\u201cVamos dizer que somos m\u00e9dicos e que somos contra esta lei\u201d, concluiu.<\/p>\n<p style=\"text-align: justify;\"><em>LFS<\/em><\/p>\n<div class=\"addtoany_share_save_container addtoany_content addtoany_content_bottom\">\n<div class=\"addtoany_header\" style=\"text-align: justify;\"><\/div>\n<\/div>\n","protected":false},"excerpt":{"rendered":"<p>Not\u00edcia e foto<\/p>\n","protected":false},"author":1,"featured_media":9737,"comment_status":"closed","ping_status":"closed","sticky":false,"template":"","format":"standard","meta":{"footnotes":""},"categories":[146,10],"tags":[],"class_list":["post-9736","post","type-post","status-publish","format-standard","has-post-thumbnail","hentry","category-letra-viva-valores-de-uma-cultura-que-cuida-e-nao-mata","category-noticias"],"_links":{"self":[{"href":"https:\/\/diocese-aveiro.pt\/cultura\/wp-json\/wp\/v2\/posts\/9736","targetHints":{"allow":["GET"]}}],"collection":[{"href":"https:\/\/diocese-aveiro.pt\/cultura\/wp-json\/wp\/v2\/posts"}],"about":[{"href":"https:\/\/diocese-aveiro.pt\/cultura\/wp-json\/wp\/v2\/types\/post"}],"author":[{"embeddable":true,"href":"https:\/\/diocese-aveiro.pt\/cultura\/wp-json\/wp\/v2\/users\/1"}],"replies":[{"embeddable":true,"href":"https:\/\/diocese-aveiro.pt\/cultura\/wp-json\/wp\/v2\/comments?post=9736"}],"version-history":[{"count":1,"href":"https:\/\/diocese-aveiro.pt\/cultura\/wp-json\/wp\/v2\/posts\/9736\/revisions"}],"predecessor-version":[{"id":9738,"href":"https:\/\/diocese-aveiro.pt\/cultura\/wp-json\/wp\/v2\/posts\/9736\/revisions\/9738"}],"wp:featuredmedia":[{"embeddable":true,"href":"https:\/\/diocese-aveiro.pt\/cultura\/wp-json\/wp\/v2\/media\/9737"}],"wp:attachment":[{"href":"https:\/\/diocese-aveiro.pt\/cultura\/wp-json\/wp\/v2\/media?parent=9736"}],"wp:term":[{"taxonomy":"category","embeddable":true,"href":"https:\/\/diocese-aveiro.pt\/cultura\/wp-json\/wp\/v2\/categories?post=9736"},{"taxonomy":"post_tag","embeddable":true,"href":"https:\/\/diocese-aveiro.pt\/cultura\/wp-json\/wp\/v2\/tags?post=9736"}],"curies":[{"name":"wp","href":"https:\/\/api.w.org\/{rel}","templated":true}]}}