{"id":9733,"date":"2020-07-01T13:45:17","date_gmt":"2020-07-01T12:45:17","guid":{"rendered":"http:\/\/diocese-aveiro.pt\/cultura\/?p=9733"},"modified":"2020-07-01T13:45:17","modified_gmt":"2020-07-01T12:45:17","slug":"fe-e-ciencia-astronomo-do-vaticano-torna-se-o-11o-jesuita-a-dar-nome-a-asteroide","status":"publish","type":"post","link":"https:\/\/diocese-aveiro.pt\/cultura\/fe-e-ciencia-astronomo-do-vaticano-torna-se-o-11o-jesuita-a-dar-nome-a-asteroide\/","title":{"rendered":"F\u00e9 e ci\u00eancia: Astr\u00f3nomo do Vaticano torna-se o 11\u00ba jesu\u00edta a dar nome a asteroide"},"content":{"rendered":"<div class=\"col-xs-12 col-sm-12 col-md-8 col-lg-8\">\n<h6 style=\"text-align: right;\">Artigo e foto recolhidos do <a href=\"https:\/\/www.snpcultura.org\/astronomo_do_vaticano_torna_se_o_11_jesuita_a_dar_nome_a_asteroide_chris_corbally.html\" target=\"_blank\" rel=\"noopener noreferrer\">SNPC<\/a><\/h6>\n<\/div>\n<div class=\"col-xs-12 col-sm-12 col-md-8 col-lg-8\">\n<p style=\"text-align: justify;\">O P. Chris Corbally, astr\u00f3nomo estelar do Observat\u00f3rio do Vaticano, passou a ter o nome associado a um corpo rochoso no cintur\u00e3o de asteroides que orbita o Sol, na sequ\u00eancia da aprova\u00e7\u00e3o da Uni\u00e3o Astron\u00f3mica Internacional.<\/p>\n<p style=\"text-align: justify;\">O asteroide, designado 119248 Corbally, tem cerca de um km e meio de di\u00e2metro, gravita a mais de 130 milh\u00f5es de km da Terra, e foi descoberto a 10 de setembro de 2001 por Roy Tucker, engenheiro recentemente reformado do Imaging Technology Laboratory da Universidade do Arizona.<\/p>\n<p style=\"text-align: justify;\">O trabalho de Tucker, que trabalhou longamente com astr\u00f3nomos da Santa S\u00e9, incluiu a constru\u00e7\u00e3o e manuten\u00e7\u00e3o de equipamentos usados na obten\u00e7\u00e3o de imagens digitais de objetos celestes no Laborat\u00f3rio de Tecnologia Avan\u00e7ada do Vaticano, bem como de telesc\u00f3pios usados por Corbally no Observat\u00f3rio Steward.<\/p>\n<p style=\"text-align: justify;\">Nascido em Londres, Corbally, de 74 anos, trabalha na equipa do Observat\u00f3rio do Vaticano desde 1983, depois de concluir o doutoramento em astronomia pela Universidade de Toronto. Foi vice-diretor do Grupo de Pesquisa do Observat\u00f3rio do Vaticano at\u00e9 2012.<\/p>\n<p style=\"text-align: justify;\">O religioso tem uma ampla gama de interesses de investiga\u00e7\u00e3o, como sistemas estelares, classifica\u00e7\u00e3o espectral estelar, atividade em estrelas do tipo solar, estrutura gal\u00e1ctica, regi\u00f5es de forma\u00e7\u00e3o estelar e tecnologia de telesc\u00f3pios.<\/p>\n<p style=\"text-align: justify;\">\u00abSou muito um homem das estrelas. Mas ao perceber que as estrelas est\u00e3o na nossa gal\u00e1xia, tamb\u00e9m estou interessado na estrutura gal\u00e1ctica e na hist\u00f3ria das popula\u00e7\u00f5es de estrelas na nossa gal\u00e1xia. A minha maneira de investigar tudo isso \u00e9 atrav\u00e9s das estrelas individuais\u00bb, explicou, depois de ter manifestado surpresa pelo \u201cbatismo\u201d.<\/p>\n<p style=\"text-align: justify;\">A contribui\u00e7\u00e3o para a ci\u00eancia por parte do Vaticano converteu-se em pelo menos 10 asteroides com nomes de religiosos da Companhia de Jesus, incluindo o seu fundador, Santo In\u00e1cio de Loyola, e o atual diretor do Observat\u00f3rio, Ir. Guy Consolmagno.<\/p>\n<p style=\"text-align: justify;\">A lista de nomes compreende investigadores contempor\u00e2neos do P. Corbally, bem como o P. George Coyne, que dirigiu o Observat\u00f3rio do Vaticano e faleceu em fevereiro deste ano, a par de padres dos s\u00e9culos XVIII e XIX.<\/p>\n<\/div>\n<p style=\"text-align: justify;\">\n<div class=\"col-xs-12 col-sm-12 col-md-8 col-lg-8\" style=\"text-align: right;\"><span class=\"autor\">Dennis Sadowski<br \/>\nIn\u00a0<a href=\"https:\/\/cruxnow.com\/vatican\/2020\/06\/vatican-astronomer-becomes-11th-jesuit-to-have-an-asteroid-named-for-him\/\" target=\"_blank\" rel=\"noopener noreferrer\">Crux<\/a><br \/>\nTrad. \/ edi\u00e7\u00e3o: Rui Jorge Martins<br \/>\nImagem: P. Chris Corbally | Nancy Wiechec\/CNS<\/span><\/div>\n","protected":false},"excerpt":{"rendered":"<p>Artigo e foto<\/p>\n","protected":false},"author":1,"featured_media":9734,"comment_status":"closed","ping_status":"closed","sticky":false,"template":"","format":"standard","meta":{"footnotes":""},"categories":[14],"tags":[],"class_list":["post-9733","post","type-post","status-publish","format-standard","has-post-thumbnail","hentry","category-temas-para-debate"],"_links":{"self":[{"href":"https:\/\/diocese-aveiro.pt\/cultura\/wp-json\/wp\/v2\/posts\/9733","targetHints":{"allow":["GET"]}}],"collection":[{"href":"https:\/\/diocese-aveiro.pt\/cultura\/wp-json\/wp\/v2\/posts"}],"about":[{"href":"https:\/\/diocese-aveiro.pt\/cultura\/wp-json\/wp\/v2\/types\/post"}],"author":[{"embeddable":true,"href":"https:\/\/diocese-aveiro.pt\/cultura\/wp-json\/wp\/v2\/users\/1"}],"replies":[{"embeddable":true,"href":"https:\/\/diocese-aveiro.pt\/cultura\/wp-json\/wp\/v2\/comments?post=9733"}],"version-history":[{"count":1,"href":"https:\/\/diocese-aveiro.pt\/cultura\/wp-json\/wp\/v2\/posts\/9733\/revisions"}],"predecessor-version":[{"id":9735,"href":"https:\/\/diocese-aveiro.pt\/cultura\/wp-json\/wp\/v2\/posts\/9733\/revisions\/9735"}],"wp:featuredmedia":[{"embeddable":true,"href":"https:\/\/diocese-aveiro.pt\/cultura\/wp-json\/wp\/v2\/media\/9734"}],"wp:attachment":[{"href":"https:\/\/diocese-aveiro.pt\/cultura\/wp-json\/wp\/v2\/media?parent=9733"}],"wp:term":[{"taxonomy":"category","embeddable":true,"href":"https:\/\/diocese-aveiro.pt\/cultura\/wp-json\/wp\/v2\/categories?post=9733"},{"taxonomy":"post_tag","embeddable":true,"href":"https:\/\/diocese-aveiro.pt\/cultura\/wp-json\/wp\/v2\/tags?post=9733"}],"curies":[{"name":"wp","href":"https:\/\/api.w.org\/{rel}","templated":true}]}}