{"id":9696,"date":"2020-06-27T11:45:40","date_gmt":"2020-06-27T10:45:40","guid":{"rendered":"http:\/\/diocese-aveiro.pt\/cultura\/?p=9696"},"modified":"2020-06-27T11:58:32","modified_gmt":"2020-06-27T10:58:32","slug":"noticia-arcebispo-de-seul-anuncia-intencao-de-dedicar-diocese-de-pyongyang-a-nossa-senhora-de-fatima","status":"publish","type":"post","link":"https:\/\/diocese-aveiro.pt\/cultura\/noticia-arcebispo-de-seul-anuncia-intencao-de-dedicar-diocese-de-pyongyang-a-nossa-senhora-de-fatima\/","title":{"rendered":"Not\u00edcia | Arcebispo de Seul anuncia inten\u00e7\u00e3o de dedicar diocese de Pyongyang a Nossa Senhora de F\u00e1tima"},"content":{"rendered":"<div class=\"col-xs-12 col-sm-12 col-md-8 col-lg-8\">\n<h6 style=\"text-align: right;\">Artigo recolhido do <a href=\"https:\/\/www.snpcultura.org\/arcebispo_de_seul_anuncia_intencao_de_dedicar_diocese_de_pyongyang_a_Nossa_Senhora_Fatima.html\" target=\"_blank\" rel=\"noopener noreferrer\">SNPC<\/a><\/h6>\n<\/div>\n<div class=\"col-xs-12 col-sm-12 col-md-8 col-lg-8\">\n<p style=\"text-align: justify;\">O arcebispo de Seul, capital da Coreia da Sul, e administrador apost\u00f3lico de Pyongyang, cardeal Andrew Yeom Soo-jung, declarou esta quinta-feira a vontade de dedicar a diocese da capital da Coreia do Norte a Nossa Senhora de F\u00e1tima, revela a edi\u00e7\u00e3o de hoje do jornal do Vaticano, \u201cL\u2019Osservatore Romano\u201d.<\/p>\n<p style=\"text-align: justify;\">O prop\u00f3sito foi revelado no final da missa a que presidiu, na catedral de Myeongdong, em Seul, celebra\u00e7\u00e3o que teve como inten\u00e7\u00e3o a reconcilia\u00e7\u00e3o e unidade na Coreia, no dia em que passaram 70 anos do in\u00edcio da guerra que entre 1950 e 1953 ensanguentou a pen\u00ednsula, deixando, como \u00abtriste heran\u00e7a\u00bb, uma duradoura \u00absitua\u00e7\u00e3o de tens\u00e3o devida \u00e0 contraposi\u00e7\u00e3o entre o Sul e o Norte que amea\u00e7a a paz\u00bb.<\/p>\n<p style=\"text-align: justify;\">A ora\u00e7\u00e3o constitui \u00aba arma mais poderosa que a Igreja possui na luta pela paz\u00bb, vincou o prelado, que se referiu a Nossa Senhora de F\u00e1tima \u2013 visitou o santu\u00e1rio da Cova da Iria a 12 e 13 de outubro de 2019, quando presidiu \u00e0 peregrina\u00e7\u00e3o internacional anivers\u00e1ria \u2013 e ao \u00abgrande poder\u00bb do ros\u00e1rio, que \u00abpode mudar o decurso da hist\u00f3ria\u00bb.<\/p>\n<p style=\"text-align: justify;\">O cardeal de 76 anos, um dos pouqu\u00edssimos bispos que viveu pessoalmente a experi\u00eancia do conflito \u2013 tinha sete anos quando este come\u00e7ou \u2013, desafiou os fi\u00e9is a viver a data como \u00abuma ocasi\u00e3o importante para renovar, como cidad\u00e3os da Coreia e como crist\u00e3os, a determina\u00e7\u00e3o\u00bb para realizar a \u00abmiss\u00e3o de empenho pela reconcilia\u00e7\u00e3o e a unidade do povo e pela paz, isto \u00e9, pela evangeliza\u00e7\u00e3o da pen\u00ednsula coreana\u00bb.<\/p>\n<p style=\"text-align: justify;\">O prelado, que nunca foi autorizado pelo regime norte-coreano a visitar Pyongyang, pediu aos cat\u00f3licos para unirem \u00abtodas as for\u00e7as e todos os cora\u00e7\u00f5es com o objetivo de servir, de alguma forma, a constru\u00e7\u00e3o na pen\u00ednsula de uma sociedade na qual todo o povo, quer do Sul quer do Norte, libertado da heran\u00e7a do passado atrav\u00e9s da \u201cpurifica\u00e7\u00e3o da mem\u00f3ria\u201d, viva uma vida verdadeiramente humana\u00bb na paz de Deus.<\/p>\n<p style=\"text-align: justify;\">Andrew Yeom Soo-jung falou do agravamento das tens\u00f5es pol\u00edticas e sociais entre as duas Coreias, e constatou o fracasso de todas as iniciativas em favor da reconcilia\u00e7\u00e3o, que defraudaram as \u00abgrandes expetativas\u00bb dos coreanos e do mundo.<\/p>\n<p style=\"text-align: justify;\">Depois de frisar que, apesar de ser \u00abmuito dif\u00edcil\u00bb, a paz n\u00e3o \u00e9 imposs\u00edvel, o cardeal insistiu na necessidade do perd\u00e3o, que, apesar de parecer \u00abcontr\u00e1rio \u00e0 l\u00f3gica humana\u00bb, representa uma condi\u00e7\u00e3o indispens\u00e1vel para a \u00abreconcilia\u00e7\u00e3o rec\u00edproca e, portanto, para a reconcilia\u00e7\u00e3o com Deus\u00bb.<\/p>\n<p style=\"text-align: justify;\">Se assim n\u00e3o for, seja a n\u00edvel individual seja no plano internacional, advertiu, \u00aba justi\u00e7a ser\u00e1 acompanhada pelo rancor, pelo \u00f3dio e at\u00e9 pela crueldade, e por isso a paz n\u00e3o poder\u00e1 ser duradoura\u00bb.<\/p>\n<p style=\"text-align: justify;\">\u00abPe\u00e7o as vossas ora\u00e7\u00f5es pela paz e pela reconcilia\u00e7\u00e3o na Pen\u00ednsula Coreana, pelos vossos irm\u00e3os e irm\u00e3s na f\u00e9, geograficamente distantes, mas unidos pela presen\u00e7a de Deus. Orai connosco pelo fim dos conflitos e das divis\u00f5es na peninsula\u00bb, pediu o cardeal na homilia da missa de 12 de outubro, em F\u00e1tima.<\/p>\n<p style=\"text-align: justify;\">Durante a sua peregrina\u00e7\u00e3o \u00e0 Cova da Iria, Andrew Yeom Soo-jung sublinhou tamb\u00e9m que, desde meados do s\u00e9culo XX, \u00abn\u00e3o h\u00e1 padres ou religiosos\u00bb na Coreia do Norte, porque \u00abforam sequestrados, expulsos ou deixados entregues \u00e0 morte certa\u00bb.<\/p>\n<p style=\"text-align: justify;\">A 23 de mar\u00e7o deste ano, o cardeal recitou o Ter\u00e7o diante da est\u00e1tua de Nossa Senhora de F\u00e1tima na capela da c\u00faria arquidiocesana, tendo como inten\u00e7\u00e3o a cura aos que sofrem o cont\u00e1gio do Coronav\u00edrus, bem como a for\u00e7a e a coragem dos agentes de sa\u00fade<\/p>\n<\/div>\n<div class=\"col-xs-12 col-sm-12 col-md-8 col-lg-8\" style=\"text-align: right;\"><span class=\"autor\">Rui Jorge Martins<br \/>\nFonte:\u00a0<a href=\"https:\/\/media.vaticannews.va\/media\/osservatoreromano\/pdf\/quo\/2020\/06\/QUO_2020_145_2706.pdf\" target=\"_blank\" rel=\"noopener noreferrer\">L&#8217;Osservatore Romano<\/a><br \/>\nPhoto by <a href=\"https:\/\/unsplash.com\/@amaitu?utm_source=unsplash&amp;utm_medium=referral&amp;utm_content=creditCopyText\">Steve Barker<\/a>\u00a0on\u00a0<a href=\"https:\/\/unsplash.com\/s\/photos\/pyongyang?utm_source=unsplash&amp;utm_medium=referral&amp;utm_content=creditCopyText\">Unsplash<\/a><\/span><\/div>\n","protected":false},"excerpt":{"rendered":"<p>Artigo recolhido do<\/p>\n","protected":false},"author":1,"featured_media":9697,"comment_status":"closed","ping_status":"closed","sticky":false,"template":"","format":"standard","meta":{"footnotes":""},"categories":[10],"tags":[],"class_list":["post-9696","post","type-post","status-publish","format-standard","has-post-thumbnail","hentry","category-noticias"],"_links":{"self":[{"href":"https:\/\/diocese-aveiro.pt\/cultura\/wp-json\/wp\/v2\/posts\/9696","targetHints":{"allow":["GET"]}}],"collection":[{"href":"https:\/\/diocese-aveiro.pt\/cultura\/wp-json\/wp\/v2\/posts"}],"about":[{"href":"https:\/\/diocese-aveiro.pt\/cultura\/wp-json\/wp\/v2\/types\/post"}],"author":[{"embeddable":true,"href":"https:\/\/diocese-aveiro.pt\/cultura\/wp-json\/wp\/v2\/users\/1"}],"replies":[{"embeddable":true,"href":"https:\/\/diocese-aveiro.pt\/cultura\/wp-json\/wp\/v2\/comments?post=9696"}],"version-history":[{"count":2,"href":"https:\/\/diocese-aveiro.pt\/cultura\/wp-json\/wp\/v2\/posts\/9696\/revisions"}],"predecessor-version":[{"id":9699,"href":"https:\/\/diocese-aveiro.pt\/cultura\/wp-json\/wp\/v2\/posts\/9696\/revisions\/9699"}],"wp:featuredmedia":[{"embeddable":true,"href":"https:\/\/diocese-aveiro.pt\/cultura\/wp-json\/wp\/v2\/media\/9697"}],"wp:attachment":[{"href":"https:\/\/diocese-aveiro.pt\/cultura\/wp-json\/wp\/v2\/media?parent=9696"}],"wp:term":[{"taxonomy":"category","embeddable":true,"href":"https:\/\/diocese-aveiro.pt\/cultura\/wp-json\/wp\/v2\/categories?post=9696"},{"taxonomy":"post_tag","embeddable":true,"href":"https:\/\/diocese-aveiro.pt\/cultura\/wp-json\/wp\/v2\/tags?post=9696"}],"curies":[{"name":"wp","href":"https:\/\/api.w.org\/{rel}","templated":true}]}}