{"id":9690,"date":"2020-06-26T08:47:37","date_gmt":"2020-06-26T07:47:37","guid":{"rendered":"http:\/\/diocese-aveiro.pt\/cultura\/?p=9690"},"modified":"2020-06-26T08:47:37","modified_gmt":"2020-06-26T07:47:37","slug":"noticias-covid-19-debater-a-eutanasia-neste-contexto-e-falta-de-seriedade-diz-especialista-franciscano","status":"publish","type":"post","link":"https:\/\/diocese-aveiro.pt\/cultura\/noticias-covid-19-debater-a-eutanasia-neste-contexto-e-falta-de-seriedade-diz-especialista-franciscano\/","title":{"rendered":"Not\u00edcias | Covid-19: \u00abDebater a eutan\u00e1sia neste contexto \u00e9 falta de seriedade\u00bb, diz especialista franciscano"},"content":{"rendered":"<h6 style=\"text-align: right;\">Not\u00edcia e foto recolhidas da<a href=\"https:\/\/agencia.ecclesia.pt\/portal\/covid-19-debater-a-eutanasia-neste-contexto-e-falta-de-seriedade-diz-especialista-franciscano\/\" target=\"_blank\" rel=\"noopener noreferrer\"> Ag\u00eancia Ecclesia<\/a><\/h6>\n<p>Frei Herm\u00ednio Ara\u00fajo aborda desafios ao desconfinamento, a partir da \u00abLaudato Si\u00bb e da figura de S\u00e3o Francisco de Assis<\/p>\n<p style=\"text-align: justify;\">O religioso franciscano Herm\u00ednio Ara\u00fajo, que h\u00e1 v\u00e1rios anos acompanha doentes nos cuidados paliativos, afirmou que o debate sobre a legaliza\u00e7\u00e3o da eutan\u00e1sia em Portugal, num contexto de pandemia, revela \u201cfalta de seriedade\u201d.<\/p>\n<p style=\"text-align: justify;\">\u201cTemos de levar as pessoas a s\u00e9rio, levar o sofrimento das pessoas a s\u00e9rio\u201d, apelou o superior do Convento Franciscano do Varatojo (Torres Vedras), convidado da entrevista semanal conjunta Renascen\u00e7a\/Ecclesia que \u00e9 publicada e emitida \u00e0 sexta-feira.<\/p>\n<p style=\"text-align: justify;\">Frei Herm\u00ednio Ara\u00fajo lamenta o desconhecimento e a mistura de conceitos, no que se relaciona aos cuidados paliativos, lamentando a falta de aten\u00e7\u00e3o dos respons\u00e1veis pol\u00edticos por este campo.<\/p>\n<p style=\"text-align: justify;\">\u201cH\u00e1 evid\u00eancia cient\u00edfica at\u00e9 \u00e0 exaust\u00e3o para perceber que a espiritualidade \u00e9 uma mais-valia e o sofrimento existencial pode ser acompanhado. Introduzir o debate da eutan\u00e1sia neste contexto \u00e9 falta de seriedade\u201d, insiste.<\/p>\n<p style=\"text-align: justify;\">Uma semana depois da publica\u00e7\u00e3o, por parte do Vaticano, de um \u201cmanual\u201d de aplica\u00e7\u00e3o da \u2018Laudato Si\u2019, na defesa da natureza e da vida humana, o religioso sublinha que o processo de mudan\u00e7a promovido pelo Papa Francisco \u201cvai demorar muito tempo\u201d.<\/p>\n<p style=\"text-align: justify;\">\u201cH\u00e1 oportunidades que j\u00e1 foram perdidas, outras que v\u00e3o ser perdidas, inclusivamente na vida da Igreja, se os respons\u00e1veis mais diretos acharem que isto \u00e9 s\u00f3 um tema entre muitos outros, se n\u00e3o perceberem que este \u00e9 o tema transversal a todos os temas\u201d, sustenta.<\/p>\n<blockquote>\n<p style=\"text-align: justify;\">&#8220;No contexto da pandemia, tenho dito que depois de sair disto, n\u00e3o podemos pensar que vivemos fazendo as mesmas coisas de uma forma diferente. E tamb\u00e9m n\u00e3o \u00e9 fazendo coisas diferentes, n\u00e3o, temos de ser pessoas diferentes. \u00c9 para a\u00ed que temos de caminhar\u201d.<\/p>\n<\/blockquote>\n<p style=\"text-align: justify;\">Comentando o impacto da pandemia de Covid-19, o convidado adverte que h\u00e1 \u201cmuito sofrimento que n\u00e3o est\u00e1 a ser devidamente acolhido\u201d e lutos por fazer, que exigem respostas.<\/p>\n<p style=\"text-align: justify;\">\u201cA chave de leitura do pontificado do Papa Francisco est\u00e1 na palavra \u2018cuidar\u2019, no verbo \u2018cuidar\u2019. E n\u00e3o \u00e9 algo abstrato, \u00e9 algo operativo, muito concreto\u201d, acrescenta.<\/p>\n<p style=\"text-align: justify;\">Recordando a tradi\u00e7\u00e3o franciscana e, em particular, o \u2018C\u00e2ntico das Criaturas\u2019 de S\u00e3o Francisco de Assis, frei Herm\u00ednio Ara\u00fajo real\u00e7a que \u201ca convers\u00e3o ecol\u00f3gica de que se fala \u00e9, sobretudo, uma convers\u00e3o espiritual\u201d.<\/p>\n<p style=\"text-align: justify;\">\u201c\u00c9 a partir das coisas terrenas que nos aproximamos de Deus, porque quando julgamos que estamos em sintonia com Deus e fugimos do mundo, isso n\u00e3o tem nada de cat\u00f3lico\u201d,\u00a0<a href=\"https:\/\/agencia.ecclesia.pt\/portal\/covid-19-nao-podemos-pensar-que-vivemos-fazendo-as-mesmas-coisas-de-uma-forma-diferente-frei-herminio-araujo\/\">observa<\/a>.<\/p>\n<p style=\"text-align: justify;\">Para este respons\u00e1vel, \u00e9 urgente uma \u201cmudan\u00e7a ontol\u00f3gica, uma mudan\u00e7a do cora\u00e7\u00e3o\u201d, que valorize a rela\u00e7\u00e3o com cada ser.<\/p>\n<p style=\"text-align: justify;\"><em>\u00c2ngela Roque (Renascen\u00e7a) e Oct\u00e1vio Carmo (Ecclesia)<\/em><\/p>\n","protected":false},"excerpt":{"rendered":"<p>Not\u00edcia e foto<\/p>\n","protected":false},"author":1,"featured_media":9691,"comment_status":"closed","ping_status":"closed","sticky":false,"template":"","format":"standard","meta":{"footnotes":""},"categories":[151,146,10],"tags":[],"class_list":["post-9690","post","type-post","status-publish","format-standard","has-post-thumbnail","hentry","category-covid-19","category-letra-viva-valores-de-uma-cultura-que-cuida-e-nao-mata","category-noticias"],"_links":{"self":[{"href":"https:\/\/diocese-aveiro.pt\/cultura\/wp-json\/wp\/v2\/posts\/9690","targetHints":{"allow":["GET"]}}],"collection":[{"href":"https:\/\/diocese-aveiro.pt\/cultura\/wp-json\/wp\/v2\/posts"}],"about":[{"href":"https:\/\/diocese-aveiro.pt\/cultura\/wp-json\/wp\/v2\/types\/post"}],"author":[{"embeddable":true,"href":"https:\/\/diocese-aveiro.pt\/cultura\/wp-json\/wp\/v2\/users\/1"}],"replies":[{"embeddable":true,"href":"https:\/\/diocese-aveiro.pt\/cultura\/wp-json\/wp\/v2\/comments?post=9690"}],"version-history":[{"count":1,"href":"https:\/\/diocese-aveiro.pt\/cultura\/wp-json\/wp\/v2\/posts\/9690\/revisions"}],"predecessor-version":[{"id":9692,"href":"https:\/\/diocese-aveiro.pt\/cultura\/wp-json\/wp\/v2\/posts\/9690\/revisions\/9692"}],"wp:featuredmedia":[{"embeddable":true,"href":"https:\/\/diocese-aveiro.pt\/cultura\/wp-json\/wp\/v2\/media\/9691"}],"wp:attachment":[{"href":"https:\/\/diocese-aveiro.pt\/cultura\/wp-json\/wp\/v2\/media?parent=9690"}],"wp:term":[{"taxonomy":"category","embeddable":true,"href":"https:\/\/diocese-aveiro.pt\/cultura\/wp-json\/wp\/v2\/categories?post=9690"},{"taxonomy":"post_tag","embeddable":true,"href":"https:\/\/diocese-aveiro.pt\/cultura\/wp-json\/wp\/v2\/tags?post=9690"}],"curies":[{"name":"wp","href":"https:\/\/api.w.org\/{rel}","templated":true}]}}