{"id":9563,"date":"2020-06-09T09:09:21","date_gmt":"2020-06-09T08:09:21","guid":{"rendered":"http:\/\/diocese-aveiro.pt\/cultura\/?p=9563"},"modified":"2020-06-09T09:09:21","modified_gmt":"2020-06-09T08:09:21","slug":"noticias-d-antonio-moiteiro-preside-a-eucaristia-da-solenidade-do-corpo-de-deus-na-se","status":"publish","type":"post","link":"https:\/\/diocese-aveiro.pt\/cultura\/noticias-d-antonio-moiteiro-preside-a-eucaristia-da-solenidade-do-corpo-de-deus-na-se\/","title":{"rendered":"Not\u00edcias | D. Ant\u00f3nio Moiteiro preside \u00e0 Eucaristia da Solenidade do Corpo de Deus na S\u00e9"},"content":{"rendered":"<h6 style=\"text-align: right;\">Not\u00edcia e imagem recolhidas da <a href=\"https:\/\/agencia.ecclesia.pt\/portal\/evento\/aveiro-bispo-preside-a-eucaristia-da-solenidade-do-corpo-de-deus-na-se\/\" target=\"_blank\" rel=\"noopener noreferrer\">Ag\u00eancia Ecclesia<\/a><\/h6>\n<p style=\"text-align: justify;\">O bispo de Aveiro vai presidir \u00e0 Eucaristia da Solenidade do Corpo de Deus, com b\u00ean\u00e7\u00e3o \u00e0 cidade e diocese, esta quinta-feira, 11 de junho, a partir das 19h00, na S\u00e9.<\/p>\n<p style=\"text-align: justify;\">Na informa\u00e7\u00e3o enviada hoje \u00e0 Ag\u00eancia ECCLESIA, a Diocese de Aveiro explica que D. Ant\u00f3nio Moiteiro vai presidir \u00e0 Missa do Sant\u00edssimo Corpo e Sangue de Cristo na S\u00e9 e, devido \u00e0 situa\u00e7\u00e3o atual da pandemia do Covid-19, cada par\u00f3quia celebra o Corpo de Deus nas suas realidades.<\/p>\n<p style=\"text-align: justify;\">Ap\u00f3s a Eucaristia, que come\u00e7a \u00e0s 19h00, o bispo de Aveiro aben\u00e7oa \u00e0 cidade e a diocese com o Sant\u00edssimo, num dia que \u00e9 feriado nacional em Portugal.<\/p>\n<p style=\"text-align: justify;\">A solenidade lit\u00fargica do Corpo e Sangue de Cristo come\u00e7ou a ser celebrada h\u00e1 mais de sete s\u00e9culos e meio, em 1246, na cidade de Li\u00e8ge, na atual B\u00e9lgica, tendo sido alargada \u00e0 Igreja latina pelo Papa Urbano IV atrav\u00e9s da bula \u201cTransiturus\u201d, em 1264, dotando-a de missa e of\u00edcio pr\u00f3prios.<\/p>\n<p style=\"text-align: justify;\">Na origem, a solenidade constitu\u00eda uma resposta a heresias que colocavam em causa a presen\u00e7a real de Cristo na Eucaristia, tendo-se afirmado tamb\u00e9m como o coroamento de um movimento de devo\u00e7\u00e3o ao Sant\u00edssimo Sacramento; teria chegado a Portugal provavelmente nos finais do s\u00e9culo XIII e tomou a denomina\u00e7\u00e3o de festa de Corpo de Deus.<\/p>\n<p style=\"text-align: justify;\">Esta exulta\u00e7\u00e3o popular \u00e0 Eucaristia \u00e9 manifestada no 60.\u00b0 dia ap\u00f3s a P\u00e1scoa, uma quinta-feira, ligando-se assim \u00e0 \u00daltima Ceia, de Quinta-feira Santa.<\/p>\n<p style=\"text-align: justify;\">S\u00f3 durante a Idade M\u00e9dia se regista, no Ocidente, um culto dirigido mais deliberadamente \u00e0 presen\u00e7a eucar\u00edstica, dando maior relevo \u00e0 adora\u00e7\u00e3o; no s\u00e9culo XII \u00e9 introduzido um novo rito na celebra\u00e7\u00e3o da Missa: a eleva\u00e7\u00e3o da h\u00f3stia consagrada, no momento da consagra\u00e7\u00e3o.<\/p>\n<p style=\"text-align: justify;\">No s\u00e9culo XIII, a adora\u00e7\u00e3o da h\u00f3stia desenvolve-se fora da Missa e aumenta a aflu\u00eancia popular \u00e0 prociss\u00e3o do Sant\u00edssimo Sacramento.<\/p>\n<p style=\"text-align: justify;\">A \u201ccomemora\u00e7\u00e3o mais c\u00e9lebre e solene do Sacramento memorial da Missa\u201d (Urbano IV) recebeu v\u00e1rias denomina\u00e7\u00f5es ao longo dos s\u00e9culos: festa do Sant\u00edssimo Corpo de Nosso Senhor Jesus Cristo; festa da Eucaristia; festa do Corpo de Cristo. Hoje denomina-se solenidade do Corpo e Sangue de Cristo, tendo praticamente desaparecido a festa lit\u00fargica do \u201cPrecios\u00edssimo Sangue\u201d, a 1 de julho.<\/p>\n<p style=\"text-align: justify;\"><em>CB\/OC<\/em><\/p>\n","protected":false},"excerpt":{"rendered":"<p>Not\u00edcia e imagem<\/p>\n","protected":false},"author":1,"featured_media":9564,"comment_status":"closed","ping_status":"closed","sticky":false,"template":"","format":"standard","meta":{"footnotes":""},"categories":[11,10],"tags":[],"class_list":["post-9563","post","type-post","status-publish","format-standard","has-post-thumbnail","hentry","category-acontece","category-noticias"],"_links":{"self":[{"href":"https:\/\/diocese-aveiro.pt\/cultura\/wp-json\/wp\/v2\/posts\/9563","targetHints":{"allow":["GET"]}}],"collection":[{"href":"https:\/\/diocese-aveiro.pt\/cultura\/wp-json\/wp\/v2\/posts"}],"about":[{"href":"https:\/\/diocese-aveiro.pt\/cultura\/wp-json\/wp\/v2\/types\/post"}],"author":[{"embeddable":true,"href":"https:\/\/diocese-aveiro.pt\/cultura\/wp-json\/wp\/v2\/users\/1"}],"replies":[{"embeddable":true,"href":"https:\/\/diocese-aveiro.pt\/cultura\/wp-json\/wp\/v2\/comments?post=9563"}],"version-history":[{"count":1,"href":"https:\/\/diocese-aveiro.pt\/cultura\/wp-json\/wp\/v2\/posts\/9563\/revisions"}],"predecessor-version":[{"id":9565,"href":"https:\/\/diocese-aveiro.pt\/cultura\/wp-json\/wp\/v2\/posts\/9563\/revisions\/9565"}],"wp:featuredmedia":[{"embeddable":true,"href":"https:\/\/diocese-aveiro.pt\/cultura\/wp-json\/wp\/v2\/media\/9564"}],"wp:attachment":[{"href":"https:\/\/diocese-aveiro.pt\/cultura\/wp-json\/wp\/v2\/media?parent=9563"}],"wp:term":[{"taxonomy":"category","embeddable":true,"href":"https:\/\/diocese-aveiro.pt\/cultura\/wp-json\/wp\/v2\/categories?post=9563"},{"taxonomy":"post_tag","embeddable":true,"href":"https:\/\/diocese-aveiro.pt\/cultura\/wp-json\/wp\/v2\/tags?post=9563"}],"curies":[{"name":"wp","href":"https:\/\/api.w.org\/{rel}","templated":true}]}}