{"id":9559,"date":"2020-06-08T20:13:12","date_gmt":"2020-06-08T19:13:12","guid":{"rendered":"http:\/\/diocese-aveiro.pt\/cultura\/?p=9559"},"modified":"2020-06-08T20:13:12","modified_gmt":"2020-06-08T19:13:12","slug":"pe-georgino-rocha-festa-do-corpo-de-deus-acolhe-jesus-o-pao-da-vida","status":"publish","type":"post","link":"https:\/\/diocese-aveiro.pt\/cultura\/pe-georgino-rocha-festa-do-corpo-de-deus-acolhe-jesus-o-pao-da-vida\/","title":{"rendered":"Pe. Georgino Rocha | FESTA DO CORPO DE DEUS &#8211;\u00a0ACOLHE JESUS, O P\u00c3O DA VIDA"},"content":{"rendered":"<p align=\"center\">\n<p style=\"text-align: center;\" align=\"right\"><b>Pe. Georgino Rocha<\/b><\/p>\n<p align=\"right\"><b>\u00a0<\/b><\/p>\n<p style=\"text-align: justify;\">Jesus, ap\u00f3s a multiplica\u00e7\u00e3o dos p\u00e3es, faz um ensinamento cheio de novidade na sinagoga de Cafarna\u00fam que provoca as mais diversas reac\u00e7\u00f5es. \u00c9 um ensinamento em que desvenda toda a riqueza do seu amor por n\u00f3s, a vontade de entregar o seu corpo e derramar o seu sangue em benef\u00edcio de toda a humanidade, a decis\u00e3o de ficar com aqueles que acreditem na sua palavra, comunguem o seu desejo e acolham a sua oferta. Que generosidade maravilhosa!\u00a0<i>Jo 6, 51-58.<\/i><\/p>\n<p style=\"text-align: justify;\">A Igreja celebra esta maravilha na Eucaristia, sobretudo dominical, e uma vez ao ano na Festa do Corpo de Deus. Pretende realizar o que Jesus deixou como mandato aos seus disc\u00edpulos: \u201cFazei isto em mem\u00f3ria de Mim\u201d. Nasce assim a celebra\u00e7\u00e3o que d\u00e1 por v\u00e1rios nomes, sendo o mais popular a missa, conhece v\u00e1rios modos de organiza\u00e7\u00e3o, incorpora v\u00e1rios ritos que, muitas vezes, a pretexto de a solenizar e embelezar, a transformam numa cerim\u00f3nia de pompa e de personalidades. Por isso, surgiu o movimento da reforma lit\u00fargica que o Conc\u00edlio Vaticano II assumiu e ordenou e o magist\u00e9rio da Igreja vai implementando.<\/p>\n<p style=\"text-align: justify;\">As reac\u00e7\u00f5es dos ouvintes s\u00e3o diversas: a multid\u00e3o saciada quer confirmar a fonte do seu sustento, muitos disc\u00edpulos acham duras as declara\u00e7\u00f5es de Jesus e deixam de andar com ele, as autoridades censuram-no abertamente, lembrando a sua humilde perten\u00e7a familiar. \u201cDeixai de criticar\u201d \u2013 admoesta-os ele, fazendo apelo a Deus Pai que o enviou. Um pequeno grupo, de que se destaca Sim\u00e3o Pedro, garante-lhe fidelidade e afirma que s\u00f3 ele tem palavras de vida eterna.<\/p>\n<p style=\"text-align: justify;\">Estas reac\u00e7\u00f5es mant\u00eam toda a actualidade, embora com acentua\u00e7\u00f5es diferentes. A multid\u00e3o continua inquieta \u00e0 procura do p\u00e3o que possa saciar as suas fomes de considera\u00e7\u00e3o e respeito, de amor e proximidade, de cultura e paz, de liberdade e dignidade, de trabalho e promo\u00e7\u00e3o. P\u00e3o para a sobreviv\u00eancia existencial, sem mais. A censura das autoridades permanece actuante em campos t\u00e3o diversos como a educa\u00e7\u00e3o e seus l\u00f3bis, a transmiss\u00e3o da vida e sua (des)protec\u00e7\u00e3o, o espa\u00e7o religioso e sua privatiza\u00e7\u00e3o ou \u201cdescafeiniza\u00e7\u00e3o\u201d da sua mensagem. O grupo dos fi\u00e9is incondicionais proclama publicamente a sua f\u00e9 em Jesus, p\u00e3o dado por Deus para a vida do mundo, palavra definitiva que marca o rumo da hist\u00f3ria e define o seu sentido, companhia sol\u00edcita e revigorante para quem o recebe e lhe corresponde. N\u00e3o deixemos de ter em conta estas reac\u00e7\u00f5es e de assumir as suas interpela\u00e7\u00f5es.<\/p>\n<p style=\"text-align: justify;\">\u00a0A atitude do grupo dos fi\u00e9is prolonga-se no tempo, celebra-se ao domingo e d\u00e1 origem \u00e0 Festa do Corpo de Deus, festa que aparece na liturgia da Igreja no s\u00e9culo XIII. Festa que pretende avivar a f\u00e9 dos crist\u00e3os na presen\u00e7a eucar\u00edstica de Jesus (no p\u00e3o consagrado na missa e, por vezes, conservado no sacr\u00e1rio sob a forma de Sant\u00edssimo Sacramento), adorar e dar gra\u00e7as ao Senhor pelo seu amor de entrega cont\u00ednua em benef\u00edcio de toda a humanidade (na celebra\u00e7\u00e3o dominical, sobretudo), anunciar publicamente que Jesus ressuscitado caminha connosco ao longo da vida -(na prociss\u00e3o que percorre as ruas das nossas terras). Festa que celebra, no presente, a ceia pascal de Jesus com os seus amigos e antecipa o banquete da fam\u00edlia de Deus quando a eternidade dispensar o tempo caduco. Festa que, em ritos (gestos, sinais, palavras), transforma, por ac\u00e7\u00e3o do Esp\u00edrito Santo, o p\u00e3o e o vinho da missa em corpo e sangue de Cristo. Festa que expressa e constr\u00f3i a fraternidade na comunidade crist\u00e3 e gera dinamismos mission\u00e1rios tendentes a chegar a todas as \u201cperiferias\u201d existenciais.<\/p>\n<p style=\"text-align: justify;\">O Papa Francisco num dos seus coment\u00e1rios diz-nos com toda a clareza: \u201cTodas as vezes que participamos na Santa Missa e nos alimentamos do Corpo de Cristo, a presen\u00e7a de Jesus e do Esp\u00edrito Santo age em n\u00f3s, plasma o nosso cora\u00e7\u00e3o, comunica-nos atitudes interiores que se traduzem em comportamentos segundo o Evangelho. Antes de mais, a docilidade \u00e0 Palavra de Deus, depois a fraternidade entre n\u00f3s, a coragem do testemunho crist\u00e3o, a fantasia da caridade, a capacidade de dar esperan\u00e7a aos desencorajados, de acolher os exclu\u00eddos. Deste modo, a Eucaristia faz amadurecer o nosso estilo de vida crist\u00e3\u201d. (O Evangelho do Domingo, coment\u00e1rio do Santo Padre, Ano A, Paulinas, 2019, 272).<\/p>\n<h6 style=\"text-align: right;\"><a href=\"https:\/\/pixabay.com\/pt\/?utm_source=link-attribution&amp;utm_medium=referral&amp;utm_campaign=image&amp;utm_content=587597\">Imagem de\u00a0<\/a><a href=\"https:\/\/pixabay.com\/pt\/users\/4935210-4935210\/?utm_source=link-attribution&amp;utm_medium=referral&amp;utm_campaign=image&amp;utm_content=3223040\">Tuhin khamaru<\/a><a href=\"https:\/\/pixabay.com\/pt\/?utm_source=link-attribution&amp;utm_medium=referral&amp;utm_campaign=image&amp;utm_content=587597\">\u00a0por\u00a0<\/a><a href=\"https:\/\/pixabay.com\/pt\/?utm_source=link-attribution&amp;utm_medium=referral&amp;utm_campaign=image&amp;utm_content=3223040\">Pixabay<\/a><\/h6>\n","protected":false},"excerpt":{"rendered":"<p>Pe. Georgino Rocha<\/p>\n","protected":false},"author":1,"featured_media":9561,"comment_status":"closed","ping_status":"closed","sticky":false,"template":"","format":"standard","meta":{"footnotes":""},"categories":[50,14],"tags":[],"class_list":["post-9559","post","type-post","status-publish","format-standard","has-post-thumbnail","hentry","category-pe-georgino-rocha","category-temas-para-debate"],"_links":{"self":[{"href":"https:\/\/diocese-aveiro.pt\/cultura\/wp-json\/wp\/v2\/posts\/9559","targetHints":{"allow":["GET"]}}],"collection":[{"href":"https:\/\/diocese-aveiro.pt\/cultura\/wp-json\/wp\/v2\/posts"}],"about":[{"href":"https:\/\/diocese-aveiro.pt\/cultura\/wp-json\/wp\/v2\/types\/post"}],"author":[{"embeddable":true,"href":"https:\/\/diocese-aveiro.pt\/cultura\/wp-json\/wp\/v2\/users\/1"}],"replies":[{"embeddable":true,"href":"https:\/\/diocese-aveiro.pt\/cultura\/wp-json\/wp\/v2\/comments?post=9559"}],"version-history":[{"count":1,"href":"https:\/\/diocese-aveiro.pt\/cultura\/wp-json\/wp\/v2\/posts\/9559\/revisions"}],"predecessor-version":[{"id":9562,"href":"https:\/\/diocese-aveiro.pt\/cultura\/wp-json\/wp\/v2\/posts\/9559\/revisions\/9562"}],"wp:featuredmedia":[{"embeddable":true,"href":"https:\/\/diocese-aveiro.pt\/cultura\/wp-json\/wp\/v2\/media\/9561"}],"wp:attachment":[{"href":"https:\/\/diocese-aveiro.pt\/cultura\/wp-json\/wp\/v2\/media?parent=9559"}],"wp:term":[{"taxonomy":"category","embeddable":true,"href":"https:\/\/diocese-aveiro.pt\/cultura\/wp-json\/wp\/v2\/categories?post=9559"},{"taxonomy":"post_tag","embeddable":true,"href":"https:\/\/diocese-aveiro.pt\/cultura\/wp-json\/wp\/v2\/tags?post=9559"}],"curies":[{"name":"wp","href":"https:\/\/api.w.org\/{rel}","templated":true}]}}