{"id":9531,"date":"2020-06-07T12:31:51","date_gmt":"2020-06-07T11:31:51","guid":{"rendered":"http:\/\/diocese-aveiro.pt\/cultura\/?p=9531"},"modified":"2020-06-07T12:31:51","modified_gmt":"2020-06-07T11:31:51","slug":"noticias-black-lives-matter-para-que-a-eucaristia-seja-consequente-e-o-cristianismo-nao-seja-letra-morta","status":"publish","type":"post","link":"https:\/\/diocese-aveiro.pt\/cultura\/noticias-black-lives-matter-para-que-a-eucaristia-seja-consequente-e-o-cristianismo-nao-seja-letra-morta\/","title":{"rendered":"Not\u00edcias | \u00abBlack lives matter\u00bb: Para que a Eucaristia seja consequente e o cristianismo n\u00e3o seja letra morta"},"content":{"rendered":"<div class=\"col-xs-12 col-sm-12 col-md-8 col-lg-8\">\n<h6 style=\"text-align: right;\">Not\u00edcia e foto recolhidas do<a href=\"https:\/\/www.snpcultura.org\/black_lives_matter_para_que_a_Eucaristia_seja_consequente_e_o_cristianismo_nao_seja_letra_morta.html\" target=\"_blank\" rel=\"noopener noreferrer\"> SNPC<\/a><\/h6>\n<\/div>\n<div class=\"col-xs-12 col-sm-12 col-md-8 col-lg-8\">\n<p style=\"text-align: justify;\">Julgo que, \u00e0s vezes, podemos cair na armadilha de pensar que o cristianismo \u00e9 uma religi\u00e3o de letra morta. Que \u00e9 sobre coisas que aconteceram h\u00e1 muito tempo ou sobre palavras numa p\u00e1gina.<\/p>\n<p style=\"text-align: justify;\">Mas todos os dias, na missa, quando me ajoelho diante de Jesus na Eucaristia, sou lembrado de que Ele est\u00e1 vivo e presente. Que o cristianismo \u00e9 um evento que est\u00e1 a acontecer agora mesmo. O drama da salva\u00e7\u00e3o \u00e9 algo que ocorre todos os dias. E todos temos um papel a desempenhar.<\/p>\n<p style=\"text-align: justify;\">Ensinei liturgia no semin\u00e1rio. Na boa liturgia, a nossa f\u00e9 \u00e9 trazida \u00e0 vida. Penso que o que temos visto acontecer nos \u00faltimos dois dias talvez seja um pouco como a liturgia.<\/p>\n<p style=\"text-align: justify;\">Noutro dia, vi um v\u00eddeo de uma jovem branca, num protesto perto da Casa Branca, que colocou o seu corpo \u00e0 frente de um jovem adolescente negro ajoelhado quando os pol\u00edcias, envergando equipamento contra tumultos, se aproximaram. Como Jesus disse: \u00abNingu\u00e9m tem mais amor que isto, dar a vida pelos amigos\u00bb.<\/p>\n<p style=\"text-align: justify;\">\u00c9 uma cena de solidariedade e doa\u00e7\u00e3o que aconteceu em todo o pa\u00eds [EUA] tantas vezes na \u00faltima semana. Em El Paso, Texas, houve dois jovens pol\u00edcias que se ajoelharam com os participantes numa manifesta\u00e7\u00e3o, e isso ajudou a aliviar alguma tens\u00e3o.<\/p>\n<p style=\"text-align: justify;\">H\u00e1 algo profundamente eucar\u00edstico nestes momentos, e eu sou muito inspirado pelos nossos jovens. Est\u00e3o a ensinar-nos algo.<\/p>\n<p style=\"text-align: justify;\">Quando a religi\u00e3o se torna estagnada, podemos esquecer que a Palavra chega sempre at\u00e9 n\u00f3s crucificada e impotente. Na Am\u00e9rica, a Palavra vem torturada, negra e linchada. Hoje, encontramos Jesus naqueles que apanharam com g\u00e1s gaseados, foram atingidos por \u201ctasers\u201d, cheios de tarefas, estrangulados e abafados. \u00c9 esta a raz\u00e3o pela qual a Igreja ensina uma op\u00e7\u00e3o preferencial para os pobres. E \u00e9 por isso pela qual Igreja defende a vida onde e quando \u00e9 desvalorizada e amea\u00e7ada.<\/p>\n<p style=\"text-align: justify;\">Dizer, como todos os que comem da mesa da Eucaristia devem ser capazes de dizer, que a vida dos negros importa [\u201cblack lives matter\u201d] \u00e9 apenas outra maneira de repetir algo que n\u00f3s, nos EUA, parecemos tantas vezes esquecer, que Deus tem um amor especial pelos esquecidos e oprimidos.<\/p>\n<p style=\"text-align: justify;\">Muitos est\u00e3o compreensivelmente perturbados com a destrui\u00e7\u00e3o e os saques. \u00c9 verdade, nenhum de n\u00f3s deve ansiar pela excita\u00e7\u00e3o da viol\u00eancia ou da vingan\u00e7a. \u00c9 errado. Tamb\u00e9m precisamos de reconhecer que estamos a ver os efeitos manifestos de s\u00e9culos de pecado, viol\u00eancia e direitos negados. E, francamente, os direitos civis n\u00e3o s\u00e3o suficientes. \u00c9 o m\u00ednimo, e, claramente, ainda n\u00e3o cheg\u00e1mos l\u00e1. Tamb\u00e9m precisamos de construir uma sociedade com habita\u00e7\u00e3o, educa\u00e7\u00e3o, assist\u00eancia m\u00e9dica e sal\u00e1rios justos para todos, bem como o direito de migrar. E ent\u00e3o podemos come\u00e7ar a curar.<\/p>\n<p style=\"text-align: justify;\">O meu irm\u00e3o bispo em Chicago, cardeal Blase Cupich, sugeriu que dever\u00edamos ser menos r\u00e1pidos a julgar a proporcionalidade da resposta &#8220;deles&#8221; e come\u00e7ar a falar sobre a proporcionalidade da &#8220;nossa&#8221;. Tamb\u00e9m precisamos de lembrar o que o Dr. Martin Luther King Jr. disse: \u00abUma revolta \u00e9 a linguagem dos que n\u00e3o s\u00e3o escutados\u00bb.<\/p>\n<div class=\"col-xs-12 col-sm-12 col-md-8 col-lg-8\" style=\"text-align: justify;\">\n<p>Penso que os l\u00edderes da Igreja, hoje, e, na verdade, os l\u00edderes em todo o lado, talvez devessem dizer agora um pouco menos. Em vez disso, dev\u00edamos ficar, e dar o microfone, e ouvir aqueles que h\u00e1 demasiado tempo n\u00e3o s\u00e3o escutados. Aqueles que sofreram a nossa vergonhosa hist\u00f3ria de discrimina\u00e7\u00e3o, \u201cperfilamento\u201d racial e brutalidade policial. Aqueles que est\u00e3o a p\u00f4r os seus corpos em risco em protesto e em defesa de outros.<\/p>\n<p>Olhemos para a gra\u00e7a em tudo isto. Olhar para o testemunho daqueles que est\u00e3o corajosamente a assumir a sua parte no drama da salva\u00e7\u00e3o que est\u00e1 a desenrolar-se \u00e0 nossa frente. Se olharmos al\u00e9m da est\u00e1tica, eles est\u00e3o a apontar o caminho para a transforma\u00e7\u00e3o redentora. Eles est\u00e3o a mostrar-nos a que se assemelha o Reino de Deus, e como o nosso pa\u00eds pode parecer quando todos tivermos um lugar \u00e0 mesa. Vamos encoraj\u00e1-los. E rezar com eles. E agradecer-lhes.<\/p>\n<p>Com gra\u00e7a, eles est\u00e3o a juntar-se \u00e0s fileiras vivas de uma longa tradi\u00e7\u00e3o de f\u00e9 de oper\u00e1rios por maior justi\u00e7a, como Mois\u00e9s, Jesus de Nazar\u00e9, Joana d&#8217;Arc, Harriet Beecher Stowe, James Earl Chaney, Oscar Romero, Thea Bowman e muitos outros. Gra\u00e7as a Deus. Gra\u00e7as a Deus.<\/p>\n<\/div>\n<div class=\"col-xs-12 col-sm-12 col-md-8 col-lg-8\" style=\"text-align: right;\"><span class=\"autor\">D. Mark J. Seitz<br \/>\nBispo de El Paso, EUA<br \/>\nIn\u00a0<a href=\"https:\/\/www.ncronline.org\/news\/opinion\/el-pasos-bishop-mark-seitz-black-lives-matter\" target=\"_blank\" rel=\"noopener noreferrer\">National Catholic Reporter<\/a><br \/>\nTrad.: Rui Jorge Martins<br \/>\nImagem: D. Mark Seitz | El Paso&#8217;s Memorial Park | 01.06.2020 | CNS\/El Paso Diocese\/Fernie Ceniceros<\/span><\/div>\n<\/div>\n","protected":false},"excerpt":{"rendered":"<p>Not\u00edcia e foto<\/p>\n","protected":false},"author":1,"featured_media":9532,"comment_status":"closed","ping_status":"closed","sticky":false,"template":"","format":"standard","meta":{"footnotes":""},"categories":[11,10],"tags":[],"class_list":["post-9531","post","type-post","status-publish","format-standard","has-post-thumbnail","hentry","category-acontece","category-noticias"],"_links":{"self":[{"href":"https:\/\/diocese-aveiro.pt\/cultura\/wp-json\/wp\/v2\/posts\/9531","targetHints":{"allow":["GET"]}}],"collection":[{"href":"https:\/\/diocese-aveiro.pt\/cultura\/wp-json\/wp\/v2\/posts"}],"about":[{"href":"https:\/\/diocese-aveiro.pt\/cultura\/wp-json\/wp\/v2\/types\/post"}],"author":[{"embeddable":true,"href":"https:\/\/diocese-aveiro.pt\/cultura\/wp-json\/wp\/v2\/users\/1"}],"replies":[{"embeddable":true,"href":"https:\/\/diocese-aveiro.pt\/cultura\/wp-json\/wp\/v2\/comments?post=9531"}],"version-history":[{"count":1,"href":"https:\/\/diocese-aveiro.pt\/cultura\/wp-json\/wp\/v2\/posts\/9531\/revisions"}],"predecessor-version":[{"id":9533,"href":"https:\/\/diocese-aveiro.pt\/cultura\/wp-json\/wp\/v2\/posts\/9531\/revisions\/9533"}],"wp:featuredmedia":[{"embeddable":true,"href":"https:\/\/diocese-aveiro.pt\/cultura\/wp-json\/wp\/v2\/media\/9532"}],"wp:attachment":[{"href":"https:\/\/diocese-aveiro.pt\/cultura\/wp-json\/wp\/v2\/media?parent=9531"}],"wp:term":[{"taxonomy":"category","embeddable":true,"href":"https:\/\/diocese-aveiro.pt\/cultura\/wp-json\/wp\/v2\/categories?post=9531"},{"taxonomy":"post_tag","embeddable":true,"href":"https:\/\/diocese-aveiro.pt\/cultura\/wp-json\/wp\/v2\/tags?post=9531"}],"curies":[{"name":"wp","href":"https:\/\/api.w.org\/{rel}","templated":true}]}}