{"id":9528,"date":"2020-06-07T12:29:53","date_gmt":"2020-06-07T11:29:53","guid":{"rendered":"http:\/\/diocese-aveiro.pt\/cultura\/?p=9528"},"modified":"2020-06-07T12:29:53","modified_gmt":"2020-06-07T11:29:53","slug":"noticias-vativision-nova-plataforma-vai-ter-filmes-documentarios-e-series-inspiradas-na-mensagem-crista","status":"publish","type":"post","link":"https:\/\/diocese-aveiro.pt\/cultura\/noticias-vativision-nova-plataforma-vai-ter-filmes-documentarios-e-series-inspiradas-na-mensagem-crista\/","title":{"rendered":"Not\u00edcias | VatiVision: Nova plataforma vai ter filmes, document\u00e1rios e s\u00e9ries inspiradas na mensagem crist\u00e3"},"content":{"rendered":"<h6 style=\"text-align: right;\">Not\u00edcia e foto recolhidas do <a href=\"https:\/\/www.snpcultura.org\/vativision_nova_plataforma_vai_ter_filmes_documentarios_e_series_inspiradas_na_mensagem_crista.html\" target=\"_blank\" rel=\"noopener noreferrer\">SNPC<\/a><\/h6>\n<p style=\"text-align: justify;\">A partir da pr\u00f3xima segunda-feira, 8 de junho, vai estar dispon\u00edvel na internet a plataforma VatiVision, na qual ser\u00e1 poss\u00edvel ver conte\u00fados de car\u00e1cter cultural, art\u00edstico e religioso a pedido do utilizador (\u201con demand\u201d), como filmes, document\u00e1rios e s\u00e9ries de televis\u00e3o, inspirados na mensagem crist\u00e3.<\/p>\n<p style=\"text-align: justify;\">O projeto nasceu da uni\u00e3o de duas empresas transalpinas: a Officina della Comunicazione, sociedade de produ\u00e7\u00e3o cinematogr\u00e1fica, que colabora com os meios de comunica\u00e7\u00e3o da Santa S\u00e9, e a Vetrya, que concebe servi\u00e7os, plataformas e solu\u00e7\u00f5es digitais.<\/p>\n<p style=\"text-align: justify;\">\u00ab\u00c9 bonito que este projeto nas\u00e7a de privados que compreenderam a import\u00e2ncia de uma oferta de conte\u00fados de qualidade ligados \u00e0 tradi\u00e7\u00e3o e \u00e0 cultura cat\u00f3lica. O Vaticano olha favoravelmente para esta iniciativa, que n\u00e3o \u00e9 institucional. N\u00e3o \u00e9 uma coisa do Vaticano ou da Igreja, mas de empreendedores privados\u00bb, explicou o prefeito do Dicast\u00e9rio para a Comunica\u00e7\u00e3o da Santa S\u00e9.<\/p>\n<p style=\"text-align: justify;\">\u00abHoje, mais do que nunca, sentimos a necessidade de encontrar lugares onde encontrar e partilhar o bem, o belo. (\u2026) Por isso, creio que projetos como o VatiVision s\u00e3o importantes. Porque oferecem uma plataforma de partilha a quem busca um sentido, uma perspetiva\u00bb, acentuou.<\/p>\n<p style=\"text-align: justify;\">O respons\u00e1vel enalteceu a possibilidade de a plataforma poder \u00abligar o passado, o presente e o futuro, e oferecer uma resposta \u00e0s quest\u00f5es que, de alguma forma, todos temos\u00bb, oferecendo uma sobrevida a produtos j\u00e1 exibidos e que foram esquecidos ou n\u00e3o encontram espa\u00e7o na programa\u00e7\u00e3o televisiva, apesar de continuarem a ser procurados e a ter relev\u00e2ncia.<\/p>\n<div class=\"col-xs-12 col-sm-12 col-md-8 col-lg-8\" style=\"text-align: justify;\">\n<p>Depois de se congratular com o facto de a plataforma distribuir produ\u00e7\u00f5es realizadas em colabora\u00e7\u00e3o com os m\u00e9dia da Santa S\u00e9, Ruffini esclareceu que \u00abo Vaticano n\u00e3o \u00e9 nem o censor nem o detentor da linha editorial da VatiVision\u00bb.<\/p>\n<p>Depois de It\u00e1lia, os respons\u00e1veis querem disponibilizar a plataforma nos EUA, M\u00e9xico, Argentina, Brasil, Col\u00f4mbia, Filipinas e Pol\u00f3nia, podendo, mais tarde, alarg\u00e1-la a outros pa\u00edses, propondo um cat\u00e1logo que n\u00e3o se distinguir\u00e1 pela sobreabund\u00e2ncia de t\u00edtulos, mas pela qualidade.<\/p>\n<p>O servi\u00e7o poder\u00e1 ser acedido atrav\u00e9s da liga\u00e7\u00e3o \u00e0 p\u00e1gina do projeto na internet, assim como com uma aplica\u00e7\u00e3o para \u201csmartphones\u201d, \u201ctablets\u201d, \u201csmart-tv\u201d e \u201cset-top box\u201d, respeitando os limites impostos por direitos de distribui\u00e7\u00e3o j\u00e1 eventualmente adquiridos.<\/p>\n<p>Diferentemente de servi\u00e7os de \u201cstreaming\u201d de v\u00eddeo como a Netflix, Amazon Prime ou HBO Max, a VatiVision n\u00e3o exigir\u00e1 um plano mensal de pagamentos; o utilizador paga de acordo com os programas que deseja ver.<\/p>\n<p>No cat\u00e1logo da VatiVision incluem-se produ\u00e7\u00f5es sobre santu\u00e1rios, papas e figuras de destaque da Igreja, a par de document\u00e1rios que apresentam e aprofundam tesouros art\u00edsticos ligados \u00e0 Igreja.<\/p>\n<p>Os editores querem propor uma oferta que possibilite ao espetador aprofundar determinado tema, e v\u00e3o apostar em t\u00edtulos que acompanham as principais solenidades crist\u00e3s e acontecimentos especiais, como jubileus e canoniza\u00e7\u00f5es.<\/p>\n<p>\u00abOs destinat\u00e1rios n\u00e3o se distinguem entre crentes e n\u00e3o-crentes, mas, como dizia o cardeal Martini, entre pensantes e n\u00e3o pensantes\u00bb, afirmou Elisabetta Sola, da Vetrya.<\/p>\n<\/div>\n<div class=\"col-xs-12 col-sm-12 col-md-8 col-lg-8\" style=\"text-align: right;\"><span class=\"autor\">Rui Jorge Martins<br \/>\nFonte:\u00a0<a href=\"https:\/\/www.vaticannews.va\/it\/mondo\/news\/2020-06\/piattaforma-on-demand-film-cattolici-vativision.html\" target=\"_blank\" rel=\"noopener noreferrer\">Vatican News<\/a><br \/>\nImagem: D.R.<\/span><\/div>\n","protected":false},"excerpt":{"rendered":"<p>Not\u00edcia e foto<\/p>\n","protected":false},"author":1,"featured_media":9529,"comment_status":"closed","ping_status":"closed","sticky":false,"template":"","format":"standard","meta":{"footnotes":""},"categories":[11,10],"tags":[],"class_list":["post-9528","post","type-post","status-publish","format-standard","has-post-thumbnail","hentry","category-acontece","category-noticias"],"_links":{"self":[{"href":"https:\/\/diocese-aveiro.pt\/cultura\/wp-json\/wp\/v2\/posts\/9528","targetHints":{"allow":["GET"]}}],"collection":[{"href":"https:\/\/diocese-aveiro.pt\/cultura\/wp-json\/wp\/v2\/posts"}],"about":[{"href":"https:\/\/diocese-aveiro.pt\/cultura\/wp-json\/wp\/v2\/types\/post"}],"author":[{"embeddable":true,"href":"https:\/\/diocese-aveiro.pt\/cultura\/wp-json\/wp\/v2\/users\/1"}],"replies":[{"embeddable":true,"href":"https:\/\/diocese-aveiro.pt\/cultura\/wp-json\/wp\/v2\/comments?post=9528"}],"version-history":[{"count":1,"href":"https:\/\/diocese-aveiro.pt\/cultura\/wp-json\/wp\/v2\/posts\/9528\/revisions"}],"predecessor-version":[{"id":9530,"href":"https:\/\/diocese-aveiro.pt\/cultura\/wp-json\/wp\/v2\/posts\/9528\/revisions\/9530"}],"wp:featuredmedia":[{"embeddable":true,"href":"https:\/\/diocese-aveiro.pt\/cultura\/wp-json\/wp\/v2\/media\/9529"}],"wp:attachment":[{"href":"https:\/\/diocese-aveiro.pt\/cultura\/wp-json\/wp\/v2\/media?parent=9528"}],"wp:term":[{"taxonomy":"category","embeddable":true,"href":"https:\/\/diocese-aveiro.pt\/cultura\/wp-json\/wp\/v2\/categories?post=9528"},{"taxonomy":"post_tag","embeddable":true,"href":"https:\/\/diocese-aveiro.pt\/cultura\/wp-json\/wp\/v2\/tags?post=9528"}],"curies":[{"name":"wp","href":"https:\/\/api.w.org\/{rel}","templated":true}]}}