{"id":9463,"date":"2020-05-27T16:05:24","date_gmt":"2020-05-27T15:05:24","guid":{"rendered":"http:\/\/diocese-aveiro.pt\/cultura\/?p=9463"},"modified":"2020-05-27T16:05:24","modified_gmt":"2020-05-27T15:05:24","slug":"acontece-o-irmao-universal-vai-ser-santo","status":"publish","type":"post","link":"https:\/\/diocese-aveiro.pt\/cultura\/acontece-o-irmao-universal-vai-ser-santo\/","title":{"rendered":"Acontece | O \u201cirm\u00e3o universal\u201d vai ser santo"},"content":{"rendered":"<div class=\"col-xs-12 col-sm-12 col-md-8 col-lg-8\">\n<h6 style=\"text-align: right;\">Artigo e foto recolhidos do <a href=\"https:\/\/www.snpcultura.org\/o_irmao_universal_charles_de_foucauld_vai_ser_santo.html\" target=\"_blank\" rel=\"noopener noreferrer\">SNPC<\/a><\/h6>\n<\/div>\n<div class=\"col-xs-12 col-sm-12 col-md-8 col-lg-8\">\n<p style=\"text-align: justify;\">Um homem no deserto do Saara guarda sozinho um \u201ctesouro\u201d. Alguns salteadores sabem-no e, para o roubar, matam-no. N\u00e3o, n\u00e3o \u00e9 a ideia para um romance, mas uma hist\u00f3ria verdadeira. Ocorrida em 1916, na Arg\u00e9lia profunda. E \u00e9 a hist\u00f3ria do assassinato de Charles de Foucauld, o \u201cirm\u00e3o universal\u201d, que em breve ser\u00e1 santo. O papa autorizou a Congrega\u00e7\u00e3o para as Causas dos Santos a promulgar o decreto sobre o milagre atribu\u00eddo ao beato Carlos de Jesus (\u00e9 este o seu nome religioso). O \u201ctesouro\u201d que ele guardava, ao ponto de n\u00e3o temer sequer pela sua vida, era Jesus no sacr\u00e1rio.<\/p>\n<p style=\"text-align: justify;\">A partir dessa morte, as vicissitudes humanas e religiosas de Charles de Foucauld fascinaram e atra\u00edram gera\u00e7\u00f5es ap\u00f3s gera\u00e7\u00f5es. De tal maneira que aquilo que n\u00e3o obteve em vida se realizou ap\u00f3s o seu nascimento para o C\u00e9u. Ao longo dos anos, nada menos que dezanove fam\u00edlias de leigos, sacerdotes, religiosos e religiosas brotaram da sua espiritualidade e da sua maneira de viver o Evangelho (entre as maiores, as Fraternidades dos Pequenos Irm\u00e3os e Pequenas Irm\u00e3s de Jesus). Um homem \u00abque deu um testemunho que fez bem \u00e0 Igreja\u00bb, afirmou o papa Francisco na missa a que presidiu a 1 de dezembro de 2016, centen\u00e1rio da morte. E Bento XVI, no momento da beatifica\u00e7\u00e3o, a 13 de novembro de 2005, declarou que a sua vida \u00e9 \u00abum convite a aspirar \u00e0 fraternidade universal\u00bb.<\/p>\n<p style=\"text-align: justify;\">Seguramente a exist\u00eancia terrena de Foucauld tem pontos de grande atualidade, quer na primeira parte, vivida de maneira que n\u00e3o foi exemplar do ponto de vista crist\u00e3o (mas nisto est\u00e1 em boa companhia de outros santos, Agostinho, por exemplo), quer, sobretudo, ap\u00f3s a convers\u00e3o, que o transformou num dos maiores buscadores de Deus. Ele, grande explorador inclusive do ponto de vista geogr\u00e1fico, dedicou na pr\u00e1tica o resto dos seus anos a explorar o imenso territ\u00f3rio da rela\u00e7\u00e3o entre o Criador e as criaturas.<\/p>\n<p style=\"text-align: justify;\">Nascido em Estrasburgo a 15 de setembro de 1858 de uma fam\u00edlia nobre, e ele pr\u00f3prio detentor do t\u00edtulo de visconde de Pontbriand, passa a primeira inf\u00e2ncia em Wissembourg, mas perde os pais aos seis anos, passando a ser educado pelo av\u00f4 materno, que lhe deixa uma respeit\u00e1vel heran\u00e7a. O jovem Charles, estroina e superficial, delapida-a em pouco tempo, e em 1876 entra na Escola Militar de Saint Cyr. Singulariza-se mais pelas qualidades de soldado do que de estudante, ao mesmo tempo que se relaciona com uma jovem de duvidosa repurta\u00e7\u00e3o. Deixa o ex\u00e9rcito para se dedicar a expedi\u00e7\u00f5es geogr\u00e1ficas em Marrocos, e dedica-se a estudar \u00e1rabe e hebraico. Distingue-se como explorador, de tal maneira que em 1885 recebe a medalha de ouro da Sociedade Francesa de Geografia.<\/p>\n<p style=\"text-align: justify;\">No ano seguinte regressa \u00e0 p\u00e1tria, e a sua vida tem uma reviravolta decisiva, quanto o futuro santo (que tinha sido batizado em pequeno) sente a necessidade de se reaproximar da Igreja cat\u00f3lica. Ficou famosa a sua invoca\u00e7\u00e3o \u00abmeu Deus, se existes, faz com que te conhe\u00e7a\u00bb. E assim acontece, Deus deixa-se conhecer. Como dir\u00e1 um dia: \u00abN\u00e3o s\u00f3 acreditei que houvesse um Deus, compreendi que n\u00e3o podia viver a n\u00e3o ser para Ele\u00bb. A muta\u00e7\u00e3o torna-se cada vez mais radical. Em 1890 entra nos Trapistas, em Fran\u00e7a, mas depressa pede para retirar-se para uma trapa muito mais pobre, na S\u00edria. Remonta a este per\u00edodo um primeiro projeto de congrega\u00e7\u00e3o religiosa.<\/p>\n<p style=\"text-align: justify;\">Com 32 anos, Charles sente a necessidade de ser dispensado dos votos, e alguns anos depois o pedido \u00e9 deferido. Em 1897, a abade-geral dos Trapistas deixa-o livre para seguir a sua voca\u00e7\u00e3o. Fica durante algum tempo na Terra Santa. Regressado a Fran\u00e7a, \u00e9 ordenado padre em 1901. No mesmo ano transfere-se para \u00c1frica, e estabelece-se num o\u00e1sis do deserto do Saara profundo. Reveste uma t\u00fanica branca, na qual coze um cora\u00e7\u00e3o de tecido vermelho, sobreposto por uma cruz. Hospeda todos aqueles que passam por ele, crist\u00e3os, mu\u00e7ulmanos, judeus, pag\u00e3os, e durante 13 anos vive na vila tuaregue de Tamanrasset. Reza onze horas por sai, mergulha no mist\u00e9rio da Eucaristia, redige um grande dicion\u00e1rio de franc\u00eas-tuaregue, ainda hoje usado naquela regi\u00e3o. E, naturalmente, n\u00e3o deixa de se empenhar na defesa das popula\u00e7\u00f5es locais dos assaltos dos salteadores. E s\u00e3o precisamente eles, no primeiro dia de dezembro de 1916, que tomam \u00e0 letra a not\u00edcia do grande \u201ctesouro\u201d que guarda e de que fala a todos. Por isso, na tentativa de se apoderar dele (n\u00e3o sabendo que se tratava de part\u00edculas consagradas durante a missa), saqueiam a sua pobre morada e matam Carlos de Jesus, como se faz chamar pelos habitantes do lugar.<\/p>\n<div class=\"col-xs-12 col-sm-12 col-md-8 col-lg-8\" style=\"text-align: justify;\">\n<p>A flor do deserto, cortada, irradia ainda assim as suas esporas \u00e0 volta do mundo. E a espiritualidade de Charles de Foucauld floresce atrav\u00e9s da sua fam\u00edlia religiosa. Que em breve ter\u00e1 um santo no Para\u00edso.<\/p>\n<p>\u00abTalvez como poucos outros\u00bb, Charles \u00abintuiu o alcance da espiritualidade que emana de Nazar\u00e9. Este grande explorador abandonou \u00e0 pressa a carreira militar, fascinado pelo mist\u00e9rio da Sagrada Fam\u00edlia, pela rela\u00e7\u00e3o quotidiana de Jesus com os pais e os vizinhos, pelo trabalho silencioso, pela ora\u00e7\u00e3o humilde\u00bb, salientou o papa, em 2015, durante a vig\u00edlia de ora\u00e7\u00e3o que antecedeu a abertura do S\u00ednodo dos Bispos sobre &#8220;A voca\u00e7\u00e3o e a miss\u00e3o da fam\u00edlia na Igreja e no mundo contempor\u00e2neo\u201d.<\/p>\n<p>Charles \u00abpercebeu a esterilidade do anseio pela riqueza e pelo poder; com o apostolado da bondade, fez-se tudo para todos; ele, atra\u00eddo pela vida erem\u00edtica, compreendeu que n\u00e3o se cresce no amor de Deus evitando o servi\u00e7o das rela\u00e7\u00f5es humanas. Porque \u00e9 amando os outros que se aprende a amar Deus; \u00e9 curvando-se sob o pr\u00f3ximo que se eleva a Deus. Atrav\u00e9s da proximidade fraterna e solid\u00e1ria aos mais pobres e abandonados, ele compreende que s\u00e3o precisamente eles que nos evangelizam, ajudando-nos a crescer em humanidade\u00bb.<\/p>\n<p>Para compreender hoje a fam\u00edlia, entremos tamb\u00e9m n\u00f3s &#8211; como Charles de Foucauld &#8211; no mist\u00e9rio da Fam\u00edlia de Nazar\u00e9, na sua vida escondida, obreira e comum, como \u00e9 a da maior parte das nossas fam\u00edlias, com as suas dores e as suas alegrias simples; vida entretecida de serena paci\u00eancia nas contrariedades, de respeito pela condi\u00e7\u00e3o de cada um, daquela humildade que liberta e floresce no servi\u00e7o; vida de fraternidade, que emana do sentir-se parte de um \u00fanico corpo\u00bb, apontou.<\/p>\n<p>Nos decretos autorizados hoje por Francisco figuram tamb\u00e9m os milagres que conduzir\u00e3o \u00e0 canoniza\u00e7\u00e3o o beato franc\u00eas Cesare de Bus (1544-1607), fundador da Confrefa\u00e7\u00e3o dos Padres da Doutrina Crist\u00e3 (Doutrin\u00e1rios) e da beata italiana Maria Domenica Mantovani (1862-1934).<\/p>\n<\/div>\n<div class=\"col-xs-12 col-sm-12 col-md-8 col-lg-8\" style=\"text-align: right;\"><span class=\"autor\"><a href=\"https:\/\/www.avvenire.it\/chiesa\/pagine\/tra-i-nuovi-santi-charles-de-foucauld\" target=\"_blank\" rel=\"noopener noreferrer\">Avvenire<\/a>\u00a0\/ SNPC<br \/>\nEdi\u00e7\u00e3o: Rui Jorge Martins<br \/>\nImagem: Charles de Foucauld<\/span><\/div>\n<\/div>\n","protected":false},"excerpt":{"rendered":"<p>Artigo e foto<\/p>\n","protected":false},"author":1,"featured_media":9464,"comment_status":"closed","ping_status":"closed","sticky":false,"template":"","format":"standard","meta":{"footnotes":""},"categories":[11,8,10],"tags":[],"class_list":["post-9463","post","type-post","status-publish","format-standard","has-post-thumbnail","hentry","category-acontece","category-em-cartaz","category-noticias"],"_links":{"self":[{"href":"https:\/\/diocese-aveiro.pt\/cultura\/wp-json\/wp\/v2\/posts\/9463","targetHints":{"allow":["GET"]}}],"collection":[{"href":"https:\/\/diocese-aveiro.pt\/cultura\/wp-json\/wp\/v2\/posts"}],"about":[{"href":"https:\/\/diocese-aveiro.pt\/cultura\/wp-json\/wp\/v2\/types\/post"}],"author":[{"embeddable":true,"href":"https:\/\/diocese-aveiro.pt\/cultura\/wp-json\/wp\/v2\/users\/1"}],"replies":[{"embeddable":true,"href":"https:\/\/diocese-aveiro.pt\/cultura\/wp-json\/wp\/v2\/comments?post=9463"}],"version-history":[{"count":1,"href":"https:\/\/diocese-aveiro.pt\/cultura\/wp-json\/wp\/v2\/posts\/9463\/revisions"}],"predecessor-version":[{"id":9465,"href":"https:\/\/diocese-aveiro.pt\/cultura\/wp-json\/wp\/v2\/posts\/9463\/revisions\/9465"}],"wp:featuredmedia":[{"embeddable":true,"href":"https:\/\/diocese-aveiro.pt\/cultura\/wp-json\/wp\/v2\/media\/9464"}],"wp:attachment":[{"href":"https:\/\/diocese-aveiro.pt\/cultura\/wp-json\/wp\/v2\/media?parent=9463"}],"wp:term":[{"taxonomy":"category","embeddable":true,"href":"https:\/\/diocese-aveiro.pt\/cultura\/wp-json\/wp\/v2\/categories?post=9463"},{"taxonomy":"post_tag","embeddable":true,"href":"https:\/\/diocese-aveiro.pt\/cultura\/wp-json\/wp\/v2\/tags?post=9463"}],"curies":[{"name":"wp","href":"https:\/\/api.w.org\/{rel}","templated":true}]}}