{"id":9460,"date":"2020-05-27T11:59:36","date_gmt":"2020-05-27T10:59:36","guid":{"rendered":"http:\/\/diocese-aveiro.pt\/cultura\/?p=9460"},"modified":"2020-05-27T11:59:36","modified_gmt":"2020-05-27T10:59:36","slug":"comissao-nacional-justica-e-paz-esforcos-partilhados","status":"publish","type":"post","link":"https:\/\/diocese-aveiro.pt\/cultura\/comissao-nacional-justica-e-paz-esforcos-partilhados\/","title":{"rendered":"Comiss\u00e3o Nacional Justi\u00e7a e Paz | ESFOR\u00c7OS PARTILHADOS"},"content":{"rendered":"<p style=\"text-align: center;\"><strong>ESFOR\u00c7OS PARTILHADOS<\/strong><\/p>\n<p style=\"text-align: center;\"><strong><em>Nota da Comiss\u00e3o Nacional Justi\u00e7a e Paz<\/em><\/strong><\/p>\n<p style=\"text-align: justify;\">O nosso pa\u00eds, como o mundo inteiro, v\u00ea-se hoje confrontado com uma crise econ\u00f3mica e social de uma gravidade sem precedentes. Essa crise traduz-se, para muitos, em desemprego, perda total ou muito substancial de rendimentos e priva\u00e7\u00e3o da satisfa\u00e7\u00e3o de necessidades b\u00e1sicas, como a alimenta\u00e7\u00e3o.<\/p>\n<p style=\"text-align: justify;\">As desigualdades que j\u00e1 anteriormente marcavam a nossa sociedade tendem a agravar-se, pois, como revelam v\u00e1rios estudos, s\u00e3o os mais pobres quem, de um modo geral, mais sofre com esta crise.<\/p>\n<p style=\"text-align: justify;\">A crise n\u00e3o atinge todos por igual e h\u00e1 quem n\u00e3o sofra perdas substanciais de rendimentos. A estes \u00e9 pedido um esfor\u00e7o de solidariedade, tamb\u00e9m ele sem precedentes, que permita minorar os seus efeitos.<\/p>\n<p style=\"text-align: justify;\">Neste contexto, causa leg\u00edtima perplexidade e esc\u00e2ndalo a not\u00edcia de que um banco privado, cuja sobreviv\u00eancia tem sido assegurada gra\u00e7as a avultados fundos estatais que acabam a onerar todos os contribuintes, contempla a possibilidade de vir a atribuir pr\u00e9mios de gest\u00e3o que (ainda que previstos contratualmente e \u201cdevidos\u201d pela fixa\u00e7\u00e3o de objetivos atingidos) implicam uma ordem de grandeza de tal modo elevada que choca pela disparidade face \u00e0 m\u00e9dia das retribui\u00e7\u00f5es do trabalho em Portugal.<\/p>\n<p style=\"text-align: justify;\">Esta situa\u00e7\u00e3o, e outras semelhantes, em mat\u00e9ria de pol\u00edtica de retribui\u00e7\u00f5es ou de distribui\u00e7\u00e3o de dividendos de que ficam exclu\u00eddos os trabalhadores, por bancos (tamb\u00e9m contemplados com excecionais benef\u00edcios estatais) ou outras empresas, contrastam flagrantemente com os esfor\u00e7os de solidariedade que a atual situa\u00e7\u00e3o reclama.<\/p>\n<p style=\"text-align: justify;\">H\u00e1 que ter presente que nem tudo o que \u00e9 legal \u00e9 leg\u00edtimo. E h\u00e1 que demonstrar que a responsabilidade social das empresas tem exig\u00eancias de coer\u00eancia e n\u00e3o pode confundir-se com um simples instrumento de promo\u00e7\u00e3o de imagem.<\/p>\n<p style=\"text-align: justify;\">Como afirmou o Papa Francisco, nesta crise \u00abestamos todos no mesmo barco e ningu\u00e9m se salva sozinho\u00bb. A coes\u00e3o social \u00e9 necess\u00e1ria, hoje mais do que nunca. S\u00f3 a partilha equitativa dos esfor\u00e7os que nos s\u00e3o exigidos garante essa coes\u00e3o.<\/p>\n<p style=\"text-align: justify;\">\n<p style=\"text-align: justify;\">\u00a0 \u00a0 \u00a0 \u00a0 \u00a0 \u00a0 \u00a0 \u00a0 \u00a0 \u00a0 \u00a0 \u00a0 \u00a0 \u00a0 \u00a0 \u00a0 \u00a0 \u00a0 \u00a0 \u00a0 \u00a0 \u00a0 \u00a0 \u00a0 \u00a0 \u00a0 \u00a0 \u00a0 \u00a0 \u00a0 \u00a0 \u00a0 \u00a0 \u00a0 \u00a0 \u00a0 \u00a0 \u00a0 \u00a0 \u00a0 \u00a0 \u00a0 \u00a0 \u00a0 \u00a0 \u00a0 \u00a0Lisboa, 25 de maio de 2020<\/p>\n<p style=\"text-align: center;\">\u00a0 \u00a0 \u00a0 \u00a0 \u00a0 \u00a0 \u00a0 \u00a0 \u00a0 \u00a0 \u00a0 \u00a0 \u00a0 \u00a0A Comiss\u00e3o Nacional Justi\u00e7a e Paz<\/p>\n<hr \/>\n<p style=\"text-align: justify;\">CNJP &#8211; Comiss\u00e3o Nacional Justi\u00e7a e Paz<\/p>\n<p style=\"text-align: justify;\">Confer\u00eancia Episcopal Portuguesa<br \/>\nQuinta do Bom Pastor,\u00a0Estrada da Buraca, 8-12<\/p>\n<p style=\"text-align: justify;\">1549-025 Lisboa<\/p>\n<p><strong>Tel<\/strong>\u00a0218 855 480<\/p>\n<p style=\"text-align: justify;\"><strong>E-mail<\/strong>\u00a0comissaonjp@gmail.com<br \/>\n<strong>Site<\/strong>\u00a0<a href=\"http:\/\/www.ecclesia.pt\/cnjp\">www.ecclesia.pt\/cnjp<\/a><\/p>\n<p style=\"text-align: justify;\"><strong>Facebook<\/strong>\u00a0<a href=\"http:\/\/www.facebook.com\/cnjusticaepaz\">www.facebook.com\/cnjusticaepaz<\/a><\/p>\n","protected":false},"excerpt":{"rendered":"<p>ESFOR\u00c7OS PARTILHADOS Nota<\/p>\n","protected":false},"author":1,"featured_media":9461,"comment_status":"closed","ping_status":"closed","sticky":false,"template":"","format":"standard","meta":{"footnotes":""},"categories":[12],"tags":[],"class_list":["post-9460","post","type-post","status-publish","format-standard","has-post-thumbnail","hentry","category-documentos"],"_links":{"self":[{"href":"https:\/\/diocese-aveiro.pt\/cultura\/wp-json\/wp\/v2\/posts\/9460","targetHints":{"allow":["GET"]}}],"collection":[{"href":"https:\/\/diocese-aveiro.pt\/cultura\/wp-json\/wp\/v2\/posts"}],"about":[{"href":"https:\/\/diocese-aveiro.pt\/cultura\/wp-json\/wp\/v2\/types\/post"}],"author":[{"embeddable":true,"href":"https:\/\/diocese-aveiro.pt\/cultura\/wp-json\/wp\/v2\/users\/1"}],"replies":[{"embeddable":true,"href":"https:\/\/diocese-aveiro.pt\/cultura\/wp-json\/wp\/v2\/comments?post=9460"}],"version-history":[{"count":1,"href":"https:\/\/diocese-aveiro.pt\/cultura\/wp-json\/wp\/v2\/posts\/9460\/revisions"}],"predecessor-version":[{"id":9462,"href":"https:\/\/diocese-aveiro.pt\/cultura\/wp-json\/wp\/v2\/posts\/9460\/revisions\/9462"}],"wp:featuredmedia":[{"embeddable":true,"href":"https:\/\/diocese-aveiro.pt\/cultura\/wp-json\/wp\/v2\/media\/9461"}],"wp:attachment":[{"href":"https:\/\/diocese-aveiro.pt\/cultura\/wp-json\/wp\/v2\/media?parent=9460"}],"wp:term":[{"taxonomy":"category","embeddable":true,"href":"https:\/\/diocese-aveiro.pt\/cultura\/wp-json\/wp\/v2\/categories?post=9460"},{"taxonomy":"post_tag","embeddable":true,"href":"https:\/\/diocese-aveiro.pt\/cultura\/wp-json\/wp\/v2\/tags?post=9460"}],"curies":[{"name":"wp","href":"https:\/\/api.w.org\/{rel}","templated":true}]}}