{"id":9441,"date":"2020-05-26T13:39:17","date_gmt":"2020-05-26T12:39:17","guid":{"rendered":"http:\/\/diocese-aveiro.pt\/cultura\/?p=9441"},"modified":"2020-05-28T18:37:25","modified_gmt":"2020-05-28T17:37:25","slug":"pe-georgino-rocha-festa-de-pentecoste-abre-o-coracao-ao-sopro-do-senhor","status":"publish","type":"post","link":"https:\/\/diocese-aveiro.pt\/cultura\/pe-georgino-rocha-festa-de-pentecoste-abre-o-coracao-ao-sopro-do-senhor\/","title":{"rendered":"Pe. Georgino Rocha | Festa de Pentecostes &#8211; Abre o cora\u00e7\u00e3o ao sopro do Senhor"},"content":{"rendered":"<p style=\"text-align: center;\" align=\"right\"><b><i>Pe. Georgino Rocha<\/i><\/b><\/p>\n<p style=\"text-align: justify;\">Jo\u00e3o coloca o envio do Esp\u00edrito Santo no dia da Ressurrei\u00e7\u00e3o, o primeiro da semana, ao anoitecer (da esperan\u00e7a dos disc\u00edpulos). <i>Jo 20, 19-23<\/i>. Lucas prefere situ\u00e1-lo na festa de Pentecostes, festa tradicional das colheitas, festa memorial que passa a celebrar a alian\u00e7a de Deus com o seu povo, a partir do Sinai. Lucas, com esta op\u00e7\u00e3o, pretende fazer catequese e mostrar que o novo povo, a comunidade crist\u00e3, nasce com a vinda do Esp\u00edrito e o an\u00fancio de Jesus ressuscitado pelos ap\u00f3stolos.<\/p>\n<p style=\"text-align: justify;\">A narrativa de Jo\u00e3o \u201cvisualiza\u201d esta vinda de forma expressiva e solene. Constitui uma cena enternecedora, cheia de significado, tendo Jesus apresentado as suas credenciais ao grupo amedrontado \u2013 apesar dos sinais de esperan\u00e7a ocorridos durante o dia -, fechado em si mesmo e na casa onde estava reunido, enquanto a noite descia lentamente sobre a cidade. E a reviravolta acontece, a come\u00e7ar pela sintonia criada e aud\u00e1cia assumida.<\/p>\n<p style=\"text-align: justify;\">Jesus aparece e coloca-se no meio deles, deseja-lhes a paz, mostra as feridas da sua paix\u00e3o, reafirma a uni\u00e3o que mantem com Deus Pai de quem \u00e9 o enviado, anuncia a miss\u00e3o que lhes vai confiar, sopra sobre eles e diz: \u201cRecebei o Esp\u00edrito Santo\u201d. Que \u201cevolu\u00e7\u00e3o\u201d an\u00edmica e espiritual se pode pressentir neste epis\u00f3dio singular: da dispers\u00e3o interior \u00e0 converg\u00eancia em Jesus, o centro do encontro que gera vida; do medo castrador \u00e0 coragem fecunda e inovadora; da inquieta\u00e7\u00e3o perturbante \u00e0 pacifica\u00e7\u00e3o harmoniosa e confiante; da tristeza amarga pela sensa\u00e7\u00e3o de uma aus\u00eancia sofrida \u00e0 experi\u00eancia exultante de alegria pela novidade da presen\u00e7a t\u00e3o desejada; do vazio existencial face ao presente e ao futuro, ao envolvimento imediato na miss\u00e3o condensada na \u201cgest\u00e3o\u201d s\u00e1bia do perd\u00e3o como dom de Deus.<\/p>\n<p style=\"text-align: justify;\">O sopro de Jesus d\u00e1 \u201crosto\u201d expressivo ao sopro de Deus que estabelece a harmonia no caos original e faz humano o ser criado. O sopro de Jesus \u00e9 portador de vida em todas as situa\u00e7\u00f5es de morte como no seu processo de condena\u00e7\u00e3o que abre as portas \u00e0 feliz ressurrei\u00e7\u00e3o. O sopro de Jesus, tal como nos disc\u00edpulos, impele a Igreja a abrir as portas e a sair ao encontro, a testemunhar a alegria que a invade, a esperan\u00e7a que a anima. O sopro de Jesus gera em n\u00f3s um cora\u00e7\u00e3o novo, um olhar puro, uma aud\u00e1cia ousada, uma experi\u00eancia feliz que nos impulsiona a partilhar esta for\u00e7a que nos anima e eleva, fortalece e equilibra; que nos leva a desejar a purifica\u00e7\u00e3o da consci\u00eancia e a fazer festa de comunh\u00e3o; que nos faz amar a verdade que liberta e a honestidade que nos responsabiliza, sobretudo na fase hist\u00f3rica que vivemos e a todos\/as envolve. A Igreja, particularmente o Papa Francisco, exorta continuamente a consci\u00eancia dos crist\u00e3os e a aten\u00e7\u00e3o das pessoas de boa vontade. Fruto desta solicitude \u00e9 a nova iniciativa Jubilar.<\/p>\n<p style=\"text-align: justify;\">Come\u00e7ou no domingo passado e concluir-se-\u00e1 no mesmo dia de 2021, um tempo de Jubileu para a Terra. Organizado pelo Dicast\u00e9rio para o Servi\u00e7o do Desenvolvimento Humano Integral, da Santa S\u00e9, Ser\u00e1 um Ano Especial concebido como um momento de gra\u00e7a para a humanidade e para todas as criaturas de Deus.<\/p>\n<p style=\"text-align: justify;\">A urg\u00eancia da situa\u00e7\u00e3o, continua a mensagem de an\u00fancio e convoca\u00e7\u00e3o, requer respostas imediatas, hol\u00edsticas e unificadas a todos os n\u00edveis \u2013 local, regional, nacional, internacional \u2013, sobretudo atrav\u00e9s de um \u201cmovimento popular\u201d, uma alian\u00e7a entre todas as pessoas de boa vontade que, como recorda o papa Francisco na enc\u00edclica Laudate Si, n\u00famero 14, colaborem como instrumentos de Deus pelo cuidado da cria\u00e7\u00e3o, cada qual com a sua cultura e experi\u00eancia, as suas capacidades..<\/p>\n<p style=\"text-align: justify;\">A n\u00edvel individual recomenda-se a ado\u00e7\u00e3o de estilos de vida simples: sobriedade no uso dos recursos e da energia, evitar os pl\u00e1sticos de um s\u00f3 uso, adotar uma dieta mais vegetal e reduzir os consumos de carne, maior utiliza\u00e7\u00e3o dos transportes p\u00fablicos em rela\u00e7\u00e3o \u00e0queles que mais poluem e outras iniciativas ao alcance de cada um. Por isso, abre o cora\u00e7\u00e3o ao sopro do Senhor.<\/p>\n<h6 style=\"text-align: right;\">Imagem de\u00a0<a href=\"https:\/\/pixabay.com\/pt\/users\/Bessi-909086\/?utm_source=link-attribution&amp;utm_medium=referral&amp;utm_campaign=image&amp;utm_content=736882\">Bessi<\/a>\u00a0por\u00a0<a href=\"https:\/\/pixabay.com\/pt\/?utm_source=link-attribution&amp;utm_medium=referral&amp;utm_campaign=image&amp;utm_content=736882\">Pixabay<\/a><\/h6>\n","protected":false},"excerpt":{"rendered":"<p>Pe. Georgino Rocha<\/p>\n","protected":false},"author":1,"featured_media":9442,"comment_status":"closed","ping_status":"closed","sticky":false,"template":"","format":"standard","meta":{"footnotes":""},"categories":[46,91,50,14],"tags":[],"class_list":["post-9441","post","type-post","status-publish","format-standard","has-post-thumbnail","hentry","category-autores","category-olhares-ii","category-pe-georgino-rocha","category-temas-para-debate"],"_links":{"self":[{"href":"https:\/\/diocese-aveiro.pt\/cultura\/wp-json\/wp\/v2\/posts\/9441","targetHints":{"allow":["GET"]}}],"collection":[{"href":"https:\/\/diocese-aveiro.pt\/cultura\/wp-json\/wp\/v2\/posts"}],"about":[{"href":"https:\/\/diocese-aveiro.pt\/cultura\/wp-json\/wp\/v2\/types\/post"}],"author":[{"embeddable":true,"href":"https:\/\/diocese-aveiro.pt\/cultura\/wp-json\/wp\/v2\/users\/1"}],"replies":[{"embeddable":true,"href":"https:\/\/diocese-aveiro.pt\/cultura\/wp-json\/wp\/v2\/comments?post=9441"}],"version-history":[{"count":3,"href":"https:\/\/diocese-aveiro.pt\/cultura\/wp-json\/wp\/v2\/posts\/9441\/revisions"}],"predecessor-version":[{"id":9473,"href":"https:\/\/diocese-aveiro.pt\/cultura\/wp-json\/wp\/v2\/posts\/9441\/revisions\/9473"}],"wp:featuredmedia":[{"embeddable":true,"href":"https:\/\/diocese-aveiro.pt\/cultura\/wp-json\/wp\/v2\/media\/9442"}],"wp:attachment":[{"href":"https:\/\/diocese-aveiro.pt\/cultura\/wp-json\/wp\/v2\/media?parent=9441"}],"wp:term":[{"taxonomy":"category","embeddable":true,"href":"https:\/\/diocese-aveiro.pt\/cultura\/wp-json\/wp\/v2\/categories?post=9441"},{"taxonomy":"post_tag","embeddable":true,"href":"https:\/\/diocese-aveiro.pt\/cultura\/wp-json\/wp\/v2\/tags?post=9441"}],"curies":[{"name":"wp","href":"https:\/\/api.w.org\/{rel}","templated":true}]}}