{"id":9396,"date":"2020-05-19T15:28:03","date_gmt":"2020-05-19T14:28:03","guid":{"rendered":"http:\/\/diocese-aveiro.pt\/cultura\/?p=9396"},"modified":"2020-05-19T15:28:03","modified_gmt":"2020-05-19T14:28:03","slug":"pe-georgino-rocha-festa-da-ascensao-do-senhor-acolhe-a-missao-que-jesus-te-confia","status":"publish","type":"post","link":"https:\/\/diocese-aveiro.pt\/cultura\/pe-georgino-rocha-festa-da-ascensao-do-senhor-acolhe-a-missao-que-jesus-te-confia\/","title":{"rendered":"Pe. Georgino Rocha | FESTA DA ASCENS\u00c3O DO SENHOR &#8211; Acolhe a miss\u00e3o que Jesus te confia"},"content":{"rendered":"<p align=\"center\">\n<p style=\"text-align: center;\" align=\"right\"><b><i>Pe. Georgino Rocha<\/i><\/b><\/p>\n<p style=\"text-align: justify;\" align=\"right\">\u201cIde e ensinai\u201d, ordena Jesus, com toda a sua autoridade, na declara\u00e7\u00e3o final que precede a sua Ascens\u00e3o. Os disc\u00edpulos vivem um \u201cfeixe\u201d de sentimentos que v\u00e3o da d\u00favida ao reconhecimento e \u00e0 adora\u00e7\u00e3o. Acolhem a ordem\/envio com docilidade e \u201ctemor\u201d pois os horizontes da miss\u00e3o s\u00e3o desproporcionados \u00e0s suas for\u00e7as e capacidades. Ir por todo o mundo, ensinar todas as na\u00e7\u00f5es, fazer disc\u00edpulos de todos os povos, baptizar os que acreditam, constituem express\u00f5es que configuram a amplitude da sua nova responsabilidade. E eles, seres humanos fr\u00e1geis e hesitantes, limitados nas capacidades e nos conhecimentos, marcados e formatados pelos h\u00e1bitos de trabalho duro e da cultura judaica, eles a sentirem a despropor\u00e7\u00e3o do que lhes \u00e9 incumbido e a realidade das suas for\u00e7as, sem contar com a adversidade de certas e surpreendentes circunst\u00e2ncias. <i>Mt 28, 16-20.<\/i><\/p>\n<p style=\"text-align: justify;\">Quem se atreveria a aceitar tal mandato ou, pelo menos, n\u00e3o pediria algum esclarecimento? Quem n\u00e3o sentiria a tenta\u00e7\u00e3o da debandada, deixando o lugar vago \u00e0 espera que outros viessem fazer o que era da sua responsabilidade? Quem n\u00e3o hesitaria em fazer \u201couvidos moucos\u201d a tal imperativo, ainda que se retardasse o ritmo do que estava planeado? Estas e outras interroga\u00e7\u00f5es trespassariam qualquer cora\u00e7\u00e3o humano que contasse apenas com os seus recursos. A probabilidade do fracasso era grande.<\/p>\n<p style=\"text-align: justify;\">Mas os disc\u00edpulos n\u00e3o d\u00e3o sinais de reagir desfavoravelmente, n\u00e3o manifestam qualquer temor e disp\u00f5em-se a tudo. Reconforta-os, sem d\u00favida, a promessa\/garantia de Jesus: \u201cEu estou sempre convosco at\u00e9 ao fim dos tempos\u201d e ainda: Enviar-vos ei o Esp\u00edrito para que esteja em v\u00f3s e habite convosco.<\/p>\n<p style=\"text-align: justify;\">Animados por este Esp\u00edrito, descobrem as novas formas de presen\u00e7a de Jesus. J\u00e1 n\u00e3o \u00e9 como antes. A morte no Calv\u00e1rio foi a s\u00e9rio. E a ressurrei\u00e7\u00e3o, ainda mais. Agora \u00e9 diferente. O ressuscitado est\u00e1 presente nos sinais previamente escolhidos: a vida humana, a reuni\u00e3o fraterna, a ora\u00e7\u00e3o a Deus, o bem-fazer aos necessitados, os factos sociais relevantes que indicam um novo rumo na humanidade, a escuta da Palavra, a celebra\u00e7\u00e3o dos sacramentos na assembleia crist\u00e3, o valor do sofrimento por amor, a preocupa\u00e7\u00e3o por comunicar aos outros a experi\u00eancia da f\u00e9 que se vai fazendo, a esperan\u00e7a no futuro definitivo e tantos outros. S\u00e3o eles que indicam e podem desvendar a presen\u00e7a de Jesus ressuscitado. A ascens\u00e3o significa esta transposi\u00e7\u00e3o de presen\u00e7as. Oculto \u00e0 vista humana \u00e9 bem vis\u00edvel aos olhos da f\u00e9. O Esp\u00edrito Santo ilumina o nosso olhar para captar, penetrar, compreender, narrar e orar esta nova realidade. A linguagem espacial de \u201csobe e desce\u201d \u00e9 b\u00edblica, denota uma conce\u00e7\u00e3o diferente do universo e pretende tornar acess\u00edvel o que ocorre com Jesus ap\u00f3s a sua ressurrei\u00e7\u00e3o.<\/p>\n<p style=\"text-align: justify;\">A Igreja escolheu a Festa da Ascens\u00e3o para fazer a celebra\u00e7\u00e3o do Dia Mundial das Comunica\u00e7\u00f5es Sociais que este ano tem por lema:\u00a0<i>\u00ab\u201cPara que possas contar e fixar na mem\u00f3ria\u201d (<\/i>Ex<i>\u00a010, 2).A vida faz-se hist\u00f3ria\u00a0<\/i>\u00bb, lema que evoca o Evangelho de hoje. O Papa Francisco faz publicar uma excelente mensagem de que transcrevo breves par\u00e1grafos.<\/p>\n<p style=\"text-align: justify;\">\u2026\u201dNa confus\u00e3o das vozes e mensagens que nos rodeiam, temos necessidade duma narra\u00e7\u00e3o humana, que nos fale de n\u00f3s mesmos e da beleza que nos habita; uma narra\u00e7\u00e3o que saiba olhar o mundo e os acontecimentos com ternura, conte a nossa participa\u00e7\u00e3o num tecido vivo, revele o entran\u00e7ado dos fios pelos quais estamos ligados uns aos outros.\u201d \u2026 \u201cA B\u00edblia \u00e9 a grande hist\u00f3ria de amor entre Deus e a humanidade. No centro, est\u00e1 Jesus\u2026\u201d O pr\u00f3prio Jesus falava de Deus, n\u00e3o com discursos abstratos, mas com as par\u00e1bolas, breves narrativas tiradas da vida de todos os dias. Aqui a vida faz-se hist\u00f3ria e depois, para o ouvinte, a hist\u00f3ria faz-se vida: tal narra\u00e7\u00e3o entra na vida de quem a escuta e transforma-a.\u201d<\/p>\n<p style=\"text-align: justify;\">Retomando a reflex\u00e3o do nosso texto, vemos que os disc\u00edpulos, reanimados pelo Esp\u00edrito, partem em miss\u00e3o, dando origem \u00e0 mais bela hist\u00f3ria de amor que faz da autoridade um servi\u00e7o \u00e0 verdade que liberta e, da debilidade humana, a for\u00e7a especial do agir de Deus na hist\u00f3ria. E da narra\u00e7\u00e3o, a forma de comunica\u00e7\u00e3o por excel\u00eancia.<\/p>\n<p style=\"text-align: justify;\">Vive esta realidade maravilhosa. Acolhe a miss\u00e3o que Jesus te\/nos confia.<\/p>\n<h6 style=\"text-align: right;\">Imagem de\u00a0<a href=\"https:\/\/pixabay.com\/pt\/users\/kareni-5357143\/?utm_source=link-attribution&amp;utm_medium=referral&amp;utm_campaign=image&amp;utm_content=3325080\">R\u00dc\u015eT\u00dc BOZKU\u015e<\/a>\u00a0por\u00a0<a href=\"https:\/\/pixabay.com\/pt\/?utm_source=link-attribution&amp;utm_medium=referral&amp;utm_campaign=image&amp;utm_content=3325080\">Pixabay<\/a><\/h6>\n","protected":false},"excerpt":{"rendered":"<p>Pe. Georgino Rocha<\/p>\n","protected":false},"author":1,"featured_media":9397,"comment_status":"closed","ping_status":"closed","sticky":false,"template":"","format":"standard","meta":{"footnotes":""},"categories":[46,91,50,14],"tags":[],"class_list":["post-9396","post","type-post","status-publish","format-standard","has-post-thumbnail","hentry","category-autores","category-olhares-ii","category-pe-georgino-rocha","category-temas-para-debate"],"_links":{"self":[{"href":"https:\/\/diocese-aveiro.pt\/cultura\/wp-json\/wp\/v2\/posts\/9396","targetHints":{"allow":["GET"]}}],"collection":[{"href":"https:\/\/diocese-aveiro.pt\/cultura\/wp-json\/wp\/v2\/posts"}],"about":[{"href":"https:\/\/diocese-aveiro.pt\/cultura\/wp-json\/wp\/v2\/types\/post"}],"author":[{"embeddable":true,"href":"https:\/\/diocese-aveiro.pt\/cultura\/wp-json\/wp\/v2\/users\/1"}],"replies":[{"embeddable":true,"href":"https:\/\/diocese-aveiro.pt\/cultura\/wp-json\/wp\/v2\/comments?post=9396"}],"version-history":[{"count":1,"href":"https:\/\/diocese-aveiro.pt\/cultura\/wp-json\/wp\/v2\/posts\/9396\/revisions"}],"predecessor-version":[{"id":9398,"href":"https:\/\/diocese-aveiro.pt\/cultura\/wp-json\/wp\/v2\/posts\/9396\/revisions\/9398"}],"wp:featuredmedia":[{"embeddable":true,"href":"https:\/\/diocese-aveiro.pt\/cultura\/wp-json\/wp\/v2\/media\/9397"}],"wp:attachment":[{"href":"https:\/\/diocese-aveiro.pt\/cultura\/wp-json\/wp\/v2\/media?parent=9396"}],"wp:term":[{"taxonomy":"category","embeddable":true,"href":"https:\/\/diocese-aveiro.pt\/cultura\/wp-json\/wp\/v2\/categories?post=9396"},{"taxonomy":"post_tag","embeddable":true,"href":"https:\/\/diocese-aveiro.pt\/cultura\/wp-json\/wp\/v2\/tags?post=9396"}],"curies":[{"name":"wp","href":"https:\/\/api.w.org\/{rel}","templated":true}]}}