{"id":9364,"date":"2020-05-17T13:12:10","date_gmt":"2020-05-17T12:12:10","guid":{"rendered":"http:\/\/diocese-aveiro.pt\/cultura\/?p=9364"},"modified":"2020-05-17T13:12:30","modified_gmt":"2020-05-17T12:12:30","slug":"efemerides-bento-xvi-assina-texto-pelo-centenario-do-nascimento-de-sao-joao-paulo","status":"publish","type":"post","link":"https:\/\/diocese-aveiro.pt\/cultura\/efemerides-bento-xvi-assina-texto-pelo-centenario-do-nascimento-de-sao-joao-paulo\/","title":{"rendered":"Efem\u00e9rides | Bento XVI assina texto pelo centen\u00e1rio do nascimento de S\u00e3o Jo\u00e3o Paulo"},"content":{"rendered":"<h6 style=\"text-align: right;\">Not\u00edcia e fotos recolhidas da <a href=\"https:\/\/agencia.ecclesia.pt\/portal\/igreja-bento-xvi-assina-texto-pelo-centenario-do-nascimento-de-sao-joao-paulo\/\" target=\"_blank\" rel=\"noopener noreferrer\">Ag\u00eancia Ecclesia<\/a><\/h6>\n<p style=\"text-align: justify;\"><i>Papa em\u00e9rito disse que o seu predecessor \u00abn\u00e3o \u00e9 um rigorista da moral\u00bb e destacou dimens\u00e3o da miseric\u00f3rdia no pontificado de 26 anos e meio<\/i><\/p>\n<p style=\"text-align: justify;\">O Papa em\u00e9rito Bento XVI afirmou que S\u00e3o Jo\u00e3o Paulo II \u201cn\u00e3o \u00e9 um rigorista da moral\u201d e destacou a \u201cmiseric\u00f3rdia\u201d no Papa polaco, num texto pelo centen\u00e1rio do seu nascimento, que se comemora na pr\u00f3xima segunda-feira.<\/p>\n<p style=\"text-align: justify;\">\u201cAo contr\u00e1rio do que \u00e0s vezes se diz, Jo\u00e3o Paulo II n\u00e3o \u00e9 um rigorista da moral. Ao demonstrar a import\u00e2ncia essencial da miseric\u00f3rdia divina, ele d\u00e1-nos a oportunidade de aceitar as exig\u00eancias morais colocadas ao homem, ainda que nunca poderemos satisfaz\u00ea-las plenamente\u201d, escreveu Bento XVI numa carta aos bispos da Pol\u00f3nia.<\/p>\n<p style=\"text-align: justify;\">Na informa\u00e7\u00e3o divulgada pelo portal \u2018Vatican News\u2019, o Papa em\u00e9rito acrescenta que os \u201cesfor\u00e7os morais s\u00e3o empreendidos \u00e0 luz da miseric\u00f3rdia de Deus\u201d, que se revela uma for\u00e7a que cura a fraqueza humana.<\/p>\n<p style=\"text-align: justify;\">\u201cGra\u00e7as a Cristo ressuscitado, a miseric\u00f3rdia de Deus \u00e9 para todos e todos devem saber que a miseric\u00f3rdia de Deus acabar\u00e1 por se revelar mais forte do que a nossa fraqueza\u201d, desenvolveu.<\/p>\n<p style=\"text-align: justify;\">Karol Jozef Wojtyla nasceu em Wadowice (Pol\u00f3nia), a 18 de maio de 1920, foi eleito Papa a 16 de outubro de 1978, e morreu no Vaticano, a 2 de abril de 2005; Francisco canonizou-o a 27 de abril de 2014, perante mais de um milh\u00e3o de pessoas.<\/p>\n<p style=\"text-align: justify;\">\u201cToda a vida do Papa foi centrada sobre este prop\u00f3sito de aceitar subjetivamente como seu o centro objetivo da f\u00e9 crist\u00e3 \u2013 o ensinamento da salva\u00e7\u00e3o \u2013 e consentir aos outros aceit\u00e1-lo\u201d, explica Bento XVI do seu predecessor, na carta escrita pelo centen\u00e1rio do nascimento de Jo\u00e3o Paulo II.<\/p>\n<p style=\"text-align: justify;\"><a class=\"fbx-link fbx-instance\" href=\"https:\/\/agencia.ecclesia.pt\/portal\/wp-content\/uploads\/2018\/01\/1joaopauloii_fatima.jpg\"><img loading=\"lazy\" decoding=\"async\" class=\"size-medium wp-image-86405 alignright\" src=\"https:\/\/agencia.ecclesia.pt\/portal\/wp-content\/uploads\/2018\/01\/1joaopauloii_fatima-300x196.jpg\" sizes=\"auto, (max-width: 300px) 100vw, 300px\" srcset=\"https:\/\/agencia.ecclesia.pt\/portal\/wp-content\/uploads\/2018\/01\/1joaopauloii_fatima-300x196.jpg 300w, https:\/\/agencia.ecclesia.pt\/portal\/wp-content\/uploads\/2018\/01\/1joaopauloii_fatima-768x501.jpg 768w, https:\/\/agencia.ecclesia.pt\/portal\/wp-content\/uploads\/2018\/01\/1joaopauloii_fatima.jpg 980w\" alt=\"\" width=\"300\" height=\"196\" \/><\/a>O Papa em\u00e9rito, que foi eleito no\u00a0conclave de 2005,\u00a0<a href=\"https:\/\/www.vaticannews.va\/pt\/papa\/news\/2020-05\/palavras-do-papa-emrito-sobre-misericordia-em-sao-joao-paulo.html\" target=\"_blank\" rel=\"noopener noreferrer\">refere<\/a>\u00a0que na miseric\u00f3rdia se deve \u201cencontrar a unidade interior da mensagem de Jo\u00e3o Paulo II e as inten\u00e7\u00f5es fundamentais do Papa Francisco\u201d.<\/p>\n<p style=\"text-align: justify;\">Francisco tamb\u00e9m j\u00e1 assinalou os 100 anos do nascimento de Karol Wojtyla escrevendo o pref\u00e1cio de um livro para apresentar S\u00e3o Jo\u00e3o Paulo II aos jovens que n\u00e3o o conheceram.<\/p>\n<p style=\"text-align: justify;\">\u201cFoi um extraordin\u00e1rio educador de muitos jovens que atrav\u00e9s dele, quando era um jovem padre, foram introduzidos na f\u00e9 concreta, testemunhada, vivida em todos os momentos da vida\u201d, escreve o Papa argentino.<\/p>\n<p style=\"text-align: justify;\">O livro \u201c100 Anos. Palavras e imagens\u201d \u00e9 publicado pela editora do Vaticano, com uma colet\u00e2nea de escritos e frases c\u00e9lebres desde o dia da elei\u00e7\u00e3o de S\u00e3o Jo\u00e3o Paulo II.<\/p>\n<p style=\"text-align: justify;\">No pref\u00e1cio, intitulado \u201cGratos na recorda\u00e7\u00e3o de um Santo testemunha\u201d, o Papa Francisco\u00a0<a href=\"https:\/\/agencia.ecclesia.pt\/portal\/vaticano-papa-apresenta-sao-joao-paulo-ii-aos-jovens-que-nao-o-conheceram\/\" target=\"_blank\" rel=\"noopener noreferrer\">explica<\/a>\u00a0que o \u201csofrimento que viveu deixando-se confiar totalmente ao Senhor, o modelou e deixou ainda mais forte a f\u00e9 crist\u00e3 com a qual fora educado em fam\u00edlia\u201d.<\/p>\n<p style=\"text-align: justify;\">O Papa polaco esteve tr\u00eas vezes no Santu\u00e1rio de F\u00e1tima\u00a0em 18 anos, no m\u00eas de maio de 1982, 1991, e no ano 2000 quando regressou \u00e0 Cova da Iria para beatificar os pastorinhos Francisco e Jacinta Marto.<\/p>\n<p style=\"text-align: justify;\">Em Portugal, o cardeal-patriarca de Lisboa, D. Manuel Clemente, vai\u00a0<a href=\"https:\/\/agencia.ecclesia.pt\/portal\/evento\/lisboa-d-manuel-clemente-preside-a-eucaristia-no-centenario-de-nascimento-do-papa-joao-paulo-ii\/\" target=\"_blank\" rel=\"noopener noreferrer\">presidir<\/a>\u00a0a Eucaristia que assinala os 100 anos do nascimento de Karol Wojtyla, \u00e0s 19h00, do dia 18, na igreja de Nossa Senhora de F\u00e1tima, e que vai ser transmitida online pelas p\u00e1ginas Youtube, facebook e MEO Kanal do Patriarcado de Lisboa.<\/p>\n<p style=\"text-align: justify;\"><em>CB\/OC<\/em><\/p>\n<table>\n<tbody>\n<tr>\n<td>Karol Wojtyla nasceu em Wadowice, no sul da Pol\u00f3nia, filho de Karol Wojtyla, um militar do ex\u00e9rcito austro-h\u00fangaro, e Em\u00edlia Kaczorowsky, uma jovem de origem lituana.<\/p>\n<p style=\"text-align: justify;\">Em 1938 foi admitido na Universidade Jagieloniana, onde estudou poesia e drama. Durante a II Guerra Mundial (1939-1945) esteve numa mina em Zakrzowek, trabalhou na f\u00e1brica Solvay e manteve uma intensa atividade ligada ao teatro, antes de come\u00e7ar clandestinamente a sua forma\u00e7\u00e3o como seminarista, acolhido pelo cardeal de Crac\u00f3via.<\/p>\n<p style=\"text-align: justify;\">Karol Wojtyla foi ordenado sacerdote em 1946, no dia 23 de setembro de 1958 foi ordenado bispo-auxiliar do administrador apost\u00f3lico de Crac\u00f3via.<\/p>\n<p style=\"text-align: justify;\">Participou no Conc\u00edlio Vaticano II, onde colaborou ativamente nas comiss\u00f5es respons\u00e1veis pela Constitui\u00e7\u00e3o Dogm\u00e1tica\u00a0Lumen Gentium\u00a0e a Constitui\u00e7\u00e3o Conciliar\u00a0Gaudium et Spes; A 13 de janeiro de 1964 assume a sede episcopal de Crac\u00f3via e, dois anos depois, o Papa Paulo VI eleva a diocese a arquidiocese cria Karol Wojtyla cardeal, aos 47 anos, em maio de 1967.<\/p>\n<p style=\"text-align: justify;\">O cardeal polaco foi eleito Papa no dia 15 de outubro de 1978, o primeiro pont\u00edfice n\u00e3o-italiano desde 1522.<\/p>\n<\/td>\n<\/tr>\n<\/tbody>\n<\/table>\n<div class=\"addtoany_share_save_container addtoany_content addtoany_content_bottom\">\n<div class=\"a2a_kit a2a_kit_size_30 addtoany_list\" style=\"text-align: justify;\" data-a2a-url=\"https:\/\/agencia.ecclesia.pt\/portal\/igreja-bento-xvi-assina-texto-pelo-centenario-do-nascimento-de-sao-joao-paulo\/\" data-a2a-title=\"Igreja: Bento XVI assina texto pelo centen\u00e1rio do nascimento de S\u00e3o Jo\u00e3o Paulo\"><\/div>\n<\/div>\n","protected":false},"excerpt":{"rendered":"<p>Not\u00edcia e fotos<\/p>\n","protected":false},"author":1,"featured_media":9365,"comment_status":"closed","ping_status":"closed","sticky":false,"template":"","format":"standard","meta":{"footnotes":""},"categories":[11,156,10],"tags":[],"class_list":["post-9364","post","type-post","status-publish","format-standard","has-post-thumbnail","hentry","category-acontece","category-efemerides","category-noticias"],"_links":{"self":[{"href":"https:\/\/diocese-aveiro.pt\/cultura\/wp-json\/wp\/v2\/posts\/9364","targetHints":{"allow":["GET"]}}],"collection":[{"href":"https:\/\/diocese-aveiro.pt\/cultura\/wp-json\/wp\/v2\/posts"}],"about":[{"href":"https:\/\/diocese-aveiro.pt\/cultura\/wp-json\/wp\/v2\/types\/post"}],"author":[{"embeddable":true,"href":"https:\/\/diocese-aveiro.pt\/cultura\/wp-json\/wp\/v2\/users\/1"}],"replies":[{"embeddable":true,"href":"https:\/\/diocese-aveiro.pt\/cultura\/wp-json\/wp\/v2\/comments?post=9364"}],"version-history":[{"count":1,"href":"https:\/\/diocese-aveiro.pt\/cultura\/wp-json\/wp\/v2\/posts\/9364\/revisions"}],"predecessor-version":[{"id":9366,"href":"https:\/\/diocese-aveiro.pt\/cultura\/wp-json\/wp\/v2\/posts\/9364\/revisions\/9366"}],"wp:featuredmedia":[{"embeddable":true,"href":"https:\/\/diocese-aveiro.pt\/cultura\/wp-json\/wp\/v2\/media\/9365"}],"wp:attachment":[{"href":"https:\/\/diocese-aveiro.pt\/cultura\/wp-json\/wp\/v2\/media?parent=9364"}],"wp:term":[{"taxonomy":"category","embeddable":true,"href":"https:\/\/diocese-aveiro.pt\/cultura\/wp-json\/wp\/v2\/categories?post=9364"},{"taxonomy":"post_tag","embeddable":true,"href":"https:\/\/diocese-aveiro.pt\/cultura\/wp-json\/wp\/v2\/tags?post=9364"}],"curies":[{"name":"wp","href":"https:\/\/api.w.org\/{rel}","templated":true}]}}