{"id":9282,"date":"2020-05-10T10:32:21","date_gmt":"2020-05-10T09:32:21","guid":{"rendered":"http:\/\/diocese-aveiro.pt\/cultura\/?p=9282"},"modified":"2020-05-10T10:32:21","modified_gmt":"2020-05-10T09:32:21","slug":"documentos-semana-da-vida-10-a-17-maio-2020","status":"publish","type":"post","link":"https:\/\/diocese-aveiro.pt\/cultura\/documentos-semana-da-vida-10-a-17-maio-2020\/","title":{"rendered":"Documentos | SEMANA DA VIDA (10 a 17 maio 2020) |"},"content":{"rendered":"<h2 class=\"art-postheader\" style=\"text-align: right;\"><a href=\"http:\/\/www.leigos.pt\/index.php\/2014-03-11-02-28-17\/2937-semana-da-vida-10-a-17-maio-2020\">SEMANA DA VIDA (10 a 17 maio 2020)<\/a><\/h2>\n<div class=\"art-postcontent clearfix\">\n<div class=\"art-article\">\n<div style=\"text-align: right;\"><a href=\"http:\/\/www.leigos.pt\/images\/semanaVidaCartaz2020_Final.jpg\" target=\"_blank\" rel=\"noopener noreferrer\">cartaz<\/a>\u00a0|\u00a0<a href=\"http:\/\/www.leigos.pt\/images\/bookSemanaVidaMaio2020A4_final-compactado.pdf\" target=\"_blank\" rel=\"noopener noreferrer\">gui\u00e3o<\/a>|\u00a0<a href=\"http:\/\/www.leigos.pt\/images\/semanaVidaOracao2020_Final-compactado.pdf\" target=\"_blank\" rel=\"noopener noreferrer\">ora\u00e7\u00e3o<\/a>\u00a0|\u00a0<a href=\"http:\/\/www.leigos.pt\/images\/semanaVidaFacebook2020_Final-001.jpg\" target=\"_blank\" rel=\"noopener noreferrer\">imagem1<\/a>\u00a0|\u00a0<a href=\"http:\/\/www.leigos.pt\/images\/semanaVidaFacebook2020_Final-002.jpg\" target=\"_blank\" rel=\"noopener noreferrer\">imagem2<\/a><\/div>\n<\/div>\n<div>\n<h6 style=\"text-align: right;\">Not\u00edcia recolhida da <a href=\"https:\/\/agencia.ecclesia.pt\/portal\/portugal-nunca-e-demais-refletir-sobre-o-valor-e-a-inviolabilidade-da-vida-d-joaquim-mendes\/\" target=\"_blank\" rel=\"noopener noreferrer\">Ag\u00eancia Ecclesia<\/a><\/h6>\n<h6 style=\"text-align: right;\">Recursos recolhidos de <a href=\"http:\/\/www.leigos.pt\/index.php\/2014-03-11-02-28-17\/2937-semana-da-vida-10-a-17-maio-2020\" target=\"_blank\" rel=\"noopener noreferrer\">www.leigos.pt<\/a><\/h6>\n<h1 class=\"entry-title\" style=\"text-align: justify;\">\u00abNunca \u00e9 demais refletir sobre o valor e a inviolabilidade da vida\u00bb \u2013 D. Joaquim Mendes<\/h1>\n<p style=\"text-align: justify;\">O presidente da Comiss\u00e3o Episcopal do Laicado e Fam\u00edlia afirmou que \u201cnunca \u00e9 demais refletir sobre o valor e a inviolabilidade da vida desde a sua conce\u00e7\u00e3o at\u00e9 \u00e0 morte\u201d, no contexto da Semana da Vida 2020, que hoje inicia.<\/p>\n<p style=\"text-align: justify;\">\u201cRezar para que cres\u00e7a na humanidade a consci\u00eancia do valor da vida, o cuidado da vida, o respeito e a defesa da vida e celebr\u00e1-la como um grande dom que recebemos de Deus, com profundo reconhecimento. A vida que temos devemo-la a quem aceitou generosamente ser colaborador e aliado do Deus da vida\u201d, disse D. Joaquim Mendes.<\/p>\n<p style=\"text-align: justify;\">A\u00a0Igreja Cat\u00f3lica em Portugal celebra a Semana da Vida 2020 com o tema \u2018A fragilidade humaniza a vida\u2019, a partir desde domingo, 10 de maio, at\u00e9 dia 17.<\/p>\n<p style=\"text-align: justify;\">Em declara\u00e7\u00f5es \u00e0 Ag\u00eancia ECCLESIA, o presidente da Comiss\u00e3o Episcopal do Laicado e Fam\u00edlia, da Confer\u00eancia Episcopal Portuguesa (CEP), explica que a pandemia do coronav\u00edrus Covid-19 \u201cdespertou para a realidade da fragilidade\u201d e este v\u00edrus \u201cdesconhecido, invis\u00edvel e incontrol\u00e1vel\u201d faz \u201creconhecer qu\u00e3o fr\u00e1geis\u201d s\u00e3o as pessoas e como dependem uns dos outros.<\/p>\n<blockquote>\n<p style=\"text-align: justify;\">\u201cEsta experi\u00eancia comum da pr\u00f3pria fragilidade despertou e fez-nos crescer em humanidade, tornou-nos mais sens\u00edveis, mais atentos, mais sol\u00edcitos uns para com os outros. O confinamento ajudou-nos a conhecermos-mos e a conhecermos melhor os outros, gerou um movimento espont\u00e2neo proximidade e de grande solidariedade social, principalmente em rela\u00e7\u00e3o aos mais fr\u00e1geis, aos doentes, aos infetados, aos idosos, aos s\u00f3s. Suscitou o reconhecimento em rela\u00e7\u00e3o ao valor e \u00e0 import\u00e2ncia dos que heroicamente cuidam dos outros na linha da frente da pandemia\u201d, desenvolveu o bispo auxiliar de Lisboa.<\/p>\n<\/blockquote>\n<p style=\"text-align: justify;\">A escolha do tema da Semana da Vida surge na sequ\u00eancia do primeiro Congresso Internacional da Pastoral dos Idosos (29 a 31 de janeiro, Roma) onde participou uma representa\u00e7\u00e3o da CEP.<\/p>\n<p style=\"text-align: justify;\">Neste contexto, D. Joaquim Mendes assinala que a \u201crevolu\u00e7\u00e3o demogr\u00e1fica\u201d, que est\u00e1 a afetar o mundo, \u201c\u00e9 um daqueles \u2018sinais dos tempos\u2019 que n\u00e3o se podem deixar de levar em conta\u201d, e destaca que os idosos s\u00e3o \u201ctestemunhas, guardi\u00f5es da mem\u00f3ria, da hist\u00f3ria e das ra\u00edzes da f\u00e9 entre as gera\u00e7\u00f5es mais jovens e a sociedade em geral\u201d.<\/p>\n<p style=\"text-align: justify;\">A Semana da Vida assinala-se na semana do Dia Internacional da Fam\u00edlia, que se comemora a 15 de maio, e D. Joaquim Mendes destaca que a fam\u00edlia \u201c\u00e9 um \u2018tesouro escondido\u2019 na Igreja\u201d, por isso, esta semana especial \u00e9 mais uma oportunidade, na sequ\u00eancia do confinamento, para \u201cdescobrir este \u00abtesouro\u00bb e consolidar a identidade da fam\u00edlia como \u2018Igreja dom\u00e9stica\u2019\u201d.<\/p>\n<blockquote>\n<p style=\"text-align: justify;\">\u201cEsta Semana da Vida pode ser um tempo particular e uma oportunidade para que cada fam\u00edlia crist\u00e3 se redescobrir como \u2018Igreja dom\u00e9stica\u2019, manifesta\u00e7\u00e3o do mist\u00e9rio da Igreja, fortalecer os la\u00e7os de amor e de comunh\u00e3o entre os seus membros, de modo que, a Igreja-comunidade seja cada vez mais uma \u201cfam\u00edlia de fam\u00edlias\u201d, fam\u00edlia amiga das fam\u00edlias, fam\u00edlia para os que n\u00e3o t\u00eam fam\u00edlia, e rede de reconstru\u00e7\u00e3o da humanidade como fam\u00edlia\u201d, desenvolveu.<\/p>\n<\/blockquote>\n<p style=\"text-align: justify;\">Ao mesmo tempo, acrescenta o bispo auxiliar de Lisboa, esta semana \u00e9 uma oportunidade para \u201csensibilizar\u201d a fam\u00edlia para \u201co apre\u00e7o e o cuidado dos seus membros, sobretudo dos mais fr\u00e1geis e idosos, crescer no respeito e no amor m\u00fatuos\u201d.<\/p>\n<p style=\"text-align: justify;\">Os bispos portugueses institu\u00edram a Semana da Vida, na terceira semana de Maio, no Ano Internacional da Fam\u00edlia de 1994, em resposta \u00e0 proposta do Papa S\u00e3o Jo\u00e3o Paulo II para se celebrar anualmente um dia em defesa da vida em todos os pa\u00edses do mundo.<\/p>\n<p style=\"text-align: justify;\">Os subs\u00eddios para viver esta semana \u2013 gui\u00e3o, cartaz, ora\u00e7\u00e3o \u2013 este ano est\u00e3o apenas dispon\u00edveis online, em\u00a0<a href=\"http:\/\/leigos.pt\/index.php\/2014-03-11-02-28-17\/2937-semana-da-vida-10-a-17-maio-2020\" target=\"_blank\" rel=\"noopener noreferrer\">http:\/\/leigos.pt<\/a>, o s\u00edtio online da Comiss\u00e3o Episcopal do Laicado e Fam\u00edlia, da Confer\u00eancia Episcopal Portuguesa.<\/p>\n<p style=\"text-align: justify;\"><em>CB\/PR<\/em><\/p>\n<p style=\"text-align: justify;\">\n<table>\n<tbody>\n<tr>\n<td>\u201cSuscitar nas consci\u00eancias, nas fam\u00edlias, na Igreja e na sociedade, o reconhecimento do sentido da vida humana em todos os seus momentos e condi\u00e7\u00f5es, concentrando a aten\u00e7\u00e3o de modo especial na gravidade do aborto e da eutan\u00e1sia, sem, contudo, menosprezar os outros aspetos e momentos da vida\u201d \u2013 Papa Jo\u00e3o Paulo II na Carta Enc\u00edclica \u2018Evangelho da Vida\u2019<\/td>\n<\/tr>\n<\/tbody>\n<\/table>\n<div class=\"addtoany_share_save_container addtoany_content addtoany_content_bottom\">\n<div class=\"addtoany_header\" style=\"text-align: justify;\"><\/div>\n<\/div>\n<\/div>\n<\/div>\n","protected":false},"excerpt":{"rendered":"<p>SEMANA DA VIDA<\/p>\n","protected":false},"author":1,"featured_media":9283,"comment_status":"closed","ping_status":"closed","sticky":false,"template":"","format":"standard","meta":{"footnotes":""},"categories":[11,151,12,8,13],"tags":[],"class_list":["post-9282","post","type-post","status-publish","format-standard","has-post-thumbnail","hentry","category-acontece","category-covid-19","category-documentos","category-em-cartaz","category-olhares"],"_links":{"self":[{"href":"https:\/\/diocese-aveiro.pt\/cultura\/wp-json\/wp\/v2\/posts\/9282","targetHints":{"allow":["GET"]}}],"collection":[{"href":"https:\/\/diocese-aveiro.pt\/cultura\/wp-json\/wp\/v2\/posts"}],"about":[{"href":"https:\/\/diocese-aveiro.pt\/cultura\/wp-json\/wp\/v2\/types\/post"}],"author":[{"embeddable":true,"href":"https:\/\/diocese-aveiro.pt\/cultura\/wp-json\/wp\/v2\/users\/1"}],"replies":[{"embeddable":true,"href":"https:\/\/diocese-aveiro.pt\/cultura\/wp-json\/wp\/v2\/comments?post=9282"}],"version-history":[{"count":1,"href":"https:\/\/diocese-aveiro.pt\/cultura\/wp-json\/wp\/v2\/posts\/9282\/revisions"}],"predecessor-version":[{"id":9284,"href":"https:\/\/diocese-aveiro.pt\/cultura\/wp-json\/wp\/v2\/posts\/9282\/revisions\/9284"}],"wp:featuredmedia":[{"embeddable":true,"href":"https:\/\/diocese-aveiro.pt\/cultura\/wp-json\/wp\/v2\/media\/9283"}],"wp:attachment":[{"href":"https:\/\/diocese-aveiro.pt\/cultura\/wp-json\/wp\/v2\/media?parent=9282"}],"wp:term":[{"taxonomy":"category","embeddable":true,"href":"https:\/\/diocese-aveiro.pt\/cultura\/wp-json\/wp\/v2\/categories?post=9282"},{"taxonomy":"post_tag","embeddable":true,"href":"https:\/\/diocese-aveiro.pt\/cultura\/wp-json\/wp\/v2\/tags?post=9282"}],"curies":[{"name":"wp","href":"https:\/\/api.w.org\/{rel}","templated":true}]}}