{"id":9209,"date":"2020-04-30T16:25:49","date_gmt":"2020-04-30T15:25:49","guid":{"rendered":"http:\/\/diocese-aveiro.pt\/cultura\/?p=9209"},"modified":"2020-04-30T16:25:49","modified_gmt":"2020-04-30T15:25:49","slug":"em-cartaz-peregrinacao-nacional-dos-acolitos-1-maio","status":"publish","type":"post","link":"https:\/\/diocese-aveiro.pt\/cultura\/em-cartaz-peregrinacao-nacional-dos-acolitos-1-maio\/","title":{"rendered":"Em cartaz | Peregrina\u00e7\u00e3o Nacional dos Ac\u00f3litos \u2013 1 maio"},"content":{"rendered":"<p style=\"text-align: justify;\"><iframe loading=\"lazy\" src=\"https:\/\/www.youtube.com\/embed\/P8ymswQSk_o\" width=\"560\" height=\"315\" frameborder=\"0\" allowfullscreen=\"allowfullscreen\" data-mce-fragment=\"1\"><\/iframe><br \/>\n<strong>OS AC\u00d3LITOS PORTUGUESES<\/strong><\/p>\n<p style=\"text-align: justify;\">Aproximando-se o dia 1 de maio, dia em que iria realizar-se a 24\u00aa Peregrina\u00e7\u00e3o Nacional dos Ac\u00f3litos (PNA) a F\u00e1tima que foi cancelada por for\u00e7a das circunst\u00e2ncias relacionadas com a situa\u00e7\u00e3o epid\u00e9mica que estamos todos a viver, a Dire\u00e7\u00e3o do Servi\u00e7o Nacional de Ac\u00f3litos (SNA) n\u00e3o quis deixar de assinalar esse dia especial para os ac\u00f3litos portugueses. Tendo em linha de conta as diretivas da Dire\u00e7\u00e3o Geral da Sa\u00fade, Confer\u00eancia Episcopal Portuguesa e Dioceses e em estreita liga\u00e7\u00e3o com a Comiss\u00e3o Episcopal de Liturgia e Espiritualidade e o Secret\u00e1rio Nacional de Liturgia, o SNA est\u00e1 a organizar uma forma de peregrina\u00e7\u00e3o diferente, n\u00e3o menos importante, para esse dia\u2026 uma peregrina\u00e7\u00e3o interior de ora\u00e7\u00e3o e s\u00faplica a Maria, invocada sob o t\u00edtulo de Imaculada Concei\u00e7\u00e3o, a Padroeira de Portugal!<br \/>\nAssim, convidam todos os ac\u00f3litos portugueses para no dia 1 de maio e em suas casas estarem virtualmente presentes no Santu\u00e1rio de Vila Vi\u00e7osa (Arquidiocese de \u00c9vora) pelas 16 horas, local desde onde ser\u00e1 transmitida on-line via Facebook do SNA (<a href=\"https:\/\/www.facebook.com\/snacolitos\/\" target=\"_blank\" rel=\"noopener noreferrer\">https:\/\/www.facebook.com\/snacolitos\/<\/a>) e do Santu\u00e1rio de Vila Vi\u00e7osa (<a href=\"https:\/\/www.facebook.com\/santuariovvicosa\/)\" target=\"_blank\" rel=\"noopener noreferrer\">https:\/\/www.facebook.com\/santuariovvicosa\/)<\/a>\u00a0a Eucaristia presidida por Sua Excel\u00eancia Reverend\u00edssima Dom Francisco Senra Coelho, Arcebispo de \u00c9vora.<br \/>\nQue Nossa Senhora da Concei\u00e7\u00e3o interceda por todos nesta crise pand\u00e9mica a que estamos expostos\u2026. S\u00e3o Francisco Marto e S\u00e3o Tarc\u00edsio, rogai por n\u00f3s!<br \/>\nA Dire\u00e7\u00e3o do SNA<\/p>\n<p style=\"text-align: justify;\">Cf:\u00a0<a href=\"https:\/\/www.facebook.com\/snacolitos\/posts\/3102591836471996\" target=\"_blank\" rel=\"noopener noreferrer\">https:\/\/www.facebook.com\/snacolitos\/posts\/3102591836471996<\/a><\/p>\n<p style=\"text-align: justify;\"><a href=\"http:\/\/www.diocese-aveiro.pt\/v2\/wp-content\/uploads\/2020\/04\/cartaz.jpg\"><img loading=\"lazy\" decoding=\"async\" class=\"alignnone  wp-image-19326\" src=\"http:\/\/www.diocese-aveiro.pt\/v2\/wp-content\/uploads\/2020\/04\/cartaz.jpg\" sizes=\"auto, (max-width: 959px) 100vw, 959px\" srcset=\"http:\/\/www.diocese-aveiro.pt\/v2\/wp-content\/uploads\/2020\/04\/cartaz.jpg 655w, http:\/\/www.diocese-aveiro.pt\/v2\/wp-content\/uploads\/2020\/04\/cartaz-205x300.jpg 205w, http:\/\/www.diocese-aveiro.pt\/v2\/wp-content\/uploads\/2020\/04\/cartaz-101x148.jpg 101w, http:\/\/www.diocese-aveiro.pt\/v2\/wp-content\/uploads\/2020\/04\/cartaz-21x31.jpg 21w, http:\/\/www.diocese-aveiro.pt\/v2\/wp-content\/uploads\/2020\/04\/cartaz-26x38.jpg 26w, http:\/\/www.diocese-aveiro.pt\/v2\/wp-content\/uploads\/2020\/04\/cartaz-147x215.jpg 147w\" alt=\"\" width=\"959\" height=\"1406\" \/><\/a><\/p>\n","protected":false},"excerpt":{"rendered":"<p>OS AC\u00d3LITOS PORTUGUESES<\/p>\n","protected":false},"author":1,"featured_media":9210,"comment_status":"closed","ping_status":"closed","sticky":false,"template":"","format":"standard","meta":{"footnotes":""},"categories":[11,8],"tags":[],"class_list":["post-9209","post","type-post","status-publish","format-standard","has-post-thumbnail","hentry","category-acontece","category-em-cartaz"],"_links":{"self":[{"href":"https:\/\/diocese-aveiro.pt\/cultura\/wp-json\/wp\/v2\/posts\/9209","targetHints":{"allow":["GET"]}}],"collection":[{"href":"https:\/\/diocese-aveiro.pt\/cultura\/wp-json\/wp\/v2\/posts"}],"about":[{"href":"https:\/\/diocese-aveiro.pt\/cultura\/wp-json\/wp\/v2\/types\/post"}],"author":[{"embeddable":true,"href":"https:\/\/diocese-aveiro.pt\/cultura\/wp-json\/wp\/v2\/users\/1"}],"replies":[{"embeddable":true,"href":"https:\/\/diocese-aveiro.pt\/cultura\/wp-json\/wp\/v2\/comments?post=9209"}],"version-history":[{"count":1,"href":"https:\/\/diocese-aveiro.pt\/cultura\/wp-json\/wp\/v2\/posts\/9209\/revisions"}],"predecessor-version":[{"id":9211,"href":"https:\/\/diocese-aveiro.pt\/cultura\/wp-json\/wp\/v2\/posts\/9209\/revisions\/9211"}],"wp:featuredmedia":[{"embeddable":true,"href":"https:\/\/diocese-aveiro.pt\/cultura\/wp-json\/wp\/v2\/media\/9210"}],"wp:attachment":[{"href":"https:\/\/diocese-aveiro.pt\/cultura\/wp-json\/wp\/v2\/media?parent=9209"}],"wp:term":[{"taxonomy":"category","embeddable":true,"href":"https:\/\/diocese-aveiro.pt\/cultura\/wp-json\/wp\/v2\/categories?post=9209"},{"taxonomy":"post_tag","embeddable":true,"href":"https:\/\/diocese-aveiro.pt\/cultura\/wp-json\/wp\/v2\/tags?post=9209"}],"curies":[{"name":"wp","href":"https:\/\/api.w.org\/{rel}","templated":true}]}}