{"id":8999,"date":"2020-04-08T17:47:53","date_gmt":"2020-04-08T16:47:53","guid":{"rendered":"http:\/\/diocese-aveiro.pt\/cultura\/?p=8999"},"modified":"2020-04-08T17:53:18","modified_gmt":"2020-04-08T16:53:18","slug":"bioetica-e-sociedade-deixar-morrer-deliberadamente-os-velhos-com-covid-19-um-atentado-moral-e-ato-que-envergonha-a-humanidade","status":"publish","type":"post","link":"https:\/\/diocese-aveiro.pt\/cultura\/bioetica-e-sociedade-deixar-morrer-deliberadamente-os-velhos-com-covid-19-um-atentado-moral-e-ato-que-envergonha-a-humanidade\/","title":{"rendered":"Bio\u00e9tica e sociedade | Deixar morrer, deliberadamente, os &#8216;velhos&#8217; com Covid-19. Um atentato moral e ato que envergonha a humanidade"},"content":{"rendered":"<h6 style=\"text-align: right;\">Bio\u00e9tica e sociedade<br \/>\n(Parceria com o Centro de Estudos de Bio\u00e9tica)<\/h6>\n<hr \/>\n<h4 style=\"text-align: center;\">Carlos Costa Gomes*<\/h4>\n<p style=\"text-align: justify;\"><img loading=\"lazy\" decoding=\"async\" class=\"size-full wp-image-8127 alignleft\" src=\"https:\/\/diocese-aveiro.pt\/cultura\/wp-content\/uploads\/2020\/02\/Carlos-Costa-Gomes.jpg\" alt=\"\" width=\"192\" height=\"250\" \/>1. Na pr\u00e1tica das ci\u00eancias da sa\u00fade \u2013 medicina e enfermagem \u2013 atual emergem sensibilidades e valores que necessitam de ter considera\u00e7\u00f5es \u00e9ticas sempre em defesa da dignidade humana e no respeito rec\u00edproco entre o cl\u00ednico e a pessoa doente. A medicina e a enfermagem sempre estiveram, como est\u00e3o, ao servi\u00e7o da pessoa que sofre.<\/p>\n<p style=\"text-align: justify;\">2. Mas no momento em que vivemos, a dimens\u00e3o social da medicina tem originado certas ambiguidades, nomeadamente, na fixa\u00e7\u00e3o de prioridades a cuidados de sa\u00fade. O discernimento das decis\u00f5es, numa altura em que faltam recursos t\u00e9cnicos para combater a COVID-19, evidencia crit\u00e9rios utilitaristas que atentam com a dignidade e do respeito pela pessoa humana, ao ponto de deixar de TRATAR E CURAR IDOSOS em lares residenciais. Est\u00e1 acontecer na B\u00e9lgica e em algumas regi\u00f5es de Espanha.<\/p>\n<p style=\"text-align: justify;\">3. A SOCIEDADE BELGA DE GERONTOLOGIA E GERIATRIA enviou uma nota-circular a todos os m\u00e9dicos que exercem cl\u00ednica em casas de repouso e em lares, de todo o pa\u00eds, no caso de infe\u00e7\u00e3o por coronav\u00edrus (COVD-10) por qualquer um dos residentes idosos, para que estes n\u00e3o sejam transferidos para o hospital, mas que lhe seja aplicada apenas administra\u00e7\u00e3o de cuidados paliativos na estrutura residencial\/lar. Esta recomenda\u00e7\u00e3o \u00e9 tamb\u00e9m feita \u00e0s fam\u00edlias que t\u00eam pessoas com doen\u00e7a mental ou doentes com Alzheimer.<\/p>\n<p style=\"text-align: justify;\">4. Muitos idosos na B\u00e9lgica vivem aterrorizados com o medo de serem infetados pelo COVID-19, e n\u00e3o serem tratados, levando-os diretamente \u00e0 morte. No fundo, \u00e9 forma de homic\u00eddio social das pessoas idosas&#8230;<\/p>\n<p style=\"text-align: justify;\">5. A \u00e9tica m\u00e9dica e de enfermagem, bem como os c\u00f3digos deontol\u00f3gicos, obrigam sempre pela defesa da vida. A morte n\u00e3o pode ter como crit\u00e9rio uma escolha social, como a idade e o facto de ser velho. Se assim \u00e9, estamos a cair no eugenismo social\u2026 Com o COVID-19 pode voltar a acontecer o que aconteceu na II Guerra Mundial.<\/p>\n<p style=\"text-align: justify;\">6. Se neste tempo vivemos uma nova realidade m\u00e9dica perante o COVID-19, tamb\u00e9m se imp\u00f5e a necessidade de uma \u201cnova sensibilidade \u00e9tica\u201d diante da fragilidade e vulnerabilidade humana, quando os recursos s\u00e3o escassos.<\/p>\n<p style=\"text-align: justify;\">7. A mudan\u00e7a profunda da realidade da ci\u00eancia e da t\u00e9cnica biom\u00e9dica das \u00faltimas d\u00e9cadas originou metamorfoses e influ\u00eancia no processo de morrer, bem como na valoriza\u00e7\u00e3o da vida humana face ao acontecimento da morte. H\u00e1 aspetos positivos, mas nem tudo se estima nesta dire\u00e7\u00e3o.<\/p>\n<p style=\"text-align: justify;\">8. H\u00e1 aspetos negativos que devem ser superados, principalmente, a tend\u00eancia clara da valoriza\u00e7\u00e3o negativa da vida humana quando esta se encontra em situa\u00e7\u00f5es de precariedade biol\u00f3gica, que se pode avaliar em tr\u00eas formas: 1) os doentes, sobretudo idosos e cr\u00f3nicos; 2) as pessoas que sofrem de doen\u00e7as progressivas; 3) crian\u00e7as ou adultos com incapacidades e diminui\u00e7\u00f5es biol\u00f3gicas e mentais not\u00e1veis.<\/p>\n<p style=\"text-align: justify;\">9. Tal momento apela \u00e0 sensibilidade \u00e9tica e esta convoca-nos, como sempre, para o cuidado dos mais fr\u00e1geis. Em tempo de recursos escassos, onde a fragilidade aumenta e vulnerabilidade se manifesta com mais intensidade, esta convoca\u00e7\u00e3o \u00e9 para humanizar e n\u00e3o para descartar, como vida sem valor, como vida fora de prazo e prazo sem futuro.<\/p>\n<h6 style=\"text-align: right;\">*Presidente do Centro de Estudos de Bio\u00e9tica<\/h6>\n<h6 style=\"text-align: right;\">Professor e investigador do Instituto de Bio\u00e9tica da UCP | Membro da Academia &#8216;Fides et Ratio&#8217;<\/h6>\n<h6 style=\"text-align: right;\"><\/h6>\n","protected":false},"excerpt":{"rendered":"<p>Bio\u00e9tica e sociedade<\/p>\n","protected":false},"author":1,"featured_media":9000,"comment_status":"closed","ping_status":"closed","sticky":false,"template":"","format":"standard","meta":{"footnotes":""},"categories":[46,72,136,13],"tags":[],"class_list":["post-8999","post","type-post","status-publish","format-standard","has-post-thumbnail","hentry","category-autores","category-bioetica-e-sociedade","category-carlos-costa-gomes","category-olhares"],"_links":{"self":[{"href":"https:\/\/diocese-aveiro.pt\/cultura\/wp-json\/wp\/v2\/posts\/8999","targetHints":{"allow":["GET"]}}],"collection":[{"href":"https:\/\/diocese-aveiro.pt\/cultura\/wp-json\/wp\/v2\/posts"}],"about":[{"href":"https:\/\/diocese-aveiro.pt\/cultura\/wp-json\/wp\/v2\/types\/post"}],"author":[{"embeddable":true,"href":"https:\/\/diocese-aveiro.pt\/cultura\/wp-json\/wp\/v2\/users\/1"}],"replies":[{"embeddable":true,"href":"https:\/\/diocese-aveiro.pt\/cultura\/wp-json\/wp\/v2\/comments?post=8999"}],"version-history":[{"count":3,"href":"https:\/\/diocese-aveiro.pt\/cultura\/wp-json\/wp\/v2\/posts\/8999\/revisions"}],"predecessor-version":[{"id":9003,"href":"https:\/\/diocese-aveiro.pt\/cultura\/wp-json\/wp\/v2\/posts\/8999\/revisions\/9003"}],"wp:featuredmedia":[{"embeddable":true,"href":"https:\/\/diocese-aveiro.pt\/cultura\/wp-json\/wp\/v2\/media\/9000"}],"wp:attachment":[{"href":"https:\/\/diocese-aveiro.pt\/cultura\/wp-json\/wp\/v2\/media?parent=8999"}],"wp:term":[{"taxonomy":"category","embeddable":true,"href":"https:\/\/diocese-aveiro.pt\/cultura\/wp-json\/wp\/v2\/categories?post=8999"},{"taxonomy":"post_tag","embeddable":true,"href":"https:\/\/diocese-aveiro.pt\/cultura\/wp-json\/wp\/v2\/tags?post=8999"}],"curies":[{"name":"wp","href":"https:\/\/api.w.org\/{rel}","templated":true}]}}