{"id":8923,"date":"2020-04-02T14:04:15","date_gmt":"2020-04-02T13:04:15","guid":{"rendered":"http:\/\/diocese-aveiro.pt\/cultura\/?p=8923"},"modified":"2020-04-02T14:04:15","modified_gmt":"2020-04-02T13:04:15","slug":"palmas-e-oliveiras-o-domingo-de-ramos-na-biblia-natureza-e-espiritualidade","status":"publish","type":"post","link":"https:\/\/diocese-aveiro.pt\/cultura\/palmas-e-oliveiras-o-domingo-de-ramos-na-biblia-natureza-e-espiritualidade\/","title":{"rendered":"Palmas e oliveiras: O Domingo de Ramos na B\u00edblia, natureza e espiritualidade"},"content":{"rendered":"<div class=\"col-xs-12 col-sm-12 col-md-8 col-lg-8\">\n<h6 style=\"text-align: right;\">Artigo e foto recolhidos do <a href=\"https:\/\/www.snpcultura.org\/palmas_e_oliveiras_o_domingo_de_ramos_na_biblia_natureza_espiritualidade.html\" target=\"_blank\" rel=\"noopener noreferrer\">SNPC<\/a><\/h6>\n<\/div>\n<div class=\"col-xs-12 col-sm-12 col-md-8 col-lg-8\">\n<p style=\"text-align: justify;\">\u00abA multid\u00e3o, numeros\u00edssima, estendia os seus mantos no caminho, enquanto outros cortavam ramos das \u00e1rvores e estendiam-nos no caminho\u00bb: a liturgia do Domingo de Ramos, na esteira dos Evangelhos, est\u00e1 associada a duas \u00e1rvores que t\u00eam um valor simb\u00f3lico na B\u00edblia e na tradi\u00e7\u00e3o crist\u00e3.<\/p>\n<p style=\"text-align: justify;\">A entrada triunfal de Jesus em Jerusal\u00e9m, segundo o Evangelho de Mateus (21,8), introduz um sinal particular de festa, os ramos verdejantes (\u00abfolhas cortadas nos campos\u00bb, de acordo com Marcos 11,8), que no Evangelho de Jo\u00e3o s\u00e3o especificadas como \u00abramos de palma\u00bb (12,13).<\/p>\n<p style=\"text-align: justify;\">Sobre esta cena podemos sobrepor a doe eleitos do livro do Apocalipse: \u00abUma multid\u00e3o imensa, que ningu\u00e9m podia contar, de toda a na\u00e7\u00e3o, tribo, povo e l\u00edngua \u2026, revestidos em vestes c\u00e2ndidas, tinham ramos de palma nas suas m\u00e3os\u00bb (7,9).<\/p>\n<p style=\"text-align: justify;\">\u00c9 na sequ\u00eancia destas representa\u00e7\u00f5es que a liturgia de Ramos prop\u00f5e a prociss\u00e3o das palmas, \u00e0s quais se associam as oliveiras, porque a entrada de Jesus parte de Betfag\u00e9, uma vila nas encostas do monte das Oliveiras (cf. 21,1).<\/p>\n<p style=\"text-align: justify;\">Na contempla\u00e7\u00e3o b\u00edblica da natureza encontramos estas duas \u00e1rvores que revestem um valor emblem\u00e1tico nas p\u00e1ginas sagradas e na tradi\u00e7\u00e3o judaica e crist\u00e3 (a festa das Cabanas, por exemplo, compreende um, ritual em que se agitam palmas, em sinal de alegria).<\/p>\n<div class=\"col-xs-12 col-sm-12 col-md-8 col-lg-8\" style=\"text-align: justify;\">\n<p>Em hebraico, \u201cpalma\u201d \u00e9 \u201ctamar\u201d, que se torna tamb\u00e9m um nome de pessoa (como a infeliz irm\u00e3 de Absal\u00e3o, filho de David, conforme 2 Samuel 13), e de defini\u00e7\u00e3o de localiza\u00e7\u00e3o (Jeric\u00f3 era dita \u201c a cidade das palmas\u201d).<\/p>\n<p>Esta planta, com a harmonia das curvas dos ramos e do seu penacho torna-se s\u00edmbolo da beleza, como se diz da mulher no C\u00e2ntico dos C\u00e2nticos: \u00abO teu porte \u00e9 semelhante \u00e0 palmeira e os teus seios parecem cachos\u00bb (7,8), com evidente alus\u00e3o \u00e0s t\u00e2maras.<\/p>\n<p>Para o salmista, \u00e9 o justo que floresce com palmeira \u2026, mesmo na velhice dar\u00e1 frutos, e ser\u00e1 verde e vi\u00e7oso\u00bb (92,13-15). Em grego, \u201cpalma\u201d \u00e9 \u201cphoinix\u201d, com a refer\u00eancia ao p\u00e1ssaro da imortalidade, a f\u00e9nix, e \u00e0 Fen\u00edcia, que nas suas moedas cunhava muitas vezes a imagem de uma palmeira.<\/p>\n<p>\u00c0 oliveira, por seu lado, seria necess\u00e1rio dedicar um longo tratado, porque \u00e9, com as videiras e o figo, um vegetal mediterr\u00e2nico muito querido \u00e0 B\u00edblia, sobretudo pelo seu fruto, que produz o azeite.<\/p>\n<p>No Novo Testamento, \u201cel\u00e1ia\u201d, \u201coliveira\u201d em grego, ressoa tr\u00eas vezes como \u201cmonte das Oliveiras\u201d, e 11 enquanto \u201celai\u00f4n\u201d, \u201c\u00f3leo\u201d. Recordamos, no entanto, que j\u00e1 nas primeiras p\u00e1ginas da B\u00edblia comparece um raminho de oliveira levado por uma pomba a No\u00e9, como sinal de renascimento da vida ap\u00f3s a trag\u00e9dia do dil\u00favio (cf. G\u00e9nesis 8,11). Tamb\u00e9m Israel, ressurgido como povo aben\u00e7oado por Deus, \u00abter\u00e1 a beleza da oliveira\u00bb (Oseias 14,7).<\/p>\n<p>Entre os muitos passos b\u00edblicos colocados idealmente \u00e0 sombra desta \u00e1rvore evocamos dois. O primeiro \u00e9 luminoso, e \u00e9 a deliciosa quadra do Salmo 128, com o pai sentado \u00e0 mesa rodeado da mulher e dos seus filhos, \u00absemelhantes rebentos de oliveira\u00bb (v. 3).<\/p>\n<p>O segundo \u00e9, ao contr\u00e1rio, dram\u00e1tico, e decorre no Gets\u00e9mani, de todos conhecido; o termo significa \u201clagar para as oliveiras\u201d, colocado no interior de um horto de oliveiras onde Jesus sofre e reza na \u00faltima noite da sua vida terrena.<\/p>\n<\/div>\n<p style=\"text-align: justify;\">\n<div class=\"col-xs-12 col-sm-12 col-md-8 col-lg-8\" style=\"text-align: right;\"><span class=\"autor\">Card. Gianfranco Ravasi<br \/>\nPresidente do Conselho Pontif\u00edcio da Cultura, biblista<br \/>\nFonte:\u00a0<a href=\"https:\/\/www.famigliacristiana.it\/blogpost\/palme-e-ulivi-segno-di-bellezza-e-di-vita.aspx\" target=\"_blank\" rel=\"noopener noreferrer\">Famiglia Cristiana<\/a><br \/>\nTrad.: Rui Jorge Martins<\/span><\/div>\n<\/div>\n","protected":false},"excerpt":{"rendered":"<p>Artigo e foto<\/p>\n","protected":false},"author":1,"featured_media":8924,"comment_status":"closed","ping_status":"closed","sticky":false,"template":"","format":"standard","meta":{"footnotes":""},"categories":[91,14],"tags":[],"class_list":["post-8923","post","type-post","status-publish","format-standard","has-post-thumbnail","hentry","category-olhares-ii","category-temas-para-debate"],"_links":{"self":[{"href":"https:\/\/diocese-aveiro.pt\/cultura\/wp-json\/wp\/v2\/posts\/8923","targetHints":{"allow":["GET"]}}],"collection":[{"href":"https:\/\/diocese-aveiro.pt\/cultura\/wp-json\/wp\/v2\/posts"}],"about":[{"href":"https:\/\/diocese-aveiro.pt\/cultura\/wp-json\/wp\/v2\/types\/post"}],"author":[{"embeddable":true,"href":"https:\/\/diocese-aveiro.pt\/cultura\/wp-json\/wp\/v2\/users\/1"}],"replies":[{"embeddable":true,"href":"https:\/\/diocese-aveiro.pt\/cultura\/wp-json\/wp\/v2\/comments?post=8923"}],"version-history":[{"count":1,"href":"https:\/\/diocese-aveiro.pt\/cultura\/wp-json\/wp\/v2\/posts\/8923\/revisions"}],"predecessor-version":[{"id":8925,"href":"https:\/\/diocese-aveiro.pt\/cultura\/wp-json\/wp\/v2\/posts\/8923\/revisions\/8925"}],"wp:featuredmedia":[{"embeddable":true,"href":"https:\/\/diocese-aveiro.pt\/cultura\/wp-json\/wp\/v2\/media\/8924"}],"wp:attachment":[{"href":"https:\/\/diocese-aveiro.pt\/cultura\/wp-json\/wp\/v2\/media?parent=8923"}],"wp:term":[{"taxonomy":"category","embeddable":true,"href":"https:\/\/diocese-aveiro.pt\/cultura\/wp-json\/wp\/v2\/categories?post=8923"},{"taxonomy":"post_tag","embeddable":true,"href":"https:\/\/diocese-aveiro.pt\/cultura\/wp-json\/wp\/v2\/tags?post=8923"}],"curies":[{"name":"wp","href":"https:\/\/api.w.org\/{rel}","templated":true}]}}