{"id":8827,"date":"2020-04-01T15:30:32","date_gmt":"2020-04-01T14:30:32","guid":{"rendered":"http:\/\/diocese-aveiro.pt\/cultura\/?p=8827"},"modified":"2020-04-02T16:33:07","modified_gmt":"2020-04-02T15:33:07","slug":"oratorio-peregrino-via-sacra-com-santa-teresa-dos-andes","status":"publish","type":"post","link":"https:\/\/diocese-aveiro.pt\/cultura\/oratorio-peregrino-via-sacra-com-santa-teresa-dos-andes\/","title":{"rendered":"Orat\u00f3rio Peregrino | 1 | VIA SACRA COM SANTA TERESA DOS ANDES"},"content":{"rendered":"<p style=\"text-align: right;\"><em><strong>Orat\u00f3rio Peregrino<\/strong><\/em><\/p>\n<h6 style=\"text-align: right; padding-left: 360px;\">Um orat\u00f3rio \u00e0 maneira de um vi\u00e1tico para tempos de carestia<br \/>\nUma proposta desenvolvida em parceria com<\/h6>\n<p style=\"text-align: right; padding-left: 440px;\"><strong>Irm\u00e3s do Carmelo de Cristo Redentor &#8211; Aveiro<\/strong><\/p>\n<hr \/>\n<p style=\"text-align: center;\"><strong>I passo | VIA SACRA COM SANTA TERESA DOS ANDES*<\/strong><\/p>\n<p style=\"text-align: justify;\"><strong>\u00a0<\/strong><\/p>\n<ol style=\"text-align: justify;\">\n<li><strong>JESUS NO JARDIM DAS OLIVEIRAS<\/strong><\/li>\n<\/ol>\n<p style=\"text-align: justify;\"><em>Disse-lhes, ent\u00e3o: \u201cA minha alma est\u00e1 numa tristeza de morte; ficai aqui e vigiai comigo\u201d. E, adiantando-se um pouco mais, caiu com a face por terra, orando e dizendo: \u201cMeu Pai, se \u00e9 poss\u00edvel, afaste-se de mim este c\u00e1lice. No entanto, n\u00e3o seja como Eu quero, mas como Tu queres\u201d<\/em>(Mt 26, 38-39).<\/p>\n<p style=\"text-align: justify;\"><strong>\u00a0<\/strong><\/p>\n<ol style=\"text-align: justify;\">\n<li>N\u00f3s Vos adoramos e bendizemos, \u00f3 Jesus.<\/li>\n<li>Que pela vossa santa Cruz remistes o mundo.<\/li>\n<\/ol>\n<p style=\"text-align: justify;\"><strong>MEDITA\u00c7\u00c3O<\/strong><\/p>\n<p style=\"text-align: justify;\">Ao executar este bem, n\u00e3o agimos acaso conforme a Deus? Ao agir conforme a Deus, somos outro Deus; numa palavra, somos Ele. Para isto, \u00e9 necess\u00e1rio suportar tudo, amar tudo como a express\u00e3o da vontade de Deus que nos quer santificar, j\u00e1 que Jesus Cristo nos disse que a vontade de Deus \u00e9 que sejamos santos. E julgo que o melhor e o que mais conv\u00e9m \u00e0 nossa mis\u00e9ria \u00e9 s\u00f3 olhar o presente, viver \u2013 como diz Isabel \u2013 num eterno presente, isto \u00e9, que em cada hora tomemos a decis\u00e3o de cumprir perfeitamente a vontade de Deus, de aceitar tudo o que nos envia, seja pr\u00f3spero ou adverso, proceda de n\u00f3s mesmos ou das circunst\u00e2ncias que nos rodeiam, ou de parte das criaturas (C 149).<\/p>\n<p style=\"text-align: justify;\">Pai-nosso, Av\u00e9 Maria, Gl\u00f3ria ao Pai\u2026<\/p>\n<ol style=\"text-align: justify;\">\n<li>Pecamos, Senhor.<\/li>\n<li>Tende compaix\u00e3o de n\u00f3s.<\/li>\n<\/ol>\n<p style=\"text-align: justify;\"><strong>\u00a0<\/strong><\/p>\n<ol style=\"text-align: justify;\" start=\"2\">\n<li><strong>JESUS TRA\u00cdDO POR JUDAS<\/strong><\/li>\n<\/ol>\n<p style=\"text-align: justify;\"><em>O traidor tinha-lhes dado este sinal: \u201cAquele que eu beijar, \u00e9 esse mesmo: prendei-o\u201d. Aproximou-se imediatamente de Jesus e disse: \u201cSalve, Mestre!\u201dE beijou-o<\/em>(Mt 26, 48-49).<\/p>\n<p style=\"text-align: justify;\"><strong>\u00a0<\/strong><\/p>\n<ol style=\"text-align: justify;\">\n<li>N\u00f3s Vos adoramos e bendizemos, \u00f3 Jesus.<\/li>\n<li>Que pela vossa santa Cruz remistes o mundo.<\/li>\n<\/ol>\n<p style=\"text-align: justify;\"><strong>MEDITA\u00c7\u00c3O<\/strong><\/p>\n<p style=\"text-align: justify;\">A Paix\u00e3o de Jesus Cristo \u00e9 o que faz melhor \u00e0 minha alma: aumenta em mim o amor ao ver quanto sofreu o meu Redentor; o amor ao sacrif\u00edcio, ao esquecimento de mim mesma. Serve-me para ser menos orgulhosa. Faz-me crescer na confian\u00e7a deste meu adorado Mestre, que sofreu tanto para me amar. A confian\u00e7a \u00e9 o que mais agrada a Jesus. Se confiamos no cora\u00e7\u00e3o de um amigo que nos ama, como n\u00e3o confiar no cora\u00e7\u00e3o de um Deus, onde reside a bondade infinita, da qual a bondade das criaturas \u00e9 uma p\u00e1lida sombra? Desconfiar do cora\u00e7\u00e3o de um Deus que se fez homem, que morreu como malfeitor numa cruz, que se d\u00e1 em alimento diariamente \u00e0s nossas almas para se unir com as suas criaturas, n\u00e3o \u00e9 um crime? (C 143).<\/p>\n<p style=\"text-align: justify;\">Pai-nosso, Av\u00e9 Maria, Gl\u00f3ria ao Pai\u2026<\/p>\n<ol style=\"text-align: justify;\">\n<li>Pecamos, Senhor.<\/li>\n<li>Tende compaix\u00e3o de n\u00f3s.<\/li>\n<\/ol>\n<p style=\"text-align: justify;\"><strong>\u00a0<\/strong><\/p>\n<ol style=\"text-align: justify;\" start=\"3\">\n<li><strong> JESUS \u00c9 CONDENADO PELO SIN\u00c9DRIO<\/strong><\/li>\n<\/ol>\n<p style=\"text-align: justify;\"><em>Os sumos sacerdotes e todo o Conselho procuravam um depoimento falso contra Jesus, a fim de o condenarem \u00e0 morte<\/em>(Mt 26, 59).<\/p>\n<p style=\"text-align: justify;\"><strong>\u00a0<\/strong><\/p>\n<ol style=\"text-align: justify;\">\n<li>N\u00f3s Vos adoramos e bendizemos, \u00f3 Jesus.<\/li>\n<li>Que pela vossa santa Cruz remistes o mundo.<\/li>\n<\/ol>\n<p style=\"text-align: justify;\"><strong>MEDITA\u00c7\u00c3O<\/strong><\/p>\n<p style=\"text-align: justify;\"><strong>\u00a0<\/strong><\/p>\n<p style=\"text-align: justify;\">Quero ser humilde com Cristo crucificado. Humilhei-me por Ele. Embora n\u00e3o se possa dizer que s\u00e3o humilha\u00e7\u00f5es, pois sou um nada. Mais ainda, sou nada criminoso\u2026 Humilhemo-nos diante d\u2019Ele. Pe\u00e7amos-lhe com o cora\u00e7\u00e3o que se manifeste \u00e0s nossas almas infinitamente. Ele n\u00e3o nos desprezar\u00e1, porque Deus ama as almas (D 24; C 96).<\/p>\n<p style=\"text-align: justify;\">Pai-nosso, Av\u00e9 Maria, Gl\u00f3ria ao Pai\u2026<\/p>\n<ol style=\"text-align: justify;\">\n<li>Pecamos, Senhor.<\/li>\n<li>Tende compaix\u00e3o de n\u00f3s.<\/li>\n<\/ol>\n<p style=\"text-align: justify;\"><strong>\u00a0<\/strong><\/p>\n<ol style=\"text-align: justify;\" start=\"4\">\n<li><strong> JESUS \u00c9 NEGADO POR PEDRO<\/strong><\/li>\n<\/ol>\n<p style=\"text-align: justify;\"><em>Pedro estava sentado no p\u00e1tio. Uma criada aproximou-se dele e disse-lhe: \u201cTu tamb\u00e9m estavas com Jesus, o Galileu\u201d.Mas ele negou diante de todos, dizendo: \u201cN\u00e3o sei o que dizes\u201d<\/em> (Mt 26, 69-70).<\/p>\n<ol style=\"text-align: justify;\">\n<li>N\u00f3s Vos adoramos e bendizemos, \u00f3 Jesus.<\/li>\n<li>Que pela vossa santa Cruz remistes o mundo.<\/li>\n<\/ol>\n<p style=\"text-align: justify;\"><strong>MEDITA\u00c7\u00c3O<\/strong><\/p>\n<p style=\"text-align: justify;\">Tenhamos temor filial para n\u00e3o o ofender, assim como um filho teme desgostar o seu pai; n\u00e3o pelo castigo, mas porque sabe que o seu pai o ama e sofrer\u00e1. Lancemo-nos com as nossas faltas e pecados no abismo, no oceano de miseric\u00f3rdia. Jesus compadece-se das nossas mis\u00e9rias, conhece a fundo o nosso pobre cora\u00e7\u00e3o; assim pois, n\u00e3o tema, que o temor seca o amor (C 143).<\/p>\n<p style=\"text-align: justify;\">Pai-nosso, Av\u00e9 Maria, Gl\u00f3ria ao Pai\u2026<\/p>\n<ol style=\"text-align: justify;\">\n<li>Pecamos, Senhor.<\/li>\n<li>Tende compaix\u00e3o de n\u00f3s.<\/li>\n<\/ol>\n<p style=\"text-align: justify;\"><strong>\u00a0<\/strong><\/p>\n<ol style=\"text-align: justify;\" start=\"5\">\n<li><strong> JESUS \u00c9 JULGADO POR PILATOS<\/strong><\/li>\n<\/ol>\n<p style=\"text-align: justify;\"><em>E todo o povo respondeu: \u201cQue o seu sangue caia sobre n\u00f3s e sobre os nossos filhos!\u201d<\/em>(Mt 27, 25).<\/p>\n<ol style=\"text-align: justify;\">\n<li>N\u00f3s Vos adoramos e bendizemos, \u00f3 Jesus.<\/li>\n<li>Que pela vossa santa Cruz remistes o mundo.<\/li>\n<\/ol>\n<p style=\"text-align: justify;\"><strong>MEDITA\u00c7\u00c3O<\/strong><\/p>\n<p style=\"text-align: justify;\">N\u00e3o \u00e9 um pr\u00edncipe, n\u00e3o \u00e9 um rei que te chama, mas Deus. O Rei dos reis chama-te para se unir contigo, para que imites as suas divinas perfei\u00e7\u00f5es. V\u00ea bem que n\u00e3o se une com os anjos e, com as criaturas que o ofendem, vem cham\u00e1-las. Ele mesmo as procura, fala-lhes para as unir consigo. Em vez de sermos n\u00f3s a procur\u00e1-lo \u2013 pois \u00e9 o nosso supremo Bem \u2013, Ele chama-nos para nos tirar do mundo, para nos p\u00f4r num lugar onde \u00e9 amado, onde n\u00e3o \u00e9 ofendido, onde est\u00e3o aquelas pessoas pelas quais Cristo reza para nos livrar da tirania do dem\u00f3nio e para nos tornar suas esposas. Que bom \u00e9 o nosso Deus? Como n\u00e3o chorar, como n\u00e3o morrer diante de tanto amor? (C 146).<\/p>\n<p style=\"text-align: justify;\">Pai-nosso, Av\u00e9 Maria, Gl\u00f3ria ao Pai\u2026<\/p>\n<ol style=\"text-align: justify;\">\n<li>Pecamos, Senhor.<\/li>\n<li>Tende compaix\u00e3o de n\u00f3s.<\/li>\n<\/ol>\n<p style=\"text-align: justify;\"><strong>\u00a0<\/strong><\/p>\n<ol style=\"text-align: justify;\" start=\"6\">\n<li><strong> JESUS \u00c9 FLAGELADO E COROADO <\/strong><strong>DE ESPINHOS<\/strong><\/li>\n<\/ol>\n<p style=\"text-align: justify;\"><em>Pilatos mandou levar Jesus e flagel\u00e1-lo. Depois, os soldados entrela\u00e7aram uma coroa de espinhos, cravaram-lha na cabe\u00e7a e cobriram-no com um manto de p\u00farpura;e, aproximando-se dele, diziam-lhe: \u201cSalve! \u00d3 Rei dos judeus!\u201d E davam-lhe bofetadas<\/em>(Jo 19, 1-3).<\/p>\n<ol style=\"text-align: justify;\">\n<li>N\u00f3s Vos adoramos e bendizemos, \u00f3 Jesus.<\/li>\n<li>Que pela vossa santa Cruz remistes o mundo.<\/li>\n<\/ol>\n<p style=\"text-align: justify;\"><strong>MEDITA\u00c7\u00c3O<\/strong><\/p>\n<p style=\"text-align: justify;\">Medita sobre a Paix\u00e3o de Nosso Senhor. P\u00f5e-te na presen\u00e7a de Deus. Ent\u00e3o imagina que o tens ali na tua alma e que est\u00e1s muito perto d\u2019Ele para receber o seu sangue. \u00c9s o verdugo com os teus pecados. Olha como os seus olhares se fixam em ti para te dizer: \u201cComo queres que te mostre mais o meu amor? Tantos favores te fiz e com isto me pagas, alma ingrata? Vem. Cobre-me com as tuas l\u00e1grimas, pede-me perd\u00e3o e promete-me que nunca mais o far\u00e1s. Consola-me ao menos tu que vais ser minha esposa\u201d. Lan\u00e7a-te ent\u00e3o a seus p\u00e9s e promete-lhe em que lhe vais mostrar o teu amor naquele dia. Diz-lhe que j\u00e1 n\u00e3o o queres ofender; que te perdoe. Abra\u00e7a-o para que o seu sangue divino te purifique. Depois pedir-lhe-\u00e1s que te ajude com a sua gra\u00e7a a cumprir o prometido. Diz-lhe que o queres acompanhar durante todo o dia (C 146).<\/p>\n<p style=\"text-align: justify;\"><strong>\u00a0<\/strong><\/p>\n<p style=\"text-align: justify;\">Pai-nosso, Av\u00e9 Maria, Gl\u00f3ria ao Pai\u2026<\/p>\n<ol style=\"text-align: justify;\">\n<li>Pecamos, Senhor.<\/li>\n<li>Tende compaix\u00e3o de n\u00f3s.<\/li>\n<\/ol>\n<p style=\"text-align: justify;\"><strong>\u00a0<\/strong><\/p>\n<ol style=\"text-align: justify;\" start=\"7\">\n<li><strong> JESUS CARREGA COM A CRUZ<\/strong><\/li>\n<\/ol>\n<p style=\"text-align: justify;\"><em>Jesus, levando a cruz \u00e0s costas, saiu para o chamado Lugar da Caveira, que em hebraico se diz G\u00f3lgota, onde o crucificaram e com Ele outros dois, um de cada lado, ficando Jesus no meio<\/em>(Jo 19, 17-18).<\/p>\n<ol style=\"text-align: justify;\">\n<li>N\u00f3s Vos adoramos e bendizemos, \u00f3 Jesus.<\/li>\n<li>Que pela vossa santa Cruz remistes o mundo.<\/li>\n<\/ol>\n<p style=\"text-align: justify;\"><strong>MEDITA\u00c7\u00c3O<\/strong><\/p>\n<p style=\"text-align: justify;\">Nosso Senhor trata-a como forte, dando-lhe trabalhos e cruzes. Feliz de si que sobe o Calv\u00e1rio para ser crucificada com Jesus. \u00c9 um sinal de predestina\u00e7\u00e3o que Deus Pai a queira fazer conforme ao seu Divino Filho. Queria que na ora\u00e7\u00e3o pusesse muitas vezes os olhos da sua alma em Jesus Crucificado. Ali encontrar\u00e1 n\u00e3o s\u00f3 al\u00edvio na dor (embora uma alma generosa n\u00e3o deve procurar consola\u00e7\u00f5es), mas tamb\u00e9m aprender\u00e1 a sofrer em sil\u00eancio, sem murmurar nem interior nem exteriormente; a sofrer alegremente, tendo em conta que tudo \u00e9 pouco com tal de salvar as almas que tem a seu cargo (C 143).<\/p>\n<p style=\"text-align: justify;\"><strong>\u00a0<\/strong><\/p>\n<p style=\"text-align: justify;\">Pai-nosso, Av\u00e9 Maria, Gl\u00f3ria ao Pai\u2026<\/p>\n<ol style=\"text-align: justify;\">\n<li>Pecamos, Senhor.<\/li>\n<li>Tende compaix\u00e3o de n\u00f3s.<\/li>\n<\/ol>\n<p style=\"text-align: justify;\"><strong>\u00a0<\/strong><\/p>\n<ol style=\"text-align: justify;\" start=\"8\">\n<li><strong> JESUS \u00c9 AJUDADO PELO CIRENEU<\/strong><\/li>\n<\/ol>\n<p style=\"text-align: justify;\"><em>Quando o iam conduzindo, lan\u00e7aram m\u00e3o de um certo Sim\u00e3o de Cirene, que voltava do campo, e carregaram-no com a cruz, para a levar atr\u00e1s de Jesus<\/em>(Lc 23, 26).<\/p>\n<ol style=\"text-align: justify;\">\n<li>N\u00f3s Vos adoramos e bendizemos, \u00f3 Jesus.<\/li>\n<li>Que pela vossa santa Cruz remistes o mundo.<\/li>\n<\/ol>\n<p style=\"text-align: justify;\"><strong>MEDITA\u00c7\u00c3O<\/strong><\/p>\n<p style=\"text-align: justify;\">Olhem Jesus aniquilado no pres\u00e9pio, na cruz, no sacr\u00e1rio. Dali nos diz quanto nos amou. Tomem a resolu\u00e7\u00e3o de ser toda para todos, sacrificando-se pelos outros sem o manifestar. Renunciem \u00e0s vossas comodidades pelos outros para lhes ganhar o cora\u00e7\u00e3o e lev\u00e1-los a Deus&#8230; Amo e no amor desejo viver toda a minha vida. Que importa mortificar a carne, faz\u00ea-la morrer, se desta morte nasce a vida da alma e a uni\u00e3o com Deus?\u00a0 (C 151. 96).<\/p>\n<p style=\"text-align: justify;\">Pai-nosso, Av\u00e9 Maria, Gl\u00f3ria ao Pai\u2026<\/p>\n<ol style=\"text-align: justify;\">\n<li>Pecamos, Senhor.<\/li>\n<li>Tende compaix\u00e3o de n\u00f3s.<\/li>\n<\/ol>\n<p style=\"text-align: justify;\"><strong>\u00a0<\/strong><\/p>\n<ol style=\"text-align: justify;\" start=\"9\">\n<li><strong> JESUS ENCONTRA-SE COM AS MULHERES <\/strong><strong>DE JERUSAL\u00c9M<\/strong><\/li>\n<\/ol>\n<p style=\"text-align: justify;\"><em>Seguiam Jesus uma grande multid\u00e3o de povo e umas mulheres que batiam no peito e se lamentavam por Ele. Jesus voltou-se para elas e disse-lhes: \u201cFilhas de Jerusal\u00e9m, n\u00e3o choreis por mim, chorai antes por v\u00f3s mesmas e pelos vossos filhos\u201d<\/em>(Lc 24, 27-28).<\/p>\n<ol style=\"text-align: justify;\">\n<li>N\u00f3s Vos adoramos e bendizemos, \u00f3 Jesus.<\/li>\n<li>Que pela vossa santa Cruz remistes o mundo.<\/li>\n<\/ol>\n<p style=\"text-align: justify;\"><strong>MEDITA\u00c7\u00c3O<\/strong><\/p>\n<p style=\"text-align: justify;\">Jesus \u00e9 todo ternura, todo amor para as suas criaturas pecadoras. Por qu\u00ea temer aproximar-se a Nosso Senhor, quando Ele mesmo disse que era o Bom Pastor, que dava a vida para recuperar a ovelha perdida? E disse que vinha procurar os pecadores. Assim pois, todos, embora sejamos pecadores, podemos aproximar-nos d\u2019Ele\u2026 Ao contactar intimamente com as almas, pude notar que em todas h\u00e1 chagas profundamente dolorosas; que todas, embora muitas vezes aparentemente s\u00e3o felizes, encerram no seu cora\u00e7\u00e3o um mundo de infelicidades\u2026 Procurem conhecer a Jesus, o amigo \u00edntimo das nossas almas. N\u2019Ele encontrar\u00e3o a ternura de uma m\u00e3e em grau infinito; consola\u00e7\u00e3o, se tiverdes que sofrer; for\u00e7a para cumprir com os vossos deveres. Olhem Jesus aniquilado no pres\u00e9pio, na cruz, no sacr\u00e1rio. Dali nos diz quanto nos amou (C 150. 151).<\/p>\n<p style=\"text-align: justify;\"><strong>\u00a0<\/strong><\/p>\n<p style=\"text-align: justify;\">Pai-nosso, Av\u00e9 Maria, Gl\u00f3ria ao Pai\u2026<\/p>\n<ol style=\"text-align: justify;\">\n<li>Pecamos, Senhor.<\/li>\n<li>Tende compaix\u00e3o de n\u00f3s.<\/li>\n<\/ol>\n<p style=\"text-align: justify;\"><strong>\u00a0<\/strong><\/p>\n<ol style=\"text-align: justify;\" start=\"10\">\n<li><strong> JESUS \u00c9 CRUCIFICADO<\/strong><\/li>\n<\/ol>\n<p style=\"text-align: justify;\"><em>Eram umas nove horas da manh\u00e3, quando o crucificaram. Na inscri\u00e7\u00e3o com a condena\u00e7\u00e3o, lia-se: \u201cO rei dos judeus\u201d. Com Ele crucificaram dois ladr\u00f5es, um \u00e0 sua direita e o outro \u00e0 sua esquerda. Os que passavam injuriavam-no e, abanando a cabe\u00e7a, diziam: \u201cOlha o que destr\u00f3i o templo e o reconstr\u00f3i em tr\u00eas dias! Salva-te a ti mesmo, descendo da cruz!\u201d<\/em>(Mc 15, 25-27. 29-30).<\/p>\n<ol style=\"text-align: justify;\">\n<li>N\u00f3s Vos adoramos e bendizemos, \u00f3 Jesus.<\/li>\n<li>Que pela vossa santa Cruz remistes o mundo.<\/li>\n<\/ol>\n<p style=\"text-align: justify;\"><strong>MEDITA\u00c7\u00c3O<\/strong><\/p>\n<p style=\"text-align: justify;\">\u00c9 este o meu ideal; recolher o sangue que mana do sacrif\u00edcio de Jesus, para o derramar nas almas. Associa-te a mim, agindo em tudo por amor; aceitando todos os sofrimentos com alegria para consolar o Homem-Deus (C 147).<\/p>\n<p style=\"text-align: justify;\"><strong>\u00a0<\/strong><\/p>\n<p style=\"text-align: justify;\">Pai-nosso, Av\u00e9 Maria, Gl\u00f3ria ao Pai\u2026<\/p>\n<ol style=\"text-align: justify;\">\n<li>Pecamos, Senhor.<\/li>\n<li>Tende compaix\u00e3o de n\u00f3s.<\/li>\n<\/ol>\n<p style=\"text-align: justify;\"><strong>\u00a0<\/strong><\/p>\n<ol style=\"text-align: justify;\" start=\"11\">\n<li><strong> JESUS PROMETE O SEU REINO AO BOM LADR\u00c3O<\/strong><\/li>\n<\/ol>\n<p style=\"text-align: justify;\"><em>Quanto a n\u00f3s, fez-se justi\u00e7a, pois recebemos o castigo que as nossas ac\u00e7\u00f5es mereciam; mas Ele nada praticou de conden\u00e1vel.E acrescentou: \u201cJesus, lembra-te de mim, quando estiveres no teu Reino\u201d. Ele respondeu-lhe: \u201cEm verdade te digo: hoje estar\u00e1s comigo no Para\u00edso\u201d<\/em>(Lc 23, 41-43).<\/p>\n<ol style=\"text-align: justify;\">\n<li>N\u00f3s Vos adoramos e bendizemos, \u00f3 Jesus.<\/li>\n<li>Que pela vossa santa Cruz remistes o mundo.<\/li>\n<\/ol>\n<p style=\"text-align: justify;\"><strong>MEDITA\u00c7\u00c3O<\/strong><\/p>\n<p style=\"text-align: justify;\">Queria que Jesus fosse o seu amigo \u00edntimo, no qual depositasse o seu cora\u00e7\u00e3o cansado e saciado de sofrimentos\u2026 Como a sua vida se transformaria, se fosse a Ele frequentemente como a um amigo! Julga acaso que Jesus n\u00e3o o receberia como tal? Se pensasse tal coisa, mostraria que n\u00e3o o conhece. Ele \u00e9 todo ternura, todo amor para as suas criaturas pecadoras. Ele mora no sacr\u00e1rio com o cora\u00e7\u00e3o aberto para nos receber, e aguarda-nos ali para nos consolar\u2026 o \u00fanico capaz de nos satisfazer. Al\u00e9m disso, por qu\u00ea temer aproximar-se a Nosso Senhor, quando Ele mesmo disse que era o Bom Pastor, que dava a vida para recuperar a ovelha perdida? E disse que vinha procurar os pecadores (C 150).<\/p>\n<p style=\"text-align: justify;\">Pai-nosso, Av\u00e9 Maria, Gl\u00f3ria ao Pai\u2026<\/p>\n<ol style=\"text-align: justify;\">\n<li>Pecamos, Senhor.<\/li>\n<li>Tende compaix\u00e3o de n\u00f3s.<\/li>\n<\/ol>\n<p style=\"text-align: justify;\"><strong>\u00a0<\/strong><\/p>\n<ol style=\"text-align: justify;\" start=\"12\">\n<li><strong> JESUS CRUCIFICADO, A M\u00c3E <\/strong><strong>E O DISC\u00cdPULO AMADO<\/strong><\/li>\n<\/ol>\n<p style=\"text-align: justify;\"><em>Ent\u00e3o, Jesus, ao ver ali ao p\u00e9 a sua m\u00e3e e o disc\u00edpulo que Ele amava, disse \u00e0 m\u00e3e: \u201cMulher, eis o teu filho!\u201dDepois, disse ao disc\u00edpulo: \u201cEis a tua m\u00e3e!\u201d E, desde aquela hora, o disc\u00edpulo acolheu-a como sua<\/em>(Jo 19, 26-27).<\/p>\n<ol style=\"text-align: justify;\">\n<li>N\u00f3s Vos adoramos e bendizemos, \u00f3 Jesus.<\/li>\n<li>Que pela vossa santa Cruz remistes o mundo.<\/li>\n<\/ol>\n<p style=\"text-align: justify;\"><strong>MEDITA\u00c7\u00c3O<\/strong><\/p>\n<p style=\"text-align: justify;\">Pe\u00e7o \u00e0 Virgem que seque as suas l\u00e1grimas, acalme a sua vida t\u00e3o cheia de perturba\u00e7\u00f5es, e seja tamb\u00e9m a sua companhia na solid\u00e3o; e, sobretudo, pe\u00e7o \u00e0 Sant\u00edssima Virgem que seja a sua advogada, a sua M\u00e3e terna e carinhosa a quem tanto amou, a sua protectora no horr\u00edvel transe da morte. Invoque-a sempre, e mais ainda quando a sua alma lute com o des\u00e2nimo. Ent\u00e3o diga-lhe: \u201cMaria, mostra-me que \u00e9s minha M\u00e3e\u201d. Invoque-a quando lute para cumprir os seus deveres de crist\u00e3o. Pe\u00e7a-lhe que o fa\u00e7a ser seu verdadeiro filho; que extinga na sua alma o fogo das paix\u00f5es com o seu olhar de suavidade\u2026 Quando sofrer, olhe a sua M\u00e3e Dolorosa com Jesus morto nos seus bra\u00e7os. Compare a sua dor. Nada h\u00e1 que se lhe assemelhe. \u00c9 o seu \u00fanico Filho, morto, destru\u00eddo pelos pecadores. E \u00e0 vista do corpo ensanguentado do seu Deus, das l\u00e1grimas de sua M\u00e3e Maria, aprenda a sofrer resignado, aprenda a consolar a Sant\u00edssima Virgem, chorando os seus pecados (C 150).<\/p>\n<p style=\"text-align: justify;\"><strong>\u00a0<\/strong><\/p>\n<p style=\"text-align: justify;\">Pai-nosso, Av\u00e9 Maria, Gl\u00f3ria ao Pai\u2026<\/p>\n<ol style=\"text-align: justify;\">\n<li>Pecamos, Senhor.<\/li>\n<li>Tende compaix\u00e3o de n\u00f3s.<\/li>\n<\/ol>\n<p style=\"text-align: justify;\"><strong>\u00a0<\/strong><\/p>\n<ol style=\"text-align: justify;\" start=\"13\">\n<li><strong> JESUS MORRE NA CRUZ<\/strong><\/li>\n<\/ol>\n<p style=\"text-align: justify;\"><em>E Jesus, clamando outra vez com voz forte, expirou. Ent\u00e3o, o v\u00e9u do templo rasgou-se em dois, de alto a baixo. A terra tremeu e as rochas fenderam-se<\/em>(Mt 27, 50-51).<\/p>\n<ol style=\"text-align: justify;\">\n<li>N\u00f3s Vos adoramos e bendizemos, \u00f3 Jesus.<\/li>\n<li>Que pela vossa santa Cruz remistes o mundo.<\/li>\n<\/ol>\n<p style=\"text-align: justify;\"><strong>MEDITA\u00c7\u00c3O<\/strong><\/p>\n<p style=\"text-align: justify;\">Como n\u00e3o morremos de amor ao ver que [a] todo um Deus n\u00e3o lhe basta j\u00e1 fazer-se menino, sujeitar-se \u00e0s nossas mis\u00e9rias, ter fome, sede, sono, cansa\u00e7o, sendo Deus n\u00e3o lhe basta o passar por um pobre artes\u00e3o, mas humilha-se at\u00e9 \u00e0 morte de cruz \u2013 morte de criminoso naquele tempo \u2013; n\u00e3o lhe basta dar-nos gota a gota o seu sangue divino. Quer mais no seu infinito amor. E quando o homem prepara a sua morte, Ele faz-se nosso alimento para nos dar vida. Um Deus alimento\u2026 p\u00e3o das suas criaturas, n\u00e3o \u00e9 para nos fazer morrer de amor? (C 151).<\/p>\n<p style=\"text-align: justify;\"><strong>\u00a0<\/strong><\/p>\n<p style=\"text-align: justify;\">Pai-nosso, Av\u00e9 Maria, Gl\u00f3ria ao Pai\u2026<\/p>\n<ol style=\"text-align: justify;\">\n<li>Pecamos, Senhor.<\/li>\n<li>Tende compaix\u00e3o de n\u00f3s.<\/li>\n<\/ol>\n<p style=\"text-align: justify;\"><strong>\u00a0<\/strong><\/p>\n<ol style=\"text-align: justify;\" start=\"14\">\n<li><strong> JESUS \u00c9 SEPULTADO<\/strong><\/li>\n<\/ol>\n<p style=\"text-align: justify;\"><em>Jos\u00e9 tomou o corpo, envolveu-o num len\u00e7ol limpoe depositou-o num t\u00famulo novo, que tinha mandado talhar na rocha. Depois, rolou uma grande pedra contra a porta do t\u00famulo e retirou-se.Maria de Magdala e a outra Maria estavam ali sentadas, em frente do sepulcro<\/em>(Mt 27, 59-61).<\/p>\n<ol style=\"text-align: justify;\">\n<li>N\u00f3s Vos adoramos e bendizemos, \u00f3 Jesus.<\/li>\n<li>Que pela vossa santa Cruz remistes o mundo.<\/li>\n<\/ol>\n<p style=\"text-align: justify;\"><strong>MEDITA\u00c7\u00c3O<\/strong><\/p>\n<p style=\"text-align: justify;\">Um dia vir\u00e1 na vida em que lutar\u00e1s sem ningu\u00e9m. Quem ser\u00e1 ent\u00e3o o teu apoio? Deus. A morte abrir-te-\u00e1 tamb\u00e9m um abismo de mist\u00e9rios; e tu estar\u00e1s s\u00f3 com Deus. Por qu\u00ea n\u00e3o amar a este Deus que, n\u00e3o necessitando de n\u00f3s, nos ama, nos olha e sempre nos prodiga os seus bens? Viver de amor, viver no c\u00e9u, em Deus. \u00c9 esta a \u00fanica dita da alma. N\u00e3o julgues que te oculta que h\u00e1 sofrimentos; mas na cruz est\u00e1 o amor, e amando \u00e9-se feliz (C 159).<\/p>\n<p style=\"text-align: justify;\">Pai-nosso, Av\u00e9 Maria, Gl\u00f3ria ao Pai\u2026<\/p>\n<ol style=\"text-align: justify;\">\n<li>Pecamos, Senhor.<\/li>\n<li>Tende compaix\u00e3o de n\u00f3s.<\/li>\n<\/ol>\n<ol style=\"text-align: justify;\" start=\"15\">\n<li><strong> JESUS RESSUSCITOU DE ENTRE OS MORTOS<\/strong><\/li>\n<\/ol>\n<ol style=\"text-align: justify;\">\n<li>N\u00f3s Vos adoramos e bendizemos, \u00f3 Jesus.<\/li>\n<li>Que pela vossa santa Cruz remistes o mundo.<\/li>\n<\/ol>\n<p style=\"text-align: justify;\"><strong>MEDITA\u00c7\u00c3O<\/strong><\/p>\n<p style=\"text-align: justify;\">Qu\u00e3o feliz se sente o cora\u00e7\u00e3o quando se entoa o \u201cGloria in excelsis\u201d depois de ver Nosso Senhor sofrer tanto por nosso amor! Depois de presenciar a horr\u00edvel cena do Calv\u00e1rio na sexta-feira santa, com quantas \u00e2nsias espera a alma que ama presenciar no domingo a cena do triunfo mais completo de Nosso Senhor sobre a morte e sobre o pecado! (C 86).<\/p>\n<p style=\"text-align: justify;\">Pai-nosso, Av\u00e9 Maria, Gl\u00f3ria ao Pai\u2026<\/p>\n<ol style=\"text-align: justify;\">\n<li>Pecamos, Senhor.<\/li>\n<li>Tende compaix\u00e3o de n\u00f3s.<\/li>\n<\/ol>\n<p style=\"text-align: justify;\"><strong>\u00a0<\/strong><\/p>\n<p style=\"text-align: justify;\">Deus misericordioso, alegria dos Santos, que inflamastes o jovem cora\u00e7\u00e3o de Santa Teresa dos Andes com o fogo do amor virginal a Cristo e \u00e0 sua Igreja e a fizestes jubilosa testemunha da caridade mesmo no meio dos sofrimentos, concedei-nos, por sua intercess\u00e3o que, movidos pelo Esp\u00edrito Santo, tamb\u00e9m n\u00f3s, revestidos da sua do\u00e7ura, proclamemos no mundo, com palavras e obras, o Evangelho da caridade. Por Nosso Senhor.<\/p>\n<p style=\"text-align: justify;\"><strong>\u00a0<\/strong><\/p>\n<h6 style=\"text-align: justify; padding-left: 120px;\">*Santa Teresa dos Andes nasceu em Santiago do Chile a 13 de Julho de 1900. Aos catorze anos, inspirada por Deus, decidiu consagrar-se a Deus na vida religiosa, como carmelita descal\u00e7a. O seu desejo realizou-se a 7 de Maio de 1919 com o seu ingresso no pequeno mosteiro do Esp\u00edrito Santo na aldeia dos Andes, a uns 90 km de Santiago. A 14 de Outubro do mesmo ano tomou o h\u00e1bito de carmelita e recebeu o nome de Teresa de Jesus. De h\u00e1 muito sabia que morreria jovem. O Senhor tinha-lho revelado. Assumiu esta realidade com alegria, serenidade e confian\u00e7a. A 7 de Abril fez a profiss\u00e3o religiosa <em>inarticulomortis<\/em>. Faltavam 3 meses para fazer 20 anos e 6 meses para terminar o noviciado can\u00f3nico e poder emitir juridicamente a sua profiss\u00e3o religiosa. No entardecer do 12 de Abril de 1900 passou deste mundo para o Pai por causa de um violento ataque de tifo. Morreu como novi\u00e7a carmelita descal\u00e7a. \u00c9 a primeira Santa carmelita descal\u00e7a fora da Europa.<\/h6>\n<h6 style=\"text-align: justify; padding-left: 120px;\">Teresa dos Andes, com a linguagem da sua vida intensa, confirma-nos que Deus existe, que Deus \u00e9 amor e alegria, que \u00e9 a nossa plenitude.<\/h6>\n<h6 style=\"text-align: right;\">Imagem: <em>Jesus na cruz entre os dois ladr\u00f5es<\/em>. <small>Rubens [<\/small><small>1619-1620]. \u00a0Museu Real de Belas Artes de Antu\u00e9rpia [B\u00e9lgica]<\/small><\/h6>\n<hr \/>\n<p style=\"text-align: center;\"><strong>II passo<\/strong> | Desejei ardentemente comer \u201ccontigo\u201d esta P\u00e1scoa antes de Padecer | <strong>4 de abril de 2020<\/strong><\/p>\n","protected":false},"excerpt":{"rendered":"<p>Orat\u00f3rio Peregrino Um<\/p>\n","protected":false},"author":1,"featured_media":8833,"comment_status":"closed","ping_status":"closed","sticky":false,"template":"","format":"standard","meta":{"footnotes":""},"categories":[91,152],"tags":[],"class_list":["post-8827","post","type-post","status-publish","format-standard","has-post-thumbnail","hentry","category-olhares-ii","category-oratorio-peregrino"],"_links":{"self":[{"href":"https:\/\/diocese-aveiro.pt\/cultura\/wp-json\/wp\/v2\/posts\/8827","targetHints":{"allow":["GET"]}}],"collection":[{"href":"https:\/\/diocese-aveiro.pt\/cultura\/wp-json\/wp\/v2\/posts"}],"about":[{"href":"https:\/\/diocese-aveiro.pt\/cultura\/wp-json\/wp\/v2\/types\/post"}],"author":[{"embeddable":true,"href":"https:\/\/diocese-aveiro.pt\/cultura\/wp-json\/wp\/v2\/users\/1"}],"replies":[{"embeddable":true,"href":"https:\/\/diocese-aveiro.pt\/cultura\/wp-json\/wp\/v2\/comments?post=8827"}],"version-history":[{"count":12,"href":"https:\/\/diocese-aveiro.pt\/cultura\/wp-json\/wp\/v2\/posts\/8827\/revisions"}],"predecessor-version":[{"id":8939,"href":"https:\/\/diocese-aveiro.pt\/cultura\/wp-json\/wp\/v2\/posts\/8827\/revisions\/8939"}],"wp:featuredmedia":[{"embeddable":true,"href":"https:\/\/diocese-aveiro.pt\/cultura\/wp-json\/wp\/v2\/media\/8833"}],"wp:attachment":[{"href":"https:\/\/diocese-aveiro.pt\/cultura\/wp-json\/wp\/v2\/media?parent=8827"}],"wp:term":[{"taxonomy":"category","embeddable":true,"href":"https:\/\/diocese-aveiro.pt\/cultura\/wp-json\/wp\/v2\/categories?post=8827"},{"taxonomy":"post_tag","embeddable":true,"href":"https:\/\/diocese-aveiro.pt\/cultura\/wp-json\/wp\/v2\/tags?post=8827"}],"curies":[{"name":"wp","href":"https:\/\/api.w.org\/{rel}","templated":true}]}}