{"id":8532,"date":"2020-03-06T13:29:46","date_gmt":"2020-03-06T13:29:46","guid":{"rendered":"http:\/\/diocese-aveiro.pt\/cultura\/?p=8532"},"modified":"2020-03-06T13:30:07","modified_gmt":"2020-03-06T13:30:07","slug":"aveirenses-notaveis-antonio-e-vasco-leonidas-na-primavera-marcelista","status":"publish","type":"post","link":"https:\/\/diocese-aveiro.pt\/cultura\/aveirenses-notaveis-antonio-e-vasco-leonidas-na-primavera-marcelista\/","title":{"rendered":"AVEIRENSES NOT\u00c1VEIS | ANT\u00d3NIO E VASCO LE\u00d3NIDAS NA \u201cPRIMAVERA\u201d MARCELISTA"},"content":{"rendered":"<p><em>Aveirenses not\u00e1veis<\/em><\/p>\n<h2 style=\"text-align: center;\">Ant\u00f3nio e Vasco Le\u00f3nidas na \u201cprimavera\u201d marcelista<\/h2>\n<p style=\"text-align: center;\">Cardoso Ferreira (textos)<\/p>\n<h5 style=\"text-align: justify;\">Ant\u00f3nio Carlos Rodrigues de Pinho Le\u00f3nidas e Vasco Rodrigues de Pinho Le\u00f3nidas foram dois aveirenses que se notabilizaram na designada \u201cprimavera\u201d marcelista. O primeiro como pedagogo e \u201cpai\u201d da Telescola e o segundo como secret\u00e1rio de Estado da Agricultura que assinou o decreto da cria\u00e7\u00e3o do Parque Nacional da Peneda-Ger\u00eas.<\/h5>\n<p>&nbsp;<\/p>\n<p style=\"text-align: justify;\"><strong>Ant\u00f3nio Le\u00f3nidas, \u201cPai\u201d da Telescola<\/strong><\/p>\n<p style=\"text-align: justify;\">Ant\u00f3nio Le\u00f3nidas nasceu em Aveiro, no dia 8 de maio de 1916, e faleceu em Martigny (Su\u00ed\u00e7a), no dia 11 de setembro de 1980.<\/p>\n<p style=\"text-align: justify;\">Enquanto estudante na Faculdade de Letras da Universidade de Coimbra, onde se licenciou, foi dirigente do Centro Acad\u00e9mico de Democracia Crist\u00e3 (CACD) e redator da revista \u201cEstudos\u201d.<\/p>\n<p style=\"text-align: justify;\">Entre os cargos que desempenhou, destacam-se o de diretor da Escola do Magist\u00e9rio Prim\u00e1rio de Viseu, de diretor dos servi\u00e7os de educa\u00e7\u00e3o da Casa Pia de Lisboa, de chefe de reparti\u00e7\u00e3o da Direc\u00e7\u00e3o-Geral do Ensino Prim\u00e1rio, de Inspetor-Geral da Junta Nacional de Educa\u00e7\u00e3o, de presidente da Dire\u00e7\u00e3o do Instituto de Tecnologia Educativa, de presidente do conselho geral da Caixa de Previd\u00eancia do Minist\u00e9rio da Educa\u00e7\u00e3o, de presidente da Comiss\u00e3o de Televis\u00e3o Escolar e Educativa, fundador e presidente do Instituto de Meios Audiovisuais de Ensino.<\/p>\n<p style=\"text-align: justify;\">Entre 1958 e 1974, Ant\u00f3nio Le\u00f3nidas representou Portugal no Conselho Internacional dos Meios de Educa\u00e7\u00e3o. Durante cerca de uma d\u00e9cada, at\u00e9 1974, foi diretor do Teatro Nacional D. Maria II.<\/p>\n<p style=\"text-align: justify;\">Ant\u00f3nio Le\u00f3nidas, presidente da Comiss\u00e3o de Televis\u00e3o Escolar e Educativa, foi considerado como o verdadeiro fundador da Telescola, uma vez que liderou o grupo de trabalho respons\u00e1vel pela cria\u00e7\u00e3o da Telescola, o qual era constitu\u00eddo por representantes do Minist\u00e9rio da Educa\u00e7\u00e3o Nacional, da R\u00e1dio Televis\u00e3o Portuguesa (RTP) e da Funda\u00e7\u00e3o Calouste Gulbenkian.<\/p>\n<p style=\"text-align: justify;\">O projeto oficial da Telescola foi apresentado pelo ent\u00e3o ministro da Educa\u00e7\u00e3o, Inoc\u00eancio Galv\u00e3o Teles, no dia 12 de dezembro de 1963. O in\u00edcio regular das transmiss\u00f5es da TV Escola e Educativa ocorreu uns dias mais tarde, no dia 6 de janeiro de 1964.<\/p>\n<p style=\"text-align: justify;\">Para o presidente da Comiss\u00e3o de Televis\u00e3o Escolar e Educativa, entidade que, na pr\u00e1tica, era respons\u00e1vel pelo que viria a ser a Telescola, \u201cdesej\u00e1vel seria que dos elementos que participam na realiza\u00e7\u00e3o de programas de TV Educativa, o pessoal t\u00e9cnico tivesse completa forma\u00e7\u00e3o pedag\u00f3gica e o pessoal pedag\u00f3gico completa forma\u00e7\u00e3o t\u00e9cnica. Como tal n\u00e3o \u00e9 poss\u00edvel, deveremos contentar-nos com que uns e outros se compenetrem dos objetivos dos programas, realizem trabalho aut\u00eantico de equipa e encontrem, por m\u00fatuas sugest\u00f5es e rec\u00edprocas ced\u00eancias, os termos de maior efic\u00e1cia do trabalho que realizam. Tenho como norma fundamental que um programa de TV Educativa \u00e9, sobretudo, uma li\u00e7\u00e3o.\u201d<\/p>\n<p style=\"text-align: justify;\">Anos mais tarde, Inoc\u00eancio Galv\u00e3o Teles, real\u00e7ou que \u201ca Telescola levou o ensino aos mais rec\u00f4nditos lugares, evitando que muitas crian\u00e7as ficassem sem ensino ou tivessem de se sujeitar a longas e penosas caminhadas. Para evitar o marasmo, a Telescola foi sendo adaptada \u00e0s novas circunst\u00e2ncias. Constituiu grave erro a sua extin\u00e7\u00e3o. \u00c9 devida aqui uma palavra de justi\u00e7a \u00e0 mem\u00f3ria do Dr. Ant\u00f3nio Carlos Le\u00f3nidas, que nomeei Presidente do IMAVE. A Telescola era como que uma grande sala de aula que tinha como paredes as fronteiras de Portugal\u201d.<\/p>\n<p style=\"text-align: justify;\">A deputada Maria Raquel Ribeiro, na sess\u00e3o parlamentar do dia 31 de janeiro de 1973, enalteceu a Telescola, ao dizer que \u201cao Instituto de Meios \u00c1udio-Visuais de Ensino (I.M.A.V.E.), criado pelo Decreto-Lei n.\u00ba 46135, de 31 de dezembro de 1964, em condi\u00e7\u00f5es de flexibilidade e maleabilidade como a inova\u00e7\u00e3o requeria \u2013 contando, desde a primeira hora, com o seu atual presidente e grande impulsionador, Dr. Ant\u00f3nio Carlos Le\u00f3nidas \u2013, muito se deve no dom\u00ednio do ensino, da educa\u00e7\u00e3o e da cultura\u201d.<\/p>\n<p style=\"text-align: justify;\">Esta mesma deputada apresentou dados que comprovavam a import\u00e2ncia pedag\u00f3gica da Telescola, dizendo que \u201cem 1965 iniciou-se o funcionamento de 82 postos de rece\u00e7\u00e3o da Telescola, no presente ano letivo (1973\/74) contam-se 1072 unidades de rece\u00e7\u00e3o: 639 oficiais, com 13 870 alunos, criadas especialmente no passado ano letivo, e 433 particulares, com a frequ\u00eancia de 7887 alunos. Logo, cerca de 22000 alunos fazem o seu ciclo preparat\u00f3rio atrav\u00e9s de toda uma montagem t\u00e9cnica e pedag\u00f3gica rigorosamente preparada e vigiada pelo I.M.A.V.E., que, por for\u00e7a da recente reforma, ser\u00e1 o Instituto da Tecnologia Educativa\u201d.<\/p>\n<p style=\"text-align: justify;\"><strong>Vasco Le\u00f3nidas, secret\u00e1rio de Estado da Agricultura<\/strong><\/p>\n<p style=\"text-align: justify;\">Vasco Rodrigues de Pinho Le\u00f3nidas nasceu em Aveiro, no ano de 1919, e faleceu em Cascais, no ano de 2005.<\/p>\n<p style=\"text-align: justify;\">Licenciado em Engenharia Agr\u00f3noma pelo Instituto Superior de Agronomia, de Lisboa, Vasco Le\u00f3nidas entrou para os quadros da Junta de Coloniza\u00e7\u00e3o Interna, no ano de 1945, entidade de que foi presidente durante o per\u00edodo compreendido entre 1959 e 1969. Enquanto presidente da JCI, e para al\u00e9m da cria\u00e7\u00e3o de projetos como a Col\u00f3nia Agr\u00edcola da Gafanha, foi respons\u00e1vel pelo lan\u00e7amento das primeiras opera\u00e7\u00f5es de reparcelamento rural. Incrementou tamb\u00e9m o acesso \u00e0 propriedade de antigos rendeiros e colonos e esteve na g\u00e9nese dos primeiros centros especializados em forma\u00e7\u00e3o profissional agr\u00edcola.<\/p>\n<p style=\"text-align: justify;\">Em mar\u00e7o de 1969, e at\u00e9 ao dia 11 de agosto de 1972, exerceu o cargo de secret\u00e1rio de Estado da Agricultura, tendo sido um grande defensor da forma\u00e7\u00e3o profissional na \u00e1rea do setor agr\u00edcola, nomeadamente atrav\u00e9s da \u201ctele-forma\u00e7\u00e3o rural\u201d, uma iniciativa que envolveu tamb\u00e9m o Minist\u00e9rio da Educa\u00e7\u00e3o Nacional e a RTP.<\/p>\n<p style=\"text-align: justify;\">Foi durante o seu mandato na Secretaria de Estado da Agricultura que foi criado o Servi\u00e7o Nacional de Combate a Inc\u00eandios Florestais.<\/p>\n<p style=\"text-align: justify;\">Para al\u00e9m da aten\u00e7\u00e3o que deu ao desenvolvimento rural, Vasco Le\u00f3nidas foi o secret\u00e1rio de Estado que, conjuntamente com o ent\u00e3o Primeiro Ministro, Marcelo Caetano, assinou os decretos que criaram o Parque Nacional da Peneda \u2013 Ger\u00eas e a ent\u00e3o Reserva Natural da Serra da Arr\u00e1bida, estando tamb\u00e9m ligado \u00e0 cria\u00e7\u00e3o da Lei de Defesa e Prote\u00e7\u00e3o da Natureza.<\/p>\n<p style=\"text-align: justify;\">No dia 12 de outubro de 1970, o ent\u00e3o presidente da Rep\u00fablica, Am\u00e9rico Tom\u00e1s, numa visita que efetuou ao Minho, inaugurou um monumento em homenagem a Vasco Le\u00f3nidas, integrado no emparcelamento da Cooperativa Agr\u00edcola do Vale do Rio de Estor\u00e3os.<\/p>\n<p style=\"text-align: justify;\">Com a revolu\u00e7\u00e3o de 25 de abril de 1974, Vasco Le\u00f3nidas deixou as fun\u00e7\u00f5es governativas e, no ano seguinte, partiu para o ex\u00edlio no Brasil, pa\u00eds onde viveu durante alguns anos, e onde, entre outras atividades, coordenou diversos estudos de desenvolvimento do Estado de Roraima.<\/p>\n<p style=\"text-align: justify;\"><strong>Homenageado na antiga Col\u00f3nia Agr\u00edcola da Gafanha<\/strong><\/p>\n<p style=\"text-align: justify;\">No dia 31 de mar\u00e7o de 2007, Vasco Le\u00f3nidas foi homenageado, a t\u00edtulo p\u00f3stumo, numa cerim\u00f3nia realizada na antiga Col\u00f3nia Agr\u00edcola da Gafanha. O evento que contou com uma celebra\u00e7\u00e3o lit\u00fargica, presidida pelo ent\u00e3o Bispo de Aveiro, D. Ant\u00f3nio Marcelino. A homenagem foi promovida por funcion\u00e1rios da extinta Junta de Coloniza\u00e7\u00e3o Interna e pela Associa\u00e7\u00e3o de Moradores de Nossa Senhora dos Campos (Col\u00f3nia Agr\u00edcola das Gafanha), com o apoio da C\u00e2mara Municipal de \u00cdlhavo e da Ordem dos Engenheiros.<\/p>\n<p style=\"text-align: justify;\">\n","protected":false},"excerpt":{"rendered":"<p>Aveirenses not\u00e1veis Ant\u00f3nio<\/p>\n","protected":false},"author":1,"featured_media":8533,"comment_status":"closed","ping_status":"closed","sticky":false,"template":"","format":"standard","meta":{"footnotes":""},"categories":[46,114,65,13],"tags":[],"class_list":["post-8532","post","type-post","status-publish","format-standard","has-post-thumbnail","hentry","category-autores","category-aveirenses-notaveis","category-cardoso-ferreira","category-olhares"],"_links":{"self":[{"href":"https:\/\/diocese-aveiro.pt\/cultura\/wp-json\/wp\/v2\/posts\/8532","targetHints":{"allow":["GET"]}}],"collection":[{"href":"https:\/\/diocese-aveiro.pt\/cultura\/wp-json\/wp\/v2\/posts"}],"about":[{"href":"https:\/\/diocese-aveiro.pt\/cultura\/wp-json\/wp\/v2\/types\/post"}],"author":[{"embeddable":true,"href":"https:\/\/diocese-aveiro.pt\/cultura\/wp-json\/wp\/v2\/users\/1"}],"replies":[{"embeddable":true,"href":"https:\/\/diocese-aveiro.pt\/cultura\/wp-json\/wp\/v2\/comments?post=8532"}],"version-history":[{"count":2,"href":"https:\/\/diocese-aveiro.pt\/cultura\/wp-json\/wp\/v2\/posts\/8532\/revisions"}],"predecessor-version":[{"id":8536,"href":"https:\/\/diocese-aveiro.pt\/cultura\/wp-json\/wp\/v2\/posts\/8532\/revisions\/8536"}],"wp:featuredmedia":[{"embeddable":true,"href":"https:\/\/diocese-aveiro.pt\/cultura\/wp-json\/wp\/v2\/media\/8533"}],"wp:attachment":[{"href":"https:\/\/diocese-aveiro.pt\/cultura\/wp-json\/wp\/v2\/media?parent=8532"}],"wp:term":[{"taxonomy":"category","embeddable":true,"href":"https:\/\/diocese-aveiro.pt\/cultura\/wp-json\/wp\/v2\/categories?post=8532"},{"taxonomy":"post_tag","embeddable":true,"href":"https:\/\/diocese-aveiro.pt\/cultura\/wp-json\/wp\/v2\/tags?post=8532"}],"curies":[{"name":"wp","href":"https:\/\/api.w.org\/{rel}","templated":true}]}}