{"id":8230,"date":"2020-02-14T11:06:36","date_gmt":"2020-02-14T11:06:36","guid":{"rendered":"http:\/\/diocese-aveiro.pt\/cultura\/?p=8230"},"modified":"2020-02-14T11:06:36","modified_gmt":"2020-02-14T11:06:36","slug":"aveirenses-ilustres-joao-evangelista-loureiro-pedagogo-e-professor-universitario","status":"publish","type":"post","link":"https:\/\/diocese-aveiro.pt\/cultura\/aveirenses-ilustres-joao-evangelista-loureiro-pedagogo-e-professor-universitario\/","title":{"rendered":"Aveirenses ilustres | Jo\u00e3o Evangelista Loureiro \u2013 Pedagogo e professor universit\u00e1rio"},"content":{"rendered":"<p><em>Aveirenses Ilustres<\/em><\/p>\n<h3 style=\"text-align: center;\">Jo\u00e3o Evangelista Loureiro \u2013 Pedagogo e professor universit\u00e1rio<\/h3>\n<p style=\"text-align: center;\">Cardoso Ferreira (textos)<\/p>\n<h5 style=\"text-align: justify;\">Natural de Seixo de Mira, mas falecido em Aveiro, Jo\u00e3o Evangelista Loureiro notabilizou-se como pedagogo e professor universit\u00e1rio. Foi o primeiro a estudar a Obra de Rua, do Padre Am\u00e9rico.<\/h5>\n<p style=\"text-align: justify;\">Jo\u00e3o Evangelista Loureiro nasceu em Seixo de Mira (concelho de Mira), no dia 2 de fevereiro de 1926, e faleceu em Aveiro, no dia 8 de mar\u00e7o de 1986, altura em que exercia as fun\u00e7\u00f5es de vice-reitor da Universidade de Aveiro.<\/p>\n<p style=\"text-align: justify;\">Estudou nas universidades de Coimbra, Salamanca, Madrid e Lovaina. Nesta \u00faltima, doutorou-se em Ci\u00eancias da Educa\u00e7\u00e3o (Psicopedagogia). Foi docente nas universidades de Louren\u00e7o Marques (atual, Maputo), do Minho e de Aveiro, professor colaborador do Instituto Superior de Educa\u00e7\u00e3o F\u00edsica e professor visitante da Universidade de Salamanca.<\/p>\n<p style=\"text-align: justify;\">Foi presidente da comiss\u00e3o instaladora da Escola Normal Superior de Lisboa e vogal das comiss\u00f5es instaladoras de algumas universidades, de escolas superiores de educa\u00e7\u00e3o e de institutos polit\u00e9cnicos, nomeadamente das universidades do Minho e de Aveiro, bem como do primeiro Conselho Cient\u00edfico da Escola Superior de Educa\u00e7\u00e3o de Viseu, nesta \u00faltima, em representa\u00e7\u00e3o do CIFOP da Universidade de Aveiro.<\/p>\n<p style=\"text-align: justify;\">Como investigador, a sua a\u00e7\u00e3o centrou-se em tr\u00eas \u00e1reas tem\u00e1ticas: pol\u00edtica educativa e forma\u00e7\u00e3o de professores; desenvolvimento e avalia\u00e7\u00e3o institucional; car\u00eancias afetivas precoces.<\/p>\n<p style=\"text-align: justify;\">Jo\u00e3o Evangelista Loureiro foi o grande impulsionador do primeiro Centro Integrado de Forma\u00e7\u00e3o de Professores (CIFOP) existente em Portugal, do qual resultou a atual Unidade Integrada de Forma\u00e7\u00e3o Cont\u00ednua, da Universidade de Aveiro. A cria\u00e7\u00e3o deste organismo resultou de uma proposta do governo feita \u00e0 Universidade de Aveiro, no ano letivo de 1977\/78, e que visava a forma\u00e7\u00e3o de professores, desde a Educa\u00e7\u00e3o de Inf\u00e2ncia ao Ensino Superior, com recurso a curr\u00edculos e metodologias inovadoras.<\/p>\n<p style=\"text-align: justify;\">Ainda em vida, foi galardoado com a \u201cOrdre des Palmes Acad\u00e9miques\u201d, atribu\u00edda pelo Governo Franc\u00eas. A t\u00edtulo p\u00f3stumo, o presidente da Rep\u00fablica, Jorge Sampaio, atribuiu-lhe a Ordem da Instru\u00e7\u00e3o P\u00fablica, alguns anos ap\u00f3s a sua morte.<\/p>\n<p style=\"text-align: justify;\">\n<p style=\"text-align: justify;\"><strong>Depoimento do amigo Sampaio da N\u00f3voa<\/strong><\/p>\n<p style=\"text-align: justify;\">Em mar\u00e7o de 2016, o professor, antigo reitor e reitor honor\u00e1rio da Universidade de Lisboa, Ant\u00f3nio Sampaio da N\u00f3voa, amigo de Jo\u00e3o Evangelista Loureiro, e a pedido da filha deste, a docente universit\u00e1ria Maria Jos\u00e9 Loureiro, escreveu um depoimento, ent\u00e3o publicado pela Universidade de Aveiro.<\/p>\n<p style=\"text-align: justify;\">Nesse depoimento, o atual embaixador de Portugal na UNESCO, come\u00e7ou por recordar que \u201cna d\u00e9cada de 1960, quando despontava em todo o mundo um interesse renovado pela abordagem cient\u00edfica dos temas educativos e pela forma\u00e7\u00e3o de professores, Jo\u00e3o Evangelista Loureiro foi um dos primeiros portugueses a compreender este movimento e a sua import\u00e2ncia para a democratiza\u00e7\u00e3o do ensino\u201d, o que vem no seguimento da \u201csua forma\u00e7\u00e3o doutoral, na B\u00e9lgica\u201d, e tamb\u00e9m dos \u201cv\u00e1rios estudos publicados no in\u00edcio da d\u00e9cada de 1970\u201d, os quais revelavam \u201cbem a modernidade do seu pensamento, sobretudo num pa\u00eds, como Portugal, t\u00e3o marcado por conce\u00e7\u00f5es conservadoras e retr\u00f3gradas\u201d.<\/p>\n<p style=\"text-align: justify;\">Jo\u00e3o Evangelista Loureiro colaborou \u201ccom a reforma de Veiga Sim\u00e3o, personalidade com quem tinha trabalhado na Universidade de Louren\u00e7o Marques\u201d, tendo sido nomeado, em 1973, dirigente da Escola Normal Superior de Lisboa. No ano seguinte, \u201crapidamente se apercebeu de que a nova realidade pol\u00edtica, aberta pelo 25 de Abril, permitia iniciativas mais ousadas e inovadoras\u201d, pelo que \u201cteve um papel fundamental na cria\u00e7\u00e3o das universidades novas, sobretudo no Minho e em Aveiro, nas quais a educa\u00e7\u00e3o e a forma\u00e7\u00e3o de professores tiveram, desde o in\u00edcio, um papel decisivo\u201d.<\/p>\n<p style=\"text-align: justify;\">Por ter realizado \u201cum trabalho not\u00e1vel em todo o pa\u00eds, tamb\u00e9m na passagem para n\u00edvel superior e universit\u00e1rio de outras forma\u00e7\u00f5es e profiss\u00f5es (educa\u00e7\u00e3o f\u00edsica, sa\u00fade, servi\u00e7o social, artes, etc.)\u201d, Jo\u00e3o Evangelista Loureiro \u00e9, no dizer de Sampaio da N\u00f3voa, \u201cuma das refer\u00eancias principais na constru\u00e7\u00e3o dos atuais modelos de forma\u00e7\u00e3o de professores e na defini\u00e7\u00e3o da rede do ensino superior em Portugal\u201d, acrescentando que, como \u201cprofessor, pedagogo, humanista, revelou uma grande capacidade de antecipa\u00e7\u00e3o e deu um contributo fundamental para a renova\u00e7\u00e3o da educa\u00e7\u00e3o, da cultura e das institui\u00e7\u00f5es\u201d.<\/p>\n<p style=\"text-align: justify;\">O antigo candidato \u00e0 Presid\u00eancia da Rep\u00fablica destaca ainda, no seu depoimento, que \u201cpessoalmente, devo-lhe muit\u00edssimo. Foi ele que me incentivou a passar da Escola do Magist\u00e9rio Prim\u00e1rio de Aveiro para a Universidade de Genebra, onde me formei em Ci\u00eancias da Educa\u00e7\u00e3o. Mais tarde, apoiou a realiza\u00e7\u00e3o da minha primeira tese de doutoramento, cuja defesa p\u00fablica teve lugar no dia 26 de mar\u00e7o de 1986. Jo\u00e3o Evangelista Loureiro estava nomeado para o j\u00fari, mas faleceu, repentinamente, alguns dias antes\u201d.<\/p>\n<p style=\"text-align: justify;\">Porque guarda \u201cmuito viva a sua mem\u00f3ria e o seu exemplo\u201d, Sampaio da N\u00f3voa termina, escrevendo que \u201cfaz-nos bem recordar este homem generoso, de esp\u00edrito aberto e tolerante, que tudo fez para dotar Portugal de um sistema educativo, de estruturas de forma\u00e7\u00e3o de professores e de uma rede universit\u00e1ria \u00e0 altura das exig\u00eancias e dos desafios do nosso tempo\u201d.<\/p>\n<p style=\"text-align: justify;\">Uma nota final sobre a liga\u00e7\u00e3o de Sampaio da N\u00f3voa a Aveiro. Entre 1977 e 1979, Ant\u00f3nio Sampaio da N\u00f3voa deu aulas de express\u00e3o dram\u00e1tica no Magist\u00e9rio Prim\u00e1rio de Aveiro. No ano de 1979, foi um dos fundadores do Grupo Experimental de Teatro da Universidade de Aveiro (GRETUA), tendo sido tamb\u00e9m o seu primeiro encenador, no ano de 1980, com a pe\u00e7a \u201cUma corda para cada dedo\u201d.<\/p>\n<p style=\"text-align: justify;\">Foi ainda em Aveiro que conheceu Carlos Fragateiro, professor na Universidade de Aveiro e antigo diretor art\u00edstico do Teatro Nacional D. Maria II, com quem lan\u00e7ou os \u201cEncontros Internacionais de Teatro e Educa\u00e7\u00e3o\u201d.<\/p>\n<p style=\"text-align: justify;\">\n<p style=\"text-align: justify;\"><strong>Um admirador da obra pedag\u00f3gica do Padre Am\u00e9rico<\/strong><\/p>\n<p style=\"text-align: justify;\"><img loading=\"lazy\" decoding=\"async\" class=\" wp-image-8232 alignleft\" src=\"https:\/\/diocese-aveiro.pt\/cultura\/wp-content\/uploads\/2020\/02\/Jo\u00e3o-Evangelista-Loureiro-livro-1.jpg\" alt=\"\" width=\"126\" height=\"171\" srcset=\"https:\/\/diocese-aveiro.pt\/cultura\/wp-content\/uploads\/2020\/02\/Jo\u00e3o-Evangelista-Loureiro-livro-1.jpg 369w, https:\/\/diocese-aveiro.pt\/cultura\/wp-content\/uploads\/2020\/02\/Jo\u00e3o-Evangelista-Loureiro-livro-1-221x300.jpg 221w\" sizes=\"auto, (max-width: 126px) 100vw, 126px\" \/>Na sua tese de doutoramento, defendida na Universidade de Lovaina, Jo\u00e3o Evangelista Loureiro procedeu \u00e0 hist\u00f3ria da iniciativa educacional de prote\u00e7\u00e3o de crian\u00e7as em situa\u00e7\u00e3o de abandono, desenvolvida pelo Padre Am\u00e9rico, tese que deu origem ao livro \u201cL\u2019Obra da Rua et l\u2019\u00c9ducation des enfants priv\u00e9s de milieu educatif\u201d, publicado no ano de 1972.<\/p>\n<p style=\"text-align: justify;\">No entanto, h\u00e1 muito que Jo\u00e3o Evangelista Loureiro se interessava pelo fundador da Obra da Rua. No ano de 1964, publicou uma outra obra sobre o Padre Am\u00e9rico, intitulada \u201cSubs\u00eddios para o Estudo do Pensamento Pedag\u00f3gico do Padre Am\u00e9rico\u201d.<\/p>\n<p style=\"text-align: justify;\">Entre as obras deste investigador e antigo vice-reitor da Universidade de Aveiro, destaca-se \u201cO Escutismo e o M\u00e9todo Pedag\u00f3gico de Baden-Powell\u201d.<\/p>\n<h6 style=\"text-align: right;\"><em><strong>\u00a0(A rubrica \u00abAveirenses ilustres\u00bb \u00e9 disponibilizada em parceria com o jornal diocesano\u00a0<a href=\"http:\/\/sites.ecclesia.pt\/cv\/\" target=\"_blank\" rel=\"noopener noreferrer\">Correio do Vouga<\/a>)<\/strong><\/em><\/h6>\n","protected":false},"excerpt":{"rendered":"<p>Aveirenses Ilustres Jo\u00e3o<\/p>\n","protected":false},"author":1,"featured_media":8231,"comment_status":"closed","ping_status":"closed","sticky":false,"template":"","format":"standard","meta":{"footnotes":""},"categories":[46,64,65,13],"tags":[],"class_list":["post-8230","post","type-post","status-publish","format-standard","has-post-thumbnail","hentry","category-autores","category-aveirenses-ilustres","category-cardoso-ferreira","category-olhares"],"_links":{"self":[{"href":"https:\/\/diocese-aveiro.pt\/cultura\/wp-json\/wp\/v2\/posts\/8230","targetHints":{"allow":["GET"]}}],"collection":[{"href":"https:\/\/diocese-aveiro.pt\/cultura\/wp-json\/wp\/v2\/posts"}],"about":[{"href":"https:\/\/diocese-aveiro.pt\/cultura\/wp-json\/wp\/v2\/types\/post"}],"author":[{"embeddable":true,"href":"https:\/\/diocese-aveiro.pt\/cultura\/wp-json\/wp\/v2\/users\/1"}],"replies":[{"embeddable":true,"href":"https:\/\/diocese-aveiro.pt\/cultura\/wp-json\/wp\/v2\/comments?post=8230"}],"version-history":[{"count":1,"href":"https:\/\/diocese-aveiro.pt\/cultura\/wp-json\/wp\/v2\/posts\/8230\/revisions"}],"predecessor-version":[{"id":8233,"href":"https:\/\/diocese-aveiro.pt\/cultura\/wp-json\/wp\/v2\/posts\/8230\/revisions\/8233"}],"wp:featuredmedia":[{"embeddable":true,"href":"https:\/\/diocese-aveiro.pt\/cultura\/wp-json\/wp\/v2\/media\/8231"}],"wp:attachment":[{"href":"https:\/\/diocese-aveiro.pt\/cultura\/wp-json\/wp\/v2\/media?parent=8230"}],"wp:term":[{"taxonomy":"category","embeddable":true,"href":"https:\/\/diocese-aveiro.pt\/cultura\/wp-json\/wp\/v2\/categories?post=8230"},{"taxonomy":"post_tag","embeddable":true,"href":"https:\/\/diocese-aveiro.pt\/cultura\/wp-json\/wp\/v2\/tags?post=8230"}],"curies":[{"name":"wp","href":"https:\/\/api.w.org\/{rel}","templated":true}]}}