{"id":7938,"date":"2020-01-28T14:04:52","date_gmt":"2020-01-28T14:04:52","guid":{"rendered":"http:\/\/diocese-aveiro.pt\/cultura\/?p=7938"},"modified":"2020-01-28T14:04:52","modified_gmt":"2020-01-28T14:04:52","slug":"acontece-formar-te-encontro-de-formacao-para-animadores","status":"publish","type":"post","link":"https:\/\/diocese-aveiro.pt\/cultura\/acontece-formar-te-encontro-de-formacao-para-animadores\/","title":{"rendered":"Acontece | FormAr-Te \u2013 Encontro de forma\u00e7\u00e3o para Animadores"},"content":{"rendered":"<p style=\"text-align: justify;\">O Departamento da Pastoral Juvenil da Diocese de Aveiro est\u00e1 a\u00a0preparar o FormAr-Te, encontro de forma\u00e7\u00e3o para Animadores.<br \/>\nO encontro ter\u00e1 lugar no dia 08 de fevereiro, entre as 09h00 e as\u00a015h30, no Semin\u00e1rio de Aveiro.<\/p>\n<p style=\"text-align: justify;\">O encontro \u00e9 uma oportunidade para perceber que desafios o Papa\u00a0Francisco coloca na exorta\u00e7\u00e3o Cristo Vive, para meditar um pouco e\u00a0levar din\u00e2micas de anima\u00e7\u00e3o para melhor chegar aos jovens.<\/p>\n<p style=\"text-align: justify;\"><strong>CRISTO VIVE E TU?<\/strong><br \/>\n09h00 \u2013 Vem<br \/>\n09h30 \u2013 Fala-Lhe<br \/>\n09h45 \u2013 Desafia-te<br \/>\n10h30 \u2013 caF\u00c9<br \/>\n10h50 \u2013 Partilha<br \/>\n12h00 \u2013 Medita<br \/>\n13h00 \u2013 Alimenta-te<br \/>\n14h00 \u2013 Anima-te<br \/>\n15h30 \u2013 Parte<\/p>\n<p style=\"text-align: justify;\">Inscri\u00e7\u00e3o gratuita at\u00e9 ao dia 01 de fevereiro, atrav\u00e9s deste\u00a0<a href=\"https:\/\/docs.google.com\/forms\/d\/e\/1FAIpQLScSeKPUAJ24Avm9Qd61jgeixLH7fbTHOgWMQJFBFs6c2HcxJg\/viewform\" target=\"_blank\" rel=\"noopener noreferrer\">link<\/a>.<\/p>\n<hr \/>\n<p style=\"text-align: justify;\"><strong>www.dpja.pt | pastoraljuvenil@diocese-aveiro.pt<\/strong><\/p>\n","protected":false},"excerpt":{"rendered":"<p>O Departamento da<\/p>\n","protected":false},"author":1,"featured_media":7939,"comment_status":"closed","ping_status":"closed","sticky":false,"template":"","format":"standard","meta":{"footnotes":""},"categories":[11,8],"tags":[],"class_list":["post-7938","post","type-post","status-publish","format-standard","has-post-thumbnail","hentry","category-acontece","category-em-cartaz"],"_links":{"self":[{"href":"https:\/\/diocese-aveiro.pt\/cultura\/wp-json\/wp\/v2\/posts\/7938","targetHints":{"allow":["GET"]}}],"collection":[{"href":"https:\/\/diocese-aveiro.pt\/cultura\/wp-json\/wp\/v2\/posts"}],"about":[{"href":"https:\/\/diocese-aveiro.pt\/cultura\/wp-json\/wp\/v2\/types\/post"}],"author":[{"embeddable":true,"href":"https:\/\/diocese-aveiro.pt\/cultura\/wp-json\/wp\/v2\/users\/1"}],"replies":[{"embeddable":true,"href":"https:\/\/diocese-aveiro.pt\/cultura\/wp-json\/wp\/v2\/comments?post=7938"}],"version-history":[{"count":1,"href":"https:\/\/diocese-aveiro.pt\/cultura\/wp-json\/wp\/v2\/posts\/7938\/revisions"}],"predecessor-version":[{"id":7940,"href":"https:\/\/diocese-aveiro.pt\/cultura\/wp-json\/wp\/v2\/posts\/7938\/revisions\/7940"}],"wp:featuredmedia":[{"embeddable":true,"href":"https:\/\/diocese-aveiro.pt\/cultura\/wp-json\/wp\/v2\/media\/7939"}],"wp:attachment":[{"href":"https:\/\/diocese-aveiro.pt\/cultura\/wp-json\/wp\/v2\/media?parent=7938"}],"wp:term":[{"taxonomy":"category","embeddable":true,"href":"https:\/\/diocese-aveiro.pt\/cultura\/wp-json\/wp\/v2\/categories?post=7938"},{"taxonomy":"post_tag","embeddable":true,"href":"https:\/\/diocese-aveiro.pt\/cultura\/wp-json\/wp\/v2\/tags?post=7938"}],"curies":[{"name":"wp","href":"https:\/\/api.w.org\/{rel}","templated":true}]}}