{"id":7205,"date":"2019-10-29T21:37:39","date_gmt":"2019-10-29T21:37:39","guid":{"rendered":"http:\/\/diocese-aveiro.pt\/cultura\/?p=7205"},"modified":"2019-10-29T21:37:39","modified_gmt":"2019-10-29T21:37:39","slug":"acontece-teotopias-coloquio-internacional","status":"publish","type":"post","link":"https:\/\/diocese-aveiro.pt\/cultura\/acontece-teotopias-coloquio-internacional\/","title":{"rendered":"Acontece | Teotopias &#8211; Col\u00f3quio internacional"},"content":{"rendered":"<p style=\"text-align: justify;\">Nos dias 8 e 9 de novembro, a\u00a0<strong>C\u00e1tedra Poesia e Transcend\u00eancia | Sophia de Mello Breyner Andresen<\/strong>\u00a0celebrar\u00e1 o centen\u00e1rio do nascimento de Sophia com o I Col\u00f3quio Internacional TEO<strong>TOPIAS<\/strong>\u00a0| &#8220;Trazida ao espanto da luz&#8221;.<\/p>\n<p style=\"text-align: justify;\">Reunir-se-\u00e3o, no Centro Regional do Porto da Universidade Cat\u00f3lica Portuguesa, reconhecidos especialistas no di\u00e1logo entre a Teologia e a Literatura: portugueses, espanh\u00f3is, brasileiros e argentinos.<\/p>\n","protected":false},"excerpt":{"rendered":"<p>Nos dias 8<\/p>\n","protected":false},"author":1,"featured_media":7206,"comment_status":"closed","ping_status":"closed","sticky":false,"template":"","format":"standard","meta":{"footnotes":""},"categories":[11,8],"tags":[],"class_list":["post-7205","post","type-post","status-publish","format-standard","has-post-thumbnail","hentry","category-acontece","category-em-cartaz"],"_links":{"self":[{"href":"https:\/\/diocese-aveiro.pt\/cultura\/wp-json\/wp\/v2\/posts\/7205","targetHints":{"allow":["GET"]}}],"collection":[{"href":"https:\/\/diocese-aveiro.pt\/cultura\/wp-json\/wp\/v2\/posts"}],"about":[{"href":"https:\/\/diocese-aveiro.pt\/cultura\/wp-json\/wp\/v2\/types\/post"}],"author":[{"embeddable":true,"href":"https:\/\/diocese-aveiro.pt\/cultura\/wp-json\/wp\/v2\/users\/1"}],"replies":[{"embeddable":true,"href":"https:\/\/diocese-aveiro.pt\/cultura\/wp-json\/wp\/v2\/comments?post=7205"}],"version-history":[{"count":1,"href":"https:\/\/diocese-aveiro.pt\/cultura\/wp-json\/wp\/v2\/posts\/7205\/revisions"}],"predecessor-version":[{"id":7207,"href":"https:\/\/diocese-aveiro.pt\/cultura\/wp-json\/wp\/v2\/posts\/7205\/revisions\/7207"}],"wp:featuredmedia":[{"embeddable":true,"href":"https:\/\/diocese-aveiro.pt\/cultura\/wp-json\/wp\/v2\/media\/7206"}],"wp:attachment":[{"href":"https:\/\/diocese-aveiro.pt\/cultura\/wp-json\/wp\/v2\/media?parent=7205"}],"wp:term":[{"taxonomy":"category","embeddable":true,"href":"https:\/\/diocese-aveiro.pt\/cultura\/wp-json\/wp\/v2\/categories?post=7205"},{"taxonomy":"post_tag","embeddable":true,"href":"https:\/\/diocese-aveiro.pt\/cultura\/wp-json\/wp\/v2\/tags?post=7205"}],"curies":[{"name":"wp","href":"https:\/\/api.w.org\/{rel}","templated":true}]}}