{"id":720,"date":"2017-05-11T10:33:42","date_gmt":"2017-05-11T10:33:42","guid":{"rendered":"http:\/\/diocese-aveiro.pt\/cultura\/?p=720"},"modified":"2017-05-19T13:57:41","modified_gmt":"2017-05-19T13:57:41","slug":"virgem-do-rosario-de-fatima-em-ilhavo-apontamentos","status":"publish","type":"post","link":"https:\/\/diocese-aveiro.pt\/cultura\/virgem-do-rosario-de-fatima-em-ilhavo-apontamentos\/","title":{"rendered":"Virgem do Ros\u00e1rio de F\u00e1tima em \u00cdlhavo: apontamentos"},"content":{"rendered":"<p style=\"text-align: center;\"><strong>Hugo C\u00e1l\u00e3o (Texto)<\/strong><\/p>\n<p style=\"text-align: right;\"><strong>Jos\u00e9 Ferreira Thedim, 1957<\/strong> (Imagem &#8211; pormenor da imagem da Virgem do Ros\u00e1rio de F\u00e1tima<br \/>\nIgreja paroquial de \u00cdlhavo)<\/p>\n<p>Maio, m\u00eas de Maria, m\u00e3e de Jesus, rainha dos anjos, estrela da manh\u00e3, ref\u00fagio dos pecadores, e a nossa m\u00e3e do c\u00e9u.<\/p>\n<p>Iniciamos esta rubrica dando destaque \u00e0 devo\u00e7\u00e3o da Virgem Maria em \u00cdlhavo, com especial enfoque na imagem da Virgem do Ros\u00e1rio de F\u00e1tima, que celebra em 2017 o centen\u00e1rio da sua apari\u00e7\u00e3o.<\/p>\n<p>Jardim \u00e0 beira-mar da Europa, n\u00e3o deve surpreender que fosse Portugal escolhido para ser a Terra de Santa Maria, consagrando-lhe devo\u00e7\u00e3o o nosso primeiro rei e os monarcas vindouros.<\/p>\n<p>De entre as primeiras representa\u00e7\u00f5es da Virgem Maria no mundo, segundo a tradi\u00e7\u00e3o, cr\u00ea-se que em Portugal se situe a mais antiga representa\u00e7\u00e3o. Desde o fim da romaniza\u00e7\u00e3o e com o in\u00edcio da cristandade, ainda durante a vida da Virgem Maria, que Portugal \u00e9 apontado como um lugar de apari\u00e7\u00f5es e devo\u00e7\u00e3o, muito por intercess\u00e3o da viagem de evangeliza\u00e7\u00e3o do Ap\u00f3stolo S\u00e3o Tiago pela Hisp\u00e2nia. Segundo a lenda, chegando \u00e0s terras onde havia de formar-se a Vila de Guimar\u00e3es, o ap\u00f3stolo S\u00e3o Tiago passando por num santu\u00e1rio pag\u00e3o dedicado \u00e0 Deusa Ceres purificou-o e consagrou-o aos mist\u00e9rios crist\u00e3os, erguendo nele um altar com a imagem da Virgem (Nossa Senhora da Oliveira), imagem que no s\u00e9culo X a Condessa Mumadona Dias fez transportar para o mosteiro que edificou em sua honra.<\/p>\n<p>Tamb\u00e9m pelos fins do s\u00e9culo X o nosso territ\u00f3rio da beira-mar, entre Douro e Vouga, aparece com a designa\u00e7\u00e3o especial de Terra de Santa Maria, e povoado de lugares de culto e ermidas dedicadas \u00e0 Virgem.<\/p>\n<p>De todas as lendas e tradi\u00e7\u00f5es, a que nos refere da primeira imagem esculpida da Virgem \u00e9 a da apari\u00e7\u00e3o de Nossa Senhora da Nazar\u00e9. Cr\u00ea-se que esta imagem foi esculpida pelas m\u00e3os do pr\u00f3prio S\u00e3o Jos\u00e9, em presen\u00e7a do modelo vivo, e foi pintada pelo evangelista S\u00e3o Lucas. Foi passada a S\u00e3o Jer\u00f3nimo que a enviou a Santo Agostinho. Ofereceu-a este, a um mosteiro de Ermitas perto de M\u00e9rida, capital da Lusit\u00e2nia. Dali a trouxe o \u00faltimo rei dos Godos D. Rodrigo, depois da batalha de Guadalete e depositou-a naquele alto rochedo sobranceiro ao mar da Nazar\u00e9, onde em 1182 D. Fuas Roupinho a encontrou, e lhe mandou erigir uma ermida como voto de ter escapado ao famoso acidente vulgarizado nas estampas. In\u00fameros escritores apontam esta imagem da Virgem Maria como a mais antiga, e mais chegada aos Ap\u00f3stolos, do mundo.<\/p>\n<p>O primeiro registo escrito de festa dedicada \u00e0 Virgem Maria na Lusit\u00e2nia surge-nos j\u00e1 no ano 656 pelo testemunho do 10\u00ba conc\u00edlio de Toledo, onde estiveram presentes os bispos Ces\u00e1rio de Lisboa, Z\u00f3zimo de \u00c9vora, Pot\u00e2mio de Braga, Frutuoso de Dume e Fl\u00e1vio do Porto.<\/p>\n<p>Em \u00cdlhavo, a devo\u00e7\u00e3o \u00e0 Virgem cr\u00ea-se antiqu\u00edssima, antes da nacionalidade. A paroquial com invoca\u00e7\u00e3o de S\u00e3o Salvador e uma primitiva ermida dedicada a S\u00e3o Crist\u00f3v\u00e3o s\u00e3o deste facto testemunho.<\/p>\n<p>O culto \u00e0 Virgem ganhou novo fulgor, com as apari\u00e7\u00f5es de 13 de Maio e 13 de Outubro de 1917, quando a Virgem Maria apareceu na Cova da Iria em F\u00e1tima aos tr\u00eas pastorinhos. Lembramos que na altura das apari\u00e7\u00f5es era vig\u00e1rio geral do patriarca de Lisboa o nosso depois bispo de Aveiro, D. Jo\u00e3o Evangelista de Lima Vidal, que acompanhou todo o processo,<\/p>\n<p>A primeira capela dedicada \u00e0 Virgem do Ros\u00e1rio de F\u00e1tima em \u00cdlhavo foi a Capela da Santa Casa da Miseric\u00f3rdia de \u00cdlhavo, iniciada em Setembro de 1922 e dedicada e benzida a 26 de Mar\u00e7o de 1931. Foi seguida, em 1942, pela capela da comunidade da Gafanha de Aqu\u00e9m, com aquisi\u00e7\u00e3o da imagem nesse ano.<\/p>\n<p>A imagem da Virgem do Ros\u00e1rio de F\u00e1tima da comunidade da L\u00e9gua foi adquirida em Mar\u00e7o de 1956, nas Oficinas de escultura de F\u00e2nzeres em Braga, assim como a imagem da Virgem e F\u00e1tima existente no Lar de S\u00e3o Jos\u00e9, a mesma oficina executante da primeira imagem esculpida para F\u00e1tima em 1920, da autoria do escultor Jos\u00e9 Ferreira Thedim.<\/p>\n<p>A Imagem da Virgem do Ros\u00e1rio de F\u00e1tima da Igreja paroquial de \u00cdlhavo foi adquirida em Braga, nas Oficinas de F\u00e2nzeres em 31 de Outubro de 1957, encomendada pelo p\u00e1roco da altura, D. J\u00falio Tavares Rebimbas, mais tarde bispo do Porto. A aquisi\u00e7\u00e3o desta imagem, precisamente 40 anos ap\u00f3s a sua apari\u00e7\u00e3o, coincidiu tamb\u00e9m com a passagem da imagem da Virgem de F\u00e1tima que peregrinou pelas par\u00f3quias da diocese de Aveiro e que festivamente chegou a \u00cdlhavo no dia 10 de Novembro de 1957, pernoitando em cada uma das comunidades at\u00e9 ao dia 17.<\/p>\n<p>O jornal Fam\u00edlia Paroquial do m\u00eas de Novembro desse ano informa que j\u00e1 se encontrava em \u00cdlhavo a nova imagem, modelada e esculpida em madeira de cedro brasileiro com 130cm, conforme as indica\u00e7\u00f5es da irm\u00e3 L\u00facia de Jesus, testemunha ocular da apari\u00e7\u00e3o. Segundo o seu testemunho de 8 de Dezembro de 1941, a Virgem encomendada para \u00cdlhavo, a Virgem do Cora\u00e7\u00e3o Imaculado de Maria, \u00e9 a imagem mais parecida com a vis\u00e3o que tiveram os tr\u00eas pastorinhos em F\u00e1tima. A imagem foi colocada provisoriamente no altar das Almas da Igreja Paroquial, transitando mais tarde para apoio em pedra, na lateral direita da capela-mor, onde se encontra \u00e0 venera\u00e7\u00e3o.<\/p>\n","protected":false},"excerpt":{"rendered":"<p>Hugo C\u00e1l\u00e3o (Texto)<\/p>\n","protected":false},"author":1,"featured_media":721,"comment_status":"closed","ping_status":"open","sticky":false,"template":"","format":"standard","meta":{"footnotes":""},"categories":[46,52,13,24],"tags":[],"class_list":["post-720","post","type-post","status-publish","format-standard","has-post-thumbnail","hentry","category-autores","category-hugo-calao","category-olhares","category-olhares-sobre-o-patrimonio"],"_links":{"self":[{"href":"https:\/\/diocese-aveiro.pt\/cultura\/wp-json\/wp\/v2\/posts\/720","targetHints":{"allow":["GET"]}}],"collection":[{"href":"https:\/\/diocese-aveiro.pt\/cultura\/wp-json\/wp\/v2\/posts"}],"about":[{"href":"https:\/\/diocese-aveiro.pt\/cultura\/wp-json\/wp\/v2\/types\/post"}],"author":[{"embeddable":true,"href":"https:\/\/diocese-aveiro.pt\/cultura\/wp-json\/wp\/v2\/users\/1"}],"replies":[{"embeddable":true,"href":"https:\/\/diocese-aveiro.pt\/cultura\/wp-json\/wp\/v2\/comments?post=720"}],"version-history":[{"count":3,"href":"https:\/\/diocese-aveiro.pt\/cultura\/wp-json\/wp\/v2\/posts\/720\/revisions"}],"predecessor-version":[{"id":754,"href":"https:\/\/diocese-aveiro.pt\/cultura\/wp-json\/wp\/v2\/posts\/720\/revisions\/754"}],"wp:featuredmedia":[{"embeddable":true,"href":"https:\/\/diocese-aveiro.pt\/cultura\/wp-json\/wp\/v2\/media\/721"}],"wp:attachment":[{"href":"https:\/\/diocese-aveiro.pt\/cultura\/wp-json\/wp\/v2\/media?parent=720"}],"wp:term":[{"taxonomy":"category","embeddable":true,"href":"https:\/\/diocese-aveiro.pt\/cultura\/wp-json\/wp\/v2\/categories?post=720"},{"taxonomy":"post_tag","embeddable":true,"href":"https:\/\/diocese-aveiro.pt\/cultura\/wp-json\/wp\/v2\/tags?post=720"}],"curies":[{"name":"wp","href":"https:\/\/api.w.org\/{rel}","templated":true}]}}