{"id":7193,"date":"2019-10-25T18:20:07","date_gmt":"2019-10-25T17:20:07","guid":{"rendered":"http:\/\/diocese-aveiro.pt\/cultura\/?p=7193"},"modified":"2019-10-25T18:20:07","modified_gmt":"2019-10-25T17:20:07","slug":"acontece-adoracao-eucaristica","status":"publish","type":"post","link":"https:\/\/diocese-aveiro.pt\/cultura\/acontece-adoracao-eucaristica\/","title":{"rendered":"Acontece | ADORA\u00c7\u00c3O EUCARISTICA"},"content":{"rendered":"<p style=\"font-weight: 400;\"><strong>ADORA\u00c7\u00c3O EUCARISTICA<\/strong><\/p>\n<p style=\"font-weight: 400;\">local: Semin\u00e1rio Diocesano de Aveiro<\/p>\n<p style=\"font-weight: 400;\">quando: Nas \u00faltimas quintas feiras do m\u00eas, \u00e0 excep\u00e7\u00e3o de dezembro. 31 de outubro | 28 de novembro | 12 de dezembro | 30 de janeiro | 27 de fevereiro | 26 de mar\u00e7o | 30 de abril | 28 de maio | 25 de junho<\/p>\n","protected":false},"excerpt":{"rendered":"<p>ADORA\u00c7\u00c3O EUCARISTICA local:<\/p>\n","protected":false},"author":1,"featured_media":7194,"comment_status":"closed","ping_status":"closed","sticky":false,"template":"","format":"standard","meta":{"footnotes":""},"categories":[11,8],"tags":[],"class_list":["post-7193","post","type-post","status-publish","format-standard","has-post-thumbnail","hentry","category-acontece","category-em-cartaz"],"_links":{"self":[{"href":"https:\/\/diocese-aveiro.pt\/cultura\/wp-json\/wp\/v2\/posts\/7193","targetHints":{"allow":["GET"]}}],"collection":[{"href":"https:\/\/diocese-aveiro.pt\/cultura\/wp-json\/wp\/v2\/posts"}],"about":[{"href":"https:\/\/diocese-aveiro.pt\/cultura\/wp-json\/wp\/v2\/types\/post"}],"author":[{"embeddable":true,"href":"https:\/\/diocese-aveiro.pt\/cultura\/wp-json\/wp\/v2\/users\/1"}],"replies":[{"embeddable":true,"href":"https:\/\/diocese-aveiro.pt\/cultura\/wp-json\/wp\/v2\/comments?post=7193"}],"version-history":[{"count":1,"href":"https:\/\/diocese-aveiro.pt\/cultura\/wp-json\/wp\/v2\/posts\/7193\/revisions"}],"predecessor-version":[{"id":7195,"href":"https:\/\/diocese-aveiro.pt\/cultura\/wp-json\/wp\/v2\/posts\/7193\/revisions\/7195"}],"wp:featuredmedia":[{"embeddable":true,"href":"https:\/\/diocese-aveiro.pt\/cultura\/wp-json\/wp\/v2\/media\/7194"}],"wp:attachment":[{"href":"https:\/\/diocese-aveiro.pt\/cultura\/wp-json\/wp\/v2\/media?parent=7193"}],"wp:term":[{"taxonomy":"category","embeddable":true,"href":"https:\/\/diocese-aveiro.pt\/cultura\/wp-json\/wp\/v2\/categories?post=7193"},{"taxonomy":"post_tag","embeddable":true,"href":"https:\/\/diocese-aveiro.pt\/cultura\/wp-json\/wp\/v2\/tags?post=7193"}],"curies":[{"name":"wp","href":"https:\/\/api.w.org\/{rel}","templated":true}]}}