{"id":4983,"date":"2018-12-04T13:19:54","date_gmt":"2018-12-04T13:19:54","guid":{"rendered":"http:\/\/diocese-aveiro.pt\/cultura\/?p=4983"},"modified":"2018-12-01T13:23:18","modified_gmt":"2018-12-01T13:23:18","slug":"70-anos-dudh-quando-os-direitos-humanos-e-ambientais-nao-sao-respeitados-uma-outra-forma-de-refugiados","status":"publish","type":"post","link":"https:\/\/diocese-aveiro.pt\/cultura\/70-anos-dudh-quando-os-direitos-humanos-e-ambientais-nao-sao-respeitados-uma-outra-forma-de-refugiados\/","title":{"rendered":"70 ANOS DUDH | Quando os direitos humanos e ambientais n\u00e3o s\u00e3o respeitados: uma outra forma de refugiados"},"content":{"rendered":"<p style=\"text-align: right;\">70 ANOS DUDH | REFLEX\u00d5ES<\/p>\n<h1 style=\"text-align: center;\"><strong>Quando os direitos humanos e ambientais n\u00e3o s\u00e3o respeitados: uma outra forma de refugiados<\/strong><\/h1>\n<p style=\"text-align: center;\">\u00a0\u00a0\u00a0Alexandra Monteiro*<\/p>\n<p>&nbsp;<\/p>\n<p style=\"text-align: justify;\">O artigo 66.\u00ba da Constitui\u00e7\u00e3o Portuguesa diz-nos que \u201cTodos t\u00eam direito a um ambiente de vida humano, sadio e<img loading=\"lazy\" decoding=\"async\" class=\"size-full wp-image-4984 alignright\" src=\"https:\/\/diocese-aveiro.pt\/cultura\/wp-content\/uploads\/2018\/12\/Artigo-n\u00ba-10_Alexandra-Monteiro_19_11.jpg\" alt=\"\" width=\"116\" height=\"137\" \/> ecologicamente equilibrado e o dever de o defender\u201d, consagrando o <u>direito<\/u> fundamental a viver num sistema ecol\u00f3gico livre de amea\u00e7as que o periguem, e, para al\u00e9m disso, prevendo o <u>dever<\/u> fundamental de todos protegerem esse mesmo ambiente ecologicamente equilibrado. Num contexto de altera\u00e7\u00f5es clim\u00e1ticas, a preocupa\u00e7\u00e3o com a prote\u00e7\u00e3o dos direitos humanos e o dever de prote\u00e7\u00e3o do ambiente refor\u00e7am-se mutuamente, sendo ambos necess\u00e1rios para garantir melhores condi\u00e7\u00f5es de vida.<\/p>\n<p style=\"text-align: justify;\">Na procura urgente deste mundo com melhores condi\u00e7\u00f5es de vida para todos, o Departamento de Ambiente e Ordenamento da Universidade de Aveiro tem vindo a promover a reflex\u00e3o de cada um dos 17 Objetivos de Desenvolvimento Sustent\u00e1vel (ODS) definidos pela Organiza\u00e7\u00e3o das Na\u00e7\u00f5es Unidas (ONU) para serem alcan\u00e7ados at\u00e9 2030. No pr\u00f3ximo m\u00eas de Dezembro chegou a vez da reflex\u00e3o do <em>16\u00ba ODS \u2013 Paz e justi\u00e7a <\/em>\u2013 onde entre v\u00e1rias metas, se pretende, at\u00e9 2030, aumentar a resili\u00eancia dos mais pobres e em situa\u00e7\u00e3o de maior vulnerabilidade, e reduzir a exposi\u00e7\u00e3o e a vulnerabilidade destes aos fen\u00f3menos extremos relacionados com o clima e desastres econ\u00f3micos, sociais e ambientais.<\/p>\n<p style=\"text-align: justify;\">Este foi o mote e a raz\u00e3o porque o DAO se juntou \u00e0 Plataforma \u201cAveiro Direitos Humanos\u201d na sua comemora\u00e7\u00e3o dos 70 anos da Declara\u00e7\u00e3o Universal dos Direitos Humanos, porque o trabalho em equipa, neste caso de promo\u00e7\u00e3o da reflex\u00e3o, se torna mais eficaz e eficiente. E porque \u201cos mais pobres e em situa\u00e7\u00e3o de maior vulnerabilidade\u201d podem ter diferentes origens, o DAO ir\u00e1 juntar a quest\u00e3o dos refugiados ambientais a outros tipos de refugiados com situa\u00e7\u00f5es atuais emergentes, de forma a se poder discutir e refletir as quest\u00f5es comuns e n\u00e3o comuns entre eles, e solu\u00e7\u00f5es e sinergias poss\u00edveis e eficazes.<\/p>\n<p style=\"text-align: justify;\">\u00c9 neste \u00e2mbito, que vos convidamos a assistir e participar, no pr\u00f3ximo dia 18 de dezembro, \u00e0 tert\u00falia sobre refugiados inserida no programa de atividades da Plataforma \u201cAveiro Direitos Humanos\u201d, onde se pretender\u00e1 abordar a quest\u00e3o dos refugiados de uma forma hol\u00edstica, englobando as diferentes formas existentes \u2013 desde os refugiados da Venezuela (com a participa\u00e7\u00e3o da Associa\u00e7\u00e3o Venexus), aos refugiados do conflito armado do M\u00e9dio Oriente (com a participa\u00e7\u00e3o do Centro Local de Apoio \u00e0 Integra\u00e7\u00e3o de Migrantes (CLAIM), e incluindo ainda a problem\u00e1tica dos refugiados de cariz ambiental e clim\u00e1tico. Aqui, contaremos com a presen\u00e7a do Professor Carlos Borrego, ex-diretor do DAO, para nos dar uma breve apresenta\u00e7\u00e3o do problema e as suas principais quest\u00f5es.<\/p>\n<p style=\"text-align: justify;\">Apesar de podermos pensar que este horizonte ainda est\u00e1 longe de ser nosso, as melhores solu\u00e7\u00f5es para este problema, que \u00e9 necessariamente global, passar\u00e3o pela aten\u00e7\u00e3o imediata e uma a\u00e7\u00e3o urgente concertada.<\/p>\n<p style=\"text-align: justify;\">Venha ajudar-nos a promover esta aten\u00e7\u00e3o devida e uma reflex\u00e3o que leve \u00e0 a\u00e7\u00e3o!<\/p>\n<p style=\"text-align: justify;\">Dia 18, \u00e0s 18h30, na Biblioteca Municipal de Aveiro. Contamos consigo&#8230;<\/p>\n<p style=\"text-align: justify;\">\n<p style=\"text-align: right;\">*Investigadora no Departamento de Ambiente e Ordenamento da Universidade de Aveiro<\/p>\n<p style=\"text-align: justify;\"><em>\u00a0<\/em><\/p>\n<h6 style=\"text-align: right;\">(Artigo que se insere no \u00e2mbito das comemora\u00e7\u00f5es do 70\u00ba Anivers\u00e1rio da proclama\u00e7\u00e3o da Declara\u00e7\u00e3o Universal dos Direitos Humanos \u2013 Plataforma \u201cAveiro Direitos Humanos\u201d \/ Di\u00e1rio de Aveiro)<\/h6>\n<p style=\"text-align: justify;\">\n","protected":false},"excerpt":{"rendered":"<p>70 ANOS DUDH<\/p>\n","protected":false},"author":1,"featured_media":4985,"comment_status":"closed","ping_status":"closed","sticky":false,"template":"","format":"standard","meta":{"footnotes":""},"categories":[107],"tags":[],"class_list":["post-4983","post","type-post","status-publish","format-standard","has-post-thumbnail","hentry","category-70-anos-dudh-artigos"],"_links":{"self":[{"href":"https:\/\/diocese-aveiro.pt\/cultura\/wp-json\/wp\/v2\/posts\/4983","targetHints":{"allow":["GET"]}}],"collection":[{"href":"https:\/\/diocese-aveiro.pt\/cultura\/wp-json\/wp\/v2\/posts"}],"about":[{"href":"https:\/\/diocese-aveiro.pt\/cultura\/wp-json\/wp\/v2\/types\/post"}],"author":[{"embeddable":true,"href":"https:\/\/diocese-aveiro.pt\/cultura\/wp-json\/wp\/v2\/users\/1"}],"replies":[{"embeddable":true,"href":"https:\/\/diocese-aveiro.pt\/cultura\/wp-json\/wp\/v2\/comments?post=4983"}],"version-history":[{"count":1,"href":"https:\/\/diocese-aveiro.pt\/cultura\/wp-json\/wp\/v2\/posts\/4983\/revisions"}],"predecessor-version":[{"id":4986,"href":"https:\/\/diocese-aveiro.pt\/cultura\/wp-json\/wp\/v2\/posts\/4983\/revisions\/4986"}],"wp:featuredmedia":[{"embeddable":true,"href":"https:\/\/diocese-aveiro.pt\/cultura\/wp-json\/wp\/v2\/media\/4985"}],"wp:attachment":[{"href":"https:\/\/diocese-aveiro.pt\/cultura\/wp-json\/wp\/v2\/media?parent=4983"}],"wp:term":[{"taxonomy":"category","embeddable":true,"href":"https:\/\/diocese-aveiro.pt\/cultura\/wp-json\/wp\/v2\/categories?post=4983"},{"taxonomy":"post_tag","embeddable":true,"href":"https:\/\/diocese-aveiro.pt\/cultura\/wp-json\/wp\/v2\/tags?post=4983"}],"curies":[{"name":"wp","href":"https:\/\/api.w.org\/{rel}","templated":true}]}}