{"id":4974,"date":"2018-12-03T13:05:39","date_gmt":"2018-12-03T13:05:39","guid":{"rendered":"http:\/\/diocese-aveiro.pt\/cultura\/?p=4974"},"modified":"2018-12-01T13:11:31","modified_gmt":"2018-12-01T13:11:31","slug":"70-anos-dudh-educacao-o-direito-e-o-dever-fundamental","status":"publish","type":"post","link":"https:\/\/diocese-aveiro.pt\/cultura\/70-anos-dudh-educacao-o-direito-e-o-dever-fundamental\/","title":{"rendered":"70 ANOS DUDH | EDUCA\u00c7\u00c3O, o direito e o dever fundamental"},"content":{"rendered":"<p style=\"text-align: right;\">70 ANOS DUDH | REFLEX\u00d5ES<\/p>\n<h1 style=\"text-align: center;\"><strong>EDUCA\u00c7\u00c3O, o direito e o dever fundamental<\/strong><\/h1>\n<p style=\"text-align: center;\">Alexandre Cruz*<\/p>\n<p>&nbsp;<\/p>\n<p style=\"text-align: justify;\">Quem n\u00e3o se lembra da jovem paquistanesa Malala Yousafzai (Pr\u00e9mio Nobel da Paz 2014), no seu discurso na ONU<\/p>\n<p><img loading=\"lazy\" decoding=\"async\" class=\"wp-image-4975 alignleft\" src=\"https:\/\/diocese-aveiro.pt\/cultura\/wp-content\/uploads\/2018\/12\/Artigo-n\u00ba-8_Alexandre-Cruz_17_11.jpg\" alt=\"\" width=\"150\" height=\"154\" srcset=\"https:\/\/diocese-aveiro.pt\/cultura\/wp-content\/uploads\/2018\/12\/Artigo-n\u00ba-8_Alexandre-Cruz_17_11.jpg 312w, https:\/\/diocese-aveiro.pt\/cultura\/wp-content\/uploads\/2018\/12\/Artigo-n\u00ba-8_Alexandre-Cruz_17_11-293x300.jpg 293w\" sizes=\"auto, (max-width: 150px) 100vw, 150px\" \/><\/p>\n<div class=\"mceTemp\"><\/div>\n<p style=\"text-align: justify;\">em Julho de 2013, ao dizer que: <em>\u00abUm aluno, um professor, um livro e uma caneta podem mudar o mundo!\u00bb<\/em>, consagrando pelo exemplo generoso da sua vida que a educa\u00e7\u00e3o \u00e9 o ant\u00eddoto decisivo e mais poderoso para todas as formas de separa\u00e7\u00e3o, viol\u00eancia, fanatismo e intoler\u00e2ncia, ela um exemplo para milh\u00f5es de jovens em terras de extremismos.<\/p>\n<p style=\"text-align: justify;\">\n<p style=\"text-align: justify;\">J\u00e1 o artigo primeiro da <em>Declara\u00e7\u00e3o Universal dos Direitos Humanos<\/em> (10-12-1948) consagra que os seres humanos <em>\u00abdotados de raz\u00e3o e consci\u00eancia, e devem agir em rela\u00e7\u00e3o uns aos outros em esp\u00edrito de fraternidade\u00bb<\/em>, enaltecendo que a \u201craz\u00e3o\u201d e a \u201cconsci\u00eancia\u201d ser\u00e3o os lugares existenciais pessoais decisivos a cuidar na raiz, para que as vis\u00f5es e a\u00e7\u00f5es pr\u00e1ticas sejam conformes a dignidade do ser humano.<\/p>\n<p style=\"text-align: justify;\">\n<p style=\"text-align: justify;\">Importa perguntar: como tem sido alimentada raz\u00e3o humana a partir das novas gera\u00e7\u00f5es e dos valores fundamentais, na rela\u00e7\u00e3o com as diferen\u00e7as e diversidades? Que investimento \u00e9 feito nos sistemas educativos, para al\u00e9m da tecnologia e\/ou usando-a, de modo a \u201cregar\u201d a planta da vida, do sentido, e do <em>pilar<\/em> fundacional de <em>\u201caprender a viver com os outros\u201d<\/em>? O que tem faltado \u00e0s democracias (ocidentais e n\u00e3o ocidentais) para verificarmos o regresso dos nacionalismos e extremismos?<\/p>\n<p style=\"text-align: justify;\">\n<p style=\"text-align: justify;\">As realidades contradit\u00f3rias do mundo em que vivemos faz-nos lan\u00e7ar estas e tantas outras quest\u00f5es que consigam despertar a humanidade para aquilo que nos pode salvar, a <em>Educa\u00e7\u00e3o<\/em>. Talvez, e muito para al\u00e9m das diversidades de vis\u00f5es sociopol\u00edticas dos sistemas educativos, tenha chegado o tempo de consensualizar, mais e melhor, uma base educativa universal, um ponto de partida comum, uma plataforma global de <em>Educa\u00e7\u00e3o para todos<\/em>, tendo como fonte not\u00e1veis relat\u00f3rios da ONU, UNESCO, e tantas outras organiza\u00e7\u00f5es.<\/p>\n<p style=\"text-align: justify;\">\n<p style=\"text-align: justify;\">O consagrado direito \u00e0 <em>liberdade de pensamento<\/em>, de <em>ensino<\/em>, de <em>opini\u00e3o<\/em> e de <em>express\u00e3o<\/em> (artigos 18.\u00ba e 19.\u00ba) e o direito \u00e0 <em>educa\u00e7\u00e3o<\/em> <em>\u00abno sentido do pleno desenvolvimento da personalidade humana e do fortalecimento e do respeito pelos direitos do ser humano e pelas liberdades fundamentais\u00bb<\/em> (artigo 26.\u00ba) confere-nos um reconhecimento e uma alt\u00edssima responsabilidade em pensar\/atuar.<\/p>\n<p style=\"text-align: justify;\">\n<p style=\"text-align: justify;\">Nas Universidades, pela <em>massa cr\u00edtica<\/em> e <em>\u201ccinzenta\u201d<\/em> nas 24h de cada dia, reside um elevado des\u00edgnio de <em>Educa\u00e7\u00e3o Superior<\/em> com potencial transformador do mundo. Iluminar, com a boa luz da dignidade humana, a <em>raz\u00e3o<\/em> e a <em>ci\u00eancia com consci\u00eancia<\/em> levar-nos-\u00e1, com toda a certeza, ao futuro melhor. Com pensamento global e a\u00e7\u00e3o local.<\/p>\n<p style=\"text-align: justify;\">\n<p style=\"text-align: right;\">*Provedor do Estudante da Universidade de Aveiro<\/p>\n<p style=\"text-align: justify;\">\n<h6 style=\"text-align: right;\">(Artigo que se insere no \u00e2mbito das comemora\u00e7\u00f5es do 70\u00ba\u00a0 Anivers\u00e1rio da proclama\u00e7\u00e3o da Declara\u00e7\u00e3o Universal dos Direitos Humanos \u2013 Plataforma \u201cAveiro Direitos Humanos\u201d \/ Di\u00e1rio de Aveiro)<\/h6>\n<p style=\"text-align: justify;\">\n","protected":false},"excerpt":{"rendered":"<p>70 ANOS DUDH<\/p>\n","protected":false},"author":1,"featured_media":4978,"comment_status":"closed","ping_status":"closed","sticky":false,"template":"","format":"standard","meta":{"footnotes":""},"categories":[107],"tags":[],"class_list":["post-4974","post","type-post","status-publish","format-standard","has-post-thumbnail","hentry","category-70-anos-dudh-artigos"],"_links":{"self":[{"href":"https:\/\/diocese-aveiro.pt\/cultura\/wp-json\/wp\/v2\/posts\/4974","targetHints":{"allow":["GET"]}}],"collection":[{"href":"https:\/\/diocese-aveiro.pt\/cultura\/wp-json\/wp\/v2\/posts"}],"about":[{"href":"https:\/\/diocese-aveiro.pt\/cultura\/wp-json\/wp\/v2\/types\/post"}],"author":[{"embeddable":true,"href":"https:\/\/diocese-aveiro.pt\/cultura\/wp-json\/wp\/v2\/users\/1"}],"replies":[{"embeddable":true,"href":"https:\/\/diocese-aveiro.pt\/cultura\/wp-json\/wp\/v2\/comments?post=4974"}],"version-history":[{"count":2,"href":"https:\/\/diocese-aveiro.pt\/cultura\/wp-json\/wp\/v2\/posts\/4974\/revisions"}],"predecessor-version":[{"id":4977,"href":"https:\/\/diocese-aveiro.pt\/cultura\/wp-json\/wp\/v2\/posts\/4974\/revisions\/4977"}],"wp:featuredmedia":[{"embeddable":true,"href":"https:\/\/diocese-aveiro.pt\/cultura\/wp-json\/wp\/v2\/media\/4978"}],"wp:attachment":[{"href":"https:\/\/diocese-aveiro.pt\/cultura\/wp-json\/wp\/v2\/media?parent=4974"}],"wp:term":[{"taxonomy":"category","embeddable":true,"href":"https:\/\/diocese-aveiro.pt\/cultura\/wp-json\/wp\/v2\/categories?post=4974"},{"taxonomy":"post_tag","embeddable":true,"href":"https:\/\/diocese-aveiro.pt\/cultura\/wp-json\/wp\/v2\/tags?post=4974"}],"curies":[{"name":"wp","href":"https:\/\/api.w.org\/{rel}","templated":true}]}}