{"id":4965,"date":"2018-12-02T12:09:59","date_gmt":"2018-12-02T12:09:59","guid":{"rendered":"http:\/\/diocese-aveiro.pt\/cultura\/?p=4965"},"modified":"2018-11-30T16:16:23","modified_gmt":"2018-11-30T16:16:23","slug":"70-anos-dudh-uma-cidadania-ativa-e-consciente-pelos-direitos-humanos","status":"publish","type":"post","link":"https:\/\/diocese-aveiro.pt\/cultura\/70-anos-dudh-uma-cidadania-ativa-e-consciente-pelos-direitos-humanos\/","title":{"rendered":"70 ANOS DUDH | Uma cidadania ativa e consciente pelos Direitos Humanos"},"content":{"rendered":"<p style=\"text-align: right;\">70 ANOS DUDH | REFLEX\u00d5ES<\/p>\n<h1 style=\"text-align: center;\"><strong>Uma cidadania ativa e consciente pelos Direitos Humanos<\/strong><\/h1>\n<p style=\"text-align: center;\">Cl\u00e1udia Ventura*<\/p>\n<p>&nbsp;<\/p>\n<p style=\"text-align: justify;\">Os 17 Objetivos do Desenvolvimento Sustent\u00e1vel estabelecidos pela ONU s\u00e3o as linhas orientadoras de uma<img loading=\"lazy\" decoding=\"async\" class=\"size-full wp-image-4966 alignright\" src=\"https:\/\/diocese-aveiro.pt\/cultura\/wp-content\/uploads\/2018\/11\/Artigo-n\u00ba-6_Claudia-Ventura_15_11_b.jpg\" alt=\"\" width=\"129\" height=\"166\" \/> <em>coopera\u00e7\u00e3o global para assegurar a paz e\u00a0 prosperidade da Humanidade e do planeta, agora e em gera\u00e7\u00f5es futuras <\/em>(ONU, 2015). Para atingir este objetivo, os tr\u00eas pilares da sustentabilidade \u2013 sociedade, economia e ambiente \u2013 devem ser igualmente considerados, respeitando e assegurando sempre os Direitos Humanos. No entanto, estes direitos est\u00e3o especialmente amea\u00e7ados para refugiados de conflitos armados ou cat\u00e1strofes naturais, v\u00edtimas de persegui\u00e7\u00e3o e tr\u00e1fico humano, pessoas desprezadas pelo seu g\u00e9nero ou condi\u00e7\u00e3o e as crian\u00e7as vulner\u00e1veis aos flagelos da fome, guerra e de diferentes formas de explora\u00e7\u00e3o. Com o crescimento exponencial da popula\u00e7\u00e3o global \u00e9 necess\u00e1rio garantir que h\u00e1 cria\u00e7\u00e3o de valor econ\u00f3mico sem custo da dignidade humana e sustentabilidade ambiental. Neste sentido, as entidades governamentais s\u00e3o cruciais para a cria\u00e7\u00e3o de diretivas que assegurem que coopera\u00e7\u00f5es e entidades privadas seguem os 17 ODS. Apenas com a participa\u00e7\u00e3o e compromisso globais \u00e9 poss\u00edvel alcan\u00e7ar os objetivos estabelecidos. \u00c9 responsabilidade de cada um de n\u00f3s n\u00e3o s\u00f3 atuar de acordo com as diretivas para a sustentabilidade, adaptadas ao contexto de cada um, atrav\u00e9s de uma cidadania ativa e consciente, mas tamb\u00e9m exigir que as mesmas sejam consideradas pelas entidades pol\u00edticas de diferentes n\u00edveis hier\u00e1rquicos e num consumo consciente que pressione as empresas e entidades privadas.<\/p>\n<p style=\"text-align: justify;\">A ORBIS \u2013 Coopera\u00e7\u00e3o e Desenvolvimento \u00e9 uma ONGd do distrito de Aveiro que tem por miss\u00e3o combater a pobreza extrema e apoiar o desenvolvimento sustent\u00e1vel dos povos. Os seus projetos implementados em pa\u00edses de express\u00e3o portuguesa t\u00eam como principais benefici\u00e1rios os grupos mais desfavorecidos das comunidades parceiras. Dependendo da realidade de cada pa\u00eds, pretende apoiar as crian\u00e7as de fam\u00edlias extremamente pobres ou destruturadas, os jovens para os quais a educa\u00e7\u00e3o \u00e9 um privil\u00e9gio fora de alcance, as mulheres e m\u00e3es jovens sem meios de subsist\u00eancia e \u00e0s v\u00edtimas de exclus\u00e3o por doen\u00e7a ou pela diferen\u00e7a. A sua a\u00e7\u00e3o permite capacitar os membros destas comunidades para que sejam eles os protagonistas do desenvolvimento.<\/p>\n<p style=\"text-align: justify;\">Contudo, \u00e9 t\u00e3o importante o trabalho desenvolvido em prol dos locais de atua\u00e7\u00e3o, como a sensibiliza\u00e7\u00e3o e esclarecimento das pessoas que nos rodeiam diariamente.<\/p>\n<p style=\"text-align: justify;\">Acreditamos que as nossas pr\u00f3prias dificuldades e os desafios que temos de enfrentar n\u00e3o nos devem cegar para as dificuldades e desafios mais exigentes do outro.<\/p>\n<p style=\"text-align: justify;\">Para al\u00e9m de apoiar diretamente as comunidades nos pa\u00edses de atua\u00e7\u00e3o, os projetos dinamizados pela ORBIS procuram tamb\u00e9m ter um impacto em Portugal.<\/p>\n<p style=\"text-align: justify;\">Consciencializar e educar para o desenvolvimento s\u00e3o igualmente prioridade dos tr\u00eas projetos desenvolvidos pela organiza\u00e7\u00e3o:<\/p>\n<ul style=\"text-align: justify;\">\n<li>Com\u00e9rcio Solid\u00e1rio: incentiva um consumo mais consciente pela aquisi\u00e7\u00e3o de<\/li>\n<\/ul>\n<p style=\"text-align: justify;\">produtos a um pre\u00e7o justo e que beneficiam os artes\u00e3os que pertencem a minorias ou grupos sociais desfavorecidos, dinamizando assim pequenas economias locais;<\/p>\n<ul style=\"text-align: justify;\">\n<li><em>One Child, One Future<\/em>: projeto de apadrinhamento \u00e0 dist\u00e2ncia que possibilita que crian\u00e7as em situa\u00e7\u00e3o familiar ou econ\u00f3mica destruturada tenham acesso a alimenta\u00e7\u00e3o, educa\u00e7\u00e3o e cuidados de sa\u00fade, pela solidariedade e partilha dos padrinhos envolvidos no projeto;<\/li>\n<li>O Meu Sonho \u00e9 Estudar: apadrinhamento de estudantes guineenses por turmas<\/li>\n<\/ul>\n<p style=\"text-align: justify;\">do ensino b\u00e1sico e secund\u00e1rio do distrito de Aveiro, que s\u00e3o desafiadas a organizar a\u00e7\u00f5es de angaria\u00e7\u00e3o de fundos e de educa\u00e7\u00e3o para o desenvolvimento nas comunidades escolares e sociedade civil.<\/p>\n<p style=\"text-align: justify;\">\u00c9 responsabilidade de todos e de cada um assumir o seu papel de cidad\u00e3o ativo e consciente no respeito pelos direitos humanos nas diferentes dimens\u00f5es da vida pessoal e comunit\u00e1ria, laboral, escolar, familiar, pol\u00edtica e associativa. Um mundo mais justo e humanit\u00e1rio \u00e9 um benef\u00edcio comum.<\/p>\n<p style=\"text-align: right;\">*Presidente da Dire\u00e7\u00e3o Executiva da ORBIS \u2013 Coopera\u00e7\u00e3o e Desenvolvimento<\/p>\n<h5 style=\"text-align: right;\">(Artigo que se insere no \u00e2mbito das comemora\u00e7\u00f5es do 70\u00ba Anivers\u00e1rio da proclama\u00e7\u00e3o da Declara\u00e7\u00e3o Universal dos Direitos Humanos \u2013 Plataforma \u201cAveiro Direitos Humanos\u201d \/ Di\u00e1rio de Aveiro)<\/h5>\n<p style=\"text-align: justify;\">\n","protected":false},"excerpt":{"rendered":"<p>70 ANOS DUDH<\/p>\n","protected":false},"author":1,"featured_media":4967,"comment_status":"closed","ping_status":"closed","sticky":false,"template":"","format":"standard","meta":{"footnotes":""},"categories":[107],"tags":[],"class_list":["post-4965","post","type-post","status-publish","format-standard","has-post-thumbnail","hentry","category-70-anos-dudh-artigos"],"_links":{"self":[{"href":"https:\/\/diocese-aveiro.pt\/cultura\/wp-json\/wp\/v2\/posts\/4965","targetHints":{"allow":["GET"]}}],"collection":[{"href":"https:\/\/diocese-aveiro.pt\/cultura\/wp-json\/wp\/v2\/posts"}],"about":[{"href":"https:\/\/diocese-aveiro.pt\/cultura\/wp-json\/wp\/v2\/types\/post"}],"author":[{"embeddable":true,"href":"https:\/\/diocese-aveiro.pt\/cultura\/wp-json\/wp\/v2\/users\/1"}],"replies":[{"embeddable":true,"href":"https:\/\/diocese-aveiro.pt\/cultura\/wp-json\/wp\/v2\/comments?post=4965"}],"version-history":[{"count":2,"href":"https:\/\/diocese-aveiro.pt\/cultura\/wp-json\/wp\/v2\/posts\/4965\/revisions"}],"predecessor-version":[{"id":4969,"href":"https:\/\/diocese-aveiro.pt\/cultura\/wp-json\/wp\/v2\/posts\/4965\/revisions\/4969"}],"wp:featuredmedia":[{"embeddable":true,"href":"https:\/\/diocese-aveiro.pt\/cultura\/wp-json\/wp\/v2\/media\/4967"}],"wp:attachment":[{"href":"https:\/\/diocese-aveiro.pt\/cultura\/wp-json\/wp\/v2\/media?parent=4965"}],"wp:term":[{"taxonomy":"category","embeddable":true,"href":"https:\/\/diocese-aveiro.pt\/cultura\/wp-json\/wp\/v2\/categories?post=4965"},{"taxonomy":"post_tag","embeddable":true,"href":"https:\/\/diocese-aveiro.pt\/cultura\/wp-json\/wp\/v2\/tags?post=4965"}],"curies":[{"name":"wp","href":"https:\/\/api.w.org\/{rel}","templated":true}]}}