{"id":4957,"date":"2018-12-01T16:03:18","date_gmt":"2018-12-01T16:03:18","guid":{"rendered":"http:\/\/diocese-aveiro.pt\/cultura\/?p=4957"},"modified":"2018-11-30T16:06:25","modified_gmt":"2018-11-30T16:06:25","slug":"70-anos-dudh-a-educacao-um-pilar-da-formacao-humana","status":"publish","type":"post","link":"https:\/\/diocese-aveiro.pt\/cultura\/70-anos-dudh-a-educacao-um-pilar-da-formacao-humana\/","title":{"rendered":"70 ANOS DUDH | A Educa\u00e7\u00e3o, um pilar da forma\u00e7\u00e3o humana"},"content":{"rendered":"<p style=\"text-align: right;\">70 ANOS DUDH | REFLEX\u00d5ES<\/p>\n<h1 style=\"text-align: center;\"><strong>A Educa\u00e7\u00e3o, um pilar da forma\u00e7\u00e3o humana<\/strong><\/h1>\n<p style=\"text-align: center;\">P.e Leonel Santiago de Abrantes*<\/p>\n<p>&nbsp;<\/p>\n<p style=\"text-align: justify;\">\u00c9 num contexto particularmente conturbado para a Humanidade, que surge, providencialmente, a comemora\u00e7\u00e3o do 70\u00ba<img loading=\"lazy\" decoding=\"async\" class=\" wp-image-4959 alignright\" src=\"https:\/\/diocese-aveiro.pt\/cultura\/wp-content\/uploads\/2018\/11\/Artigo-n\u00ba-4_Leonel-Abrantes_13_11.jpg\" alt=\"\" width=\"138\" height=\"207\" srcset=\"https:\/\/diocese-aveiro.pt\/cultura\/wp-content\/uploads\/2018\/11\/Artigo-n\u00ba-4_Leonel-Abrantes_13_11.jpg 213w, https:\/\/diocese-aveiro.pt\/cultura\/wp-content\/uploads\/2018\/11\/Artigo-n\u00ba-4_Leonel-Abrantes_13_11-200x300.jpg 200w\" sizes=\"auto, (max-width: 138px) 100vw, 138px\" \/> anivers\u00e1rio da Declara\u00e7\u00e3o Universal dos Direitos Humanos. A 10 de dezembro de 1948 a Declara\u00e7\u00e3o foi aprovada, sem votos contra, pela Assembleia Geral das Na\u00e7\u00f5es Unidas. Um momento hist\u00f3rico, depois de um momento tr\u00e1gico da hist\u00f3ria da Humanidade.<\/p>\n<p style=\"text-align: justify;\">\u00c9 importante recordar, valorizar, defender, divulgar, mas principalmente por em pr\u00e1tica este patrim\u00f3nio comum da Humanidade, que tem sido a base de entendimento para a rela\u00e7\u00e3o de diversos povos e culturas.<\/p>\n<p style=\"text-align: justify;\">Um dos pilares para a constru\u00e7\u00e3o de uma sociedade baseada nos direitos humanos, \u00e9 garantir o acesso ao ensino, \u00e0 educa\u00e7\u00e3o e \u00e0 forma\u00e7\u00e3o intelectual e humana. \u201c<em>Toda a pessoa tem direito \u00e0 educa\u00e7\u00e3o [&#8230;] o acesso aos estudos superiores deve estar aberto a todos em plena igualdade, em fun\u00e7\u00e3o do seu m\u00e9rito<\/em>\u201d (art. 26\u00ba\u00a71). Um direito que percebemos b\u00e1sico e que muitos diriam n\u00e3o ser um problema em Portugal. Contudo, a realidade que no CUCF vamos percebendo \u00e9 diferente: quando alunos t\u00eam de desistir do Ensino Superior por falta de capacidade de encontrar e pagar o alojamento, n\u00e3o temos um ensino \u201c<em>aberto a todos em plena igualdade, em fun\u00e7\u00e3o do seu m\u00e9rito<\/em>\u201d (art.26\u00a71). Tentamos ajudar, mas n\u00e3o conseguimos responder a todos.<\/p>\n<p style=\"text-align: justify;\">\u201cA <em>educa\u00e7\u00e3o deve visar \u00e0 plena expans\u00e3o da personalidade humana e ao refor\u00e7o dos direitos do Homem e das liberdades fundamentais e deve favorecer a compreens\u00e3o, a toler\u00e2ncia e a amizade entre todas as na\u00e7\u00f5es e todos os grupos raciais ou religiosos<\/em>\u201d (art. 26\u00a72). A educa\u00e7\u00e3o n\u00e3o \u00e9 s\u00f3 forma\u00e7\u00e3o intelectual e t\u00e9cnica, \u00e9 tamb\u00e9m forma\u00e7\u00e3o humana e cultural. \u00a0S\u00e3o necess\u00e1rios espa\u00e7os e tempos \u201cculturais\u201d, de encontro, di\u00e1logo e debate. Os di\u00e1logos da raz\u00e3o com a cultura, da raz\u00e3o com a f\u00e9, da f\u00e9 com a cultura, em tempos de clivagem s\u00e3o essenciais, principalmente entre os mais jovens que est\u00e3o ainda a formar as suas personalidades. Ajudar a formar humanamente, com base nos direitos humanos, expondo e dando a conhecer diversas formas de pensamento e culturas, complementando a forma\u00e7\u00e3o t\u00e9cnica da Universidade, \u00e9 o nosso desejo, o nosso contributo no CUFC. \u201c<em>Toda a pessoa tem o direito de tomar parte livremente na vida cultural da comunidade, de fruir as artes e de participar no progresso cient\u00edfico e nos benef\u00edcios que deste resultam<\/em>\u201d (art. 27\u00a71).<\/p>\n<p style=\"text-align: justify;\">\n<p style=\"text-align: right;\">*Diretor do Centro Universit\u00e1rio F\u00e9 e Cultura<\/p>\n<h5 style=\"text-align: right;\">(Artigo que se insere no \u00e2mbito das comemora\u00e7\u00f5es do 70\u00ba Anivers\u00e1rio da proclama\u00e7\u00e3o da Declara\u00e7\u00e3o Universal dos Direitos Humanos \u2013 Plataforma \u201cAveiro Direitos Humanos\u201d \/ Di\u00e1rio de Aveiro)<\/h5>\n<p style=\"text-align: justify;\">\n","protected":false},"excerpt":{"rendered":"<p>70 ANOS DUDH<\/p>\n","protected":false},"author":1,"featured_media":4958,"comment_status":"closed","ping_status":"closed","sticky":false,"template":"","format":"standard","meta":{"footnotes":""},"categories":[107],"tags":[],"class_list":["post-4957","post","type-post","status-publish","format-standard","has-post-thumbnail","hentry","category-70-anos-dudh-artigos"],"_links":{"self":[{"href":"https:\/\/diocese-aveiro.pt\/cultura\/wp-json\/wp\/v2\/posts\/4957","targetHints":{"allow":["GET"]}}],"collection":[{"href":"https:\/\/diocese-aveiro.pt\/cultura\/wp-json\/wp\/v2\/posts"}],"about":[{"href":"https:\/\/diocese-aveiro.pt\/cultura\/wp-json\/wp\/v2\/types\/post"}],"author":[{"embeddable":true,"href":"https:\/\/diocese-aveiro.pt\/cultura\/wp-json\/wp\/v2\/users\/1"}],"replies":[{"embeddable":true,"href":"https:\/\/diocese-aveiro.pt\/cultura\/wp-json\/wp\/v2\/comments?post=4957"}],"version-history":[{"count":1,"href":"https:\/\/diocese-aveiro.pt\/cultura\/wp-json\/wp\/v2\/posts\/4957\/revisions"}],"predecessor-version":[{"id":4960,"href":"https:\/\/diocese-aveiro.pt\/cultura\/wp-json\/wp\/v2\/posts\/4957\/revisions\/4960"}],"wp:featuredmedia":[{"embeddable":true,"href":"https:\/\/diocese-aveiro.pt\/cultura\/wp-json\/wp\/v2\/media\/4958"}],"wp:attachment":[{"href":"https:\/\/diocese-aveiro.pt\/cultura\/wp-json\/wp\/v2\/media?parent=4957"}],"wp:term":[{"taxonomy":"category","embeddable":true,"href":"https:\/\/diocese-aveiro.pt\/cultura\/wp-json\/wp\/v2\/categories?post=4957"},{"taxonomy":"post_tag","embeddable":true,"href":"https:\/\/diocese-aveiro.pt\/cultura\/wp-json\/wp\/v2\/tags?post=4957"}],"curies":[{"name":"wp","href":"https:\/\/api.w.org\/{rel}","templated":true}]}}