{"id":4867,"date":"2018-11-19T19:22:11","date_gmt":"2018-11-19T19:22:11","guid":{"rendered":"http:\/\/diocese-aveiro.pt\/cultura\/?p=4867"},"modified":"2018-11-19T19:22:11","modified_gmt":"2018-11-19T19:22:11","slug":"70-anos-dudh-10-dez-%e2%80%a2-conferencia-a-participacao-cultural-como-identidade-coesao-e-futuro-de-direitos-humanos","status":"publish","type":"post","link":"https:\/\/diocese-aveiro.pt\/cultura\/70-anos-dudh-10-dez-%e2%80%a2-conferencia-a-participacao-cultural-como-identidade-coesao-e-futuro-de-direitos-humanos\/","title":{"rendered":"70 ANOS DUDH | 10.dez \u2022 CONFER\u00caNCIA \u201cA (particip)A\u00c7\u00c3O CULTURAL COMO IDENTIDADE, COES\u00c3O E FUTURO DE DIREITOS HUMANOS\u201d"},"content":{"rendered":"<p>10 dezembro 2018, 18H00<\/p>\n<p><u>Tema<\/u>:\u00a0<strong>Confer\u00eancia \u201cA (PARTICIP)a\u00e7\u00e3o cultural como identidade, coes\u00e3o e futuro de Direitos Humanos\u201d\u00a0<\/strong>\u2013 Mais Cultura, Mais Racionalidade \/ Humaniza\u00e7\u00e3o \/ Comunidade. Em busca de Novos Conceitos de Cultura \u2013<\/p>\n<p><u>Entidade Promotora<\/u>: Provedoria do Estudante da Universidade de Aveiro em parceria com Plataforma Aveiro Direitos Humanos<\/p>\n<p><u>\u00c2mbito<\/u>: III EUC3 \u2013 Encontro Universidade, Ci\u00eancia, Cultura e Cidadania<\/p>\n<p><u>Local<\/u>: Sala de Atos Acad\u00e9micos da reitoria da Universidade de Aveiro<\/p>\n<p><u>Sess\u00e3o de Abertura<\/u>:<\/p>\n<ul>\n<li>Paulo Jorge Ferreira \u2013 Reitor da Universidade de Aveiro<\/li>\n<li>Xavier Vieira \u2013 Presidente da Associa\u00e7\u00e3o Acad\u00e9mica da Universidade de Aveiro<\/li>\n<li>Carlos Ferreira \u2013 Presidente da Associa\u00e7\u00e3o dos Antigos Alunos da Universidade de Aveiro<\/li>\n<li>Alexandre Cruz \u2013 Provedor do Estudante da Universidade de Aveiro<\/li>\n<\/ul>\n<p><u>Comunica\u00e7\u00f5es<\/u>:<\/p>\n<ul>\n<li>Eduardo Mar\u00e7al Grilo | Presidente do Conselho Geral da Universidade de Aveiro<\/li>\n<li>Guilherme d\u2019Oliveira Martins \u2013 Centro Nacional de Cultura | Funda\u00e7\u00e3o Calouste Gulbenkian<\/li>\n<li>Pedro Neto \u2013 Diretor da Amnistia Internacional Portugal<\/li>\n<\/ul>\n<p><u>Modera\u00e7\u00e3o<\/u>:<\/p>\n<ul>\n<li>Alexandra Queir\u00f3s \u2013 Vice-Reitora da Universidade de Aveiro<\/li>\n<\/ul>\n<p><a href=\"http:\/\/www.aveirodireitoshumanos.org\/docs\/Oficial_III_EUC3_UA_DH_AVEIRO_10_12_2018.pdf\" target=\"_blank\" rel=\"noopener\">Cartaz\u00a0<strong>Confer\u00eancia \u201cA (PARTICIP)a\u00e7\u00e3o cultural como identidade, coes\u00e3o e futuro de Direitos Humanos\u201d<\/strong><\/a><\/p>\n","protected":false},"excerpt":{"rendered":"<p>10 dezembro 2018,<\/p>\n","protected":false},"author":1,"featured_media":4868,"comment_status":"closed","ping_status":"closed","sticky":false,"template":"","format":"standard","meta":{"footnotes":""},"categories":[106],"tags":[],"class_list":["post-4867","post","type-post","status-publish","format-standard","has-post-thumbnail","hentry","category-70-anos-dudh-noticias"],"_links":{"self":[{"href":"https:\/\/diocese-aveiro.pt\/cultura\/wp-json\/wp\/v2\/posts\/4867","targetHints":{"allow":["GET"]}}],"collection":[{"href":"https:\/\/diocese-aveiro.pt\/cultura\/wp-json\/wp\/v2\/posts"}],"about":[{"href":"https:\/\/diocese-aveiro.pt\/cultura\/wp-json\/wp\/v2\/types\/post"}],"author":[{"embeddable":true,"href":"https:\/\/diocese-aveiro.pt\/cultura\/wp-json\/wp\/v2\/users\/1"}],"replies":[{"embeddable":true,"href":"https:\/\/diocese-aveiro.pt\/cultura\/wp-json\/wp\/v2\/comments?post=4867"}],"version-history":[{"count":1,"href":"https:\/\/diocese-aveiro.pt\/cultura\/wp-json\/wp\/v2\/posts\/4867\/revisions"}],"predecessor-version":[{"id":4869,"href":"https:\/\/diocese-aveiro.pt\/cultura\/wp-json\/wp\/v2\/posts\/4867\/revisions\/4869"}],"wp:featuredmedia":[{"embeddable":true,"href":"https:\/\/diocese-aveiro.pt\/cultura\/wp-json\/wp\/v2\/media\/4868"}],"wp:attachment":[{"href":"https:\/\/diocese-aveiro.pt\/cultura\/wp-json\/wp\/v2\/media?parent=4867"}],"wp:term":[{"taxonomy":"category","embeddable":true,"href":"https:\/\/diocese-aveiro.pt\/cultura\/wp-json\/wp\/v2\/categories?post=4867"},{"taxonomy":"post_tag","embeddable":true,"href":"https:\/\/diocese-aveiro.pt\/cultura\/wp-json\/wp\/v2\/tags?post=4867"}],"curies":[{"name":"wp","href":"https:\/\/api.w.org\/{rel}","templated":true}]}}