{"id":4860,"date":"2018-11-19T19:20:05","date_gmt":"2018-11-19T19:20:05","guid":{"rendered":"http:\/\/diocese-aveiro.pt\/cultura\/?p=4860"},"modified":"2018-11-19T19:20:05","modified_gmt":"2018-11-19T19:20:05","slug":"70-anos-dudh-3-dez-%e2%80%a2-acao-de-sensibilizacao-deixa-cair-o-d-e-diverte-te","status":"publish","type":"post","link":"https:\/\/diocese-aveiro.pt\/cultura\/70-anos-dudh-3-dez-%e2%80%a2-acao-de-sensibilizacao-deixa-cair-o-d-e-diverte-te\/","title":{"rendered":"70 ANOS DUDH | 3.Dez \u2022 A\u00e7\u00e3o de sensibiliza\u00e7\u00e3o \u201cDeixa Cair o D e Diverte-te\u201d"},"content":{"rendered":"<p>3 de dezembro de 2018 \/ 14h30 \u00e0s 16h30<\/p>\n<p><u>Tema<\/u>:\u00a0<strong>A\u00e7\u00e3o de sensibiliza\u00e7\u00e3o \u201cDeixa Cair o D e Diverte-te\u201d<\/strong><\/p>\n<p><u>Entidade Promotora<\/u>: Associa\u00e7\u00e3o Pais em Rede \u2013 N\u00facleo de Aveiro em parceria com o F\u00f3rum de Aveiro<\/p>\n<p><u>Local<\/u>: F\u00f3rum de Aveiro<\/p>\n<p><u>Programa<\/u>:<\/p>\n<p>Trata-se de uma a\u00e7\u00e3o de rua que consiste num jogo\/QUIZZ com perguntas de Verdadeiro e Falso e\/ou resposta curta sobre o tema da Defici\u00eancia e Direitos Humanos. O objetivo \u00e9 desafiar as pessoas que v\u00e3o passando pelo f\u00f3rum a participar no jogo e no final do mesmo \u00e9- lhe oferecido um brinde simb\u00f3lico pela sua participa\u00e7\u00e3o e um panfleto sobre o tema e de divulga\u00e7\u00e3o da institui\u00e7\u00e3o<\/p>\n","protected":false},"excerpt":{"rendered":"<p>3 de dezembro<\/p>\n","protected":false},"author":1,"featured_media":4861,"comment_status":"closed","ping_status":"closed","sticky":false,"template":"","format":"standard","meta":{"footnotes":""},"categories":[106],"tags":[],"class_list":["post-4860","post","type-post","status-publish","format-standard","has-post-thumbnail","hentry","category-70-anos-dudh-noticias"],"_links":{"self":[{"href":"https:\/\/diocese-aveiro.pt\/cultura\/wp-json\/wp\/v2\/posts\/4860","targetHints":{"allow":["GET"]}}],"collection":[{"href":"https:\/\/diocese-aveiro.pt\/cultura\/wp-json\/wp\/v2\/posts"}],"about":[{"href":"https:\/\/diocese-aveiro.pt\/cultura\/wp-json\/wp\/v2\/types\/post"}],"author":[{"embeddable":true,"href":"https:\/\/diocese-aveiro.pt\/cultura\/wp-json\/wp\/v2\/users\/1"}],"replies":[{"embeddable":true,"href":"https:\/\/diocese-aveiro.pt\/cultura\/wp-json\/wp\/v2\/comments?post=4860"}],"version-history":[{"count":1,"href":"https:\/\/diocese-aveiro.pt\/cultura\/wp-json\/wp\/v2\/posts\/4860\/revisions"}],"predecessor-version":[{"id":4862,"href":"https:\/\/diocese-aveiro.pt\/cultura\/wp-json\/wp\/v2\/posts\/4860\/revisions\/4862"}],"wp:featuredmedia":[{"embeddable":true,"href":"https:\/\/diocese-aveiro.pt\/cultura\/wp-json\/wp\/v2\/media\/4861"}],"wp:attachment":[{"href":"https:\/\/diocese-aveiro.pt\/cultura\/wp-json\/wp\/v2\/media?parent=4860"}],"wp:term":[{"taxonomy":"category","embeddable":true,"href":"https:\/\/diocese-aveiro.pt\/cultura\/wp-json\/wp\/v2\/categories?post=4860"},{"taxonomy":"post_tag","embeddable":true,"href":"https:\/\/diocese-aveiro.pt\/cultura\/wp-json\/wp\/v2\/tags?post=4860"}],"curies":[{"name":"wp","href":"https:\/\/api.w.org\/{rel}","templated":true}]}}