{"id":4830,"date":"2018-11-14T14:52:20","date_gmt":"2018-11-14T14:52:20","guid":{"rendered":"http:\/\/diocese-aveiro.pt\/cultura\/?p=4830"},"modified":"2018-11-14T14:52:20","modified_gmt":"2018-11-14T14:52:20","slug":"aveirenses-ilustres-francisco-augusto-da-fonseca-regala-tio-e-sobrinho","status":"publish","type":"post","link":"https:\/\/diocese-aveiro.pt\/cultura\/aveirenses-ilustres-francisco-augusto-da-fonseca-regala-tio-e-sobrinho\/","title":{"rendered":"Aveirenses ilustres: Francisco Augusto da Fonseca Regala | Tio e sobrinho\u00a0"},"content":{"rendered":"<p><em>Aveirenses Ilustres<\/em><\/p>\n<h2 style=\"text-align: center;\">Francisco Augusto da Fonseca Regala | Tio e sobrinho<\/h2>\n<p style=\"text-align: center;\">Cardoso Ferreira (textos)<\/p>\n<h5 style=\"text-align: justify;\">Francisco Augusto da Fonseca Regala \u00e9 o nome comum a dois ilustres aveirenses (tio e sobrinho), ambos militares. O tio ficou na hist\u00f3ria de Aveiro, enquanto o sobrinho tem o seu nome ligado a Cabo Verde. H\u00e1 ainda um neto que atualmente \u00e9 o \u201cn\u00famero dois\u201d do governo da Guin\u00e9-Bissau.<\/h5>\n<h3><\/h3>\n<h3 style=\"text-align: justify;\"><img loading=\"lazy\" decoding=\"async\" class=\"wp-image-4832 alignright\" src=\"https:\/\/diocese-aveiro.pt\/cultura\/wp-content\/uploads\/2018\/11\/Francisco-Regala-reitor-do-Liceu-de-Aveiro.jpg\" alt=\"\" width=\"206\" height=\"263\" srcset=\"https:\/\/diocese-aveiro.pt\/cultura\/wp-content\/uploads\/2018\/11\/Francisco-Regala-reitor-do-Liceu-de-Aveiro.jpg 702w, https:\/\/diocese-aveiro.pt\/cultura\/wp-content\/uploads\/2018\/11\/Francisco-Regala-reitor-do-Liceu-de-Aveiro-235x300.jpg 235w, https:\/\/diocese-aveiro.pt\/cultura\/wp-content\/uploads\/2018\/11\/Francisco-Regala-reitor-do-Liceu-de-Aveiro-600x767.jpg 600w\" sizes=\"auto, (max-width: 206px) 100vw, 206px\" \/>Francisco Augusto da Fonseca Regala (tio), militar e reitor do Liceu de Aveiro<\/h3>\n<p style=\"text-align: justify;\">Francisco Augusto da Fonseca Regala (1848\u20131927) era um dos 17 filhos de Lu\u00eds dos Santos Regala (advogado) e de Leopoldina Ferreira de Lemos.<\/p>\n<p style=\"text-align: justify;\">A par da sua carreira militar, como oficial da Armada, Francisco Augusto da Fonseca Regala desenvolveu uma relevante atividade c\u00edvica em Aveiro. Por sua iniciativa, no ano de 1882, foi fundado o Gr\u00e9mio Moderno, uma associa\u00e7\u00e3o que visava \u201cconcorrer para o progresso material e moral\u201d da cidade e do distrito de Aveiro.<\/p>\n<p style=\"text-align: justify;\">Ainda nesse ano de 1882, foi publicada em Aveiro a obra intitulada \u201cAo Marquez de Pombal: homenagem do Gremio Moderno\u201d, cuja comiss\u00e3o de reda\u00e7\u00e3o era constitu\u00edda por Francisco Augusto da Fonseca Regala, Carlos de Faria e Mello e Jos\u00e9 Maria Barbosa de Magalh\u00e3es.<\/p>\n<p style=\"text-align: justify;\">Uns anos mais tarde, ap\u00f3s a cria\u00e7\u00e3o da primeira corpora\u00e7\u00e3o de bombeiros em Aveiro, Francisco Regala foi escolhido para ser o seu primeiro comandante, cargo que desempenhou durante alguns anos, e no qual foi substitu\u00eddo pelo Dr. Joaquim de Melo Freitas.<\/p>\n<p style=\"text-align: justify;\">No dia 2 de novembro de 1895, e apesar de n\u00e3o ser docente, Francisco Regala foi empossado reitor do Liceu de Aveiro, cargo que desempenhou at\u00e9 \u00e0 implanta\u00e7\u00e3o da Rep\u00fablica, em 1910.<\/p>\n<p style=\"text-align: justify;\">No dia 3 de setembro de 1902, Francisco Regala foi nomeado Governador Civil de Aveiro, substituindo o Dr. Carlos de Almeida Braga, que tomara posse no dia 29 de janeiro desse mesmo ano. Desempenhou esse cargo at\u00e9 26 de outubro de 1904, data em que o mesmo passou para Albano de Melo Ribeiro Pinto.<\/p>\n<p style=\"text-align: justify;\">Em 1909, Francisco Regala foi um dos subscritores da proposta avan\u00e7ada pelo Clube dos Galitos, para se erguer um monumento de homenagem a Jos\u00e9 Estev\u00e3o, o qual se encontra na Pra\u00e7a Melo Freitas, junto aos \u201cArcos\u201d.<\/p>\n<p style=\"text-align: justify;\">\n<p style=\"text-align: justify;\"><strong>D\u00e9cada e meia <\/strong><strong>\u00e0 frente do Liceu<\/strong><\/p>\n<p style=\"text-align: justify;\">A d\u00e9cada e meia em que Francisco Augusto da Fonseca Regala dirigiu os destinos do Liceu de Aveiro marcou essa institui\u00e7\u00e3o e fez dele um dos ilustres aveirenses.<\/p>\n<p style=\"text-align: justify;\">Durante alguns anos, o Liceu (instalado no edif\u00edcio da atual Escola Homem Cristo) partilhou algum do seu espa\u00e7o com reparti\u00e7\u00f5es de servi\u00e7os p\u00fablicos, nomeadamente as Finan\u00e7as, que a\u00ed estiveram sedeadas at\u00e9 1903, bem como o Governo Civil de Aveiro, que se mudou para um im\u00f3vel pr\u00f3prio (na Pra\u00e7a Marqu\u00eas de Pombal), no ano de 1907.<\/p>\n<p style=\"text-align: justify;\">Francisco Regala foi o autor de uma proposta, apresentada em 5 de abril de 1907, para a cria\u00e7\u00e3o da \u201cCaixa Escolar do Lyceu Nacional de Aveiro\u201d, uma associa\u00e7\u00e3o que visava \u201cconstituir capital destinado ao pagamento das despesas a fazer em excurs\u00f5es escolares de estudo e subsidiar estudantes pobres que frequentarem o Liceu, fornecendo-lhes livros, pagando-lhes propinas de matr\u00edcula, e quando for poss\u00edvel, conceder-lhes pens\u00f5es para a sua alimenta\u00e7\u00e3o\u201d.<\/p>\n<p style=\"text-align: justify;\">Em mar\u00e7o do ano seguinte, Francisco Regala, que tamb\u00e9m era o presidente da Caixa Econ\u00f3mica de Aveiro, informa o Conselho Escolar do Liceu que a Caixa Econ\u00f3mica institu\u00eda um pr\u00e9mio anual, denominado \u201cPr\u00e9mio do Governador Civil Nicolau Anast\u00e1cio Bettencourt\u201d, a atribuir ao aluno da 5.\u00aa classe que conclu\u00edsse com distin\u00e7\u00e3o o Curso Geral do Liceu.<\/p>\n<p style=\"text-align: justify;\">Com a demiss\u00e3o de todos os reitores imposto pelo regime republicano logo ap\u00f3s o 5 de outubro de 1910, tamb\u00e9m Francisco Augusto da Fonseca Regala foi destitu\u00eddo do cargo de reitor do Liceu de Aveiro, sendo substitu\u00eddo pelo Dr. \u00c1lvaro de Moura Coutinho de Almeida de E\u00e7a, sobrinho do primeiro reitor do Liceu.<\/p>\n<p style=\"text-align: justify;\">\n<h3 style=\"text-align: justify;\"><img loading=\"lazy\" decoding=\"async\" class=\"size-full wp-image-4831 alignleft\" src=\"https:\/\/diocese-aveiro.pt\/cultura\/wp-content\/uploads\/2018\/11\/francisco-augusto-regala.jpg\" alt=\"\" width=\"247\" height=\"314\" srcset=\"https:\/\/diocese-aveiro.pt\/cultura\/wp-content\/uploads\/2018\/11\/francisco-augusto-regala.jpg 247w, https:\/\/diocese-aveiro.pt\/cultura\/wp-content\/uploads\/2018\/11\/francisco-augusto-regala-236x300.jpg 236w\" sizes=\"auto, (max-width: 247px) 100vw, 247px\" \/>Francisco Augusto da Fonseca Regala (sobrinho), m\u00e9dico e militar<\/h3>\n<p style=\"text-align: justify;\">Francisco Augusto da Fonseca Regala nasceu no dia 7 de abril de 1871, em Aveiro, e faleceu no dia 11 de abril de 1937, na cidade do Mindelo (Cabo Verde). Era filho de (Luis) Augusto da Fonseca Regala e de Maria dos Prazeres Gamelas. Foi casado com com Elvira Freire Monteiro, e pai de Agnelo Augusto Regala, M\u00e1rio Augusto Monteiro Regala, Armanda Monteiro Regala, Crisanta Monteiro Regala e H\u00e9lia Regala, alguns dos quais nasceram em Cabo Verde e outros na Guin\u00e9 Bissau.<\/p>\n<p style=\"text-align: justify;\">Ainda jovem, foi para Cabo Verde, para exercer as fun\u00e7\u00f5es de m\u00e9dico, graduado em oficial subalterno de Ex\u00e9rcito, c om a patente de tenente, terminando a carreira militar no posto de coronel.<\/p>\n<p style=\"text-align: justify;\">De Cabo Verde, passou para a Guin\u00e9, em 1915, tendo integrado a guarni\u00e7\u00e3o da Fortaleza de Amura.<\/p>\n<p style=\"text-align: justify;\">De regresso a Cabo Verde, instalou-se na cidade do Mindelo (Ilha de S. Vicente), sendo, em 1934, o oficial de mais alta patente residente nessa cidade, a segunda mais importante do arquip\u00e9lago. Em junho de 1934 quando da revolu\u00e7\u00e3o do \u201cCapit\u00e3o\u201d Ambr\u00f3sio, teve uma interven\u00e7\u00e3o decisiva de apaziguamento junto do povo amotinado e das autoridades civis e militares locais, o que evitou o agravamento da subleva\u00e7\u00e3o e, possivelmente, contribuiu para salvar vidas.<\/p>\n<p style=\"text-align: justify;\">\n<p style=\"text-align: justify;\"><strong>M\u00e9dico e autarca <\/strong><\/p>\n<p style=\"text-align: justify;\">Foi um m\u00e9dico muito dedicado \u00e0 popula\u00e7\u00e3o de S. Vicente, como ficou demonstrado nos anos de 1920 e 1921. Quando a peste bub\u00f3nica flagelou na ilha, provocando um surto epid\u00e9mico, de propor\u00e7\u00f5es graves, que se generalizou em pouco tempo e amea\u00e7ou subverter a ilha numa onda de morte. Dizem as cr\u00f3nicas que o \u201cDr. Regala fez mais do que humanamente seria de esperar: ministrava socorros aos atingidos, estava presente \u00e0 cabeceira dos moribundos e procurava, ao mesmo tempo, neutralizar a marcha acelerada do flagelo. Com os fracos recursos m\u00e9dicos e medicamentosos existentes ent\u00e3o, operou um verdadeiro milagre\u201d.<\/p>\n<p style=\"text-align: justify;\">Francisco Regala foi um dos primeiros m\u00e9dicos a exercer em Cabo Verde.<\/p>\n<p style=\"text-align: justify;\">Francisco Regala assumiu tamb\u00e9m cargos aut\u00e1rquicos na cidade do Mindelo. No dia 6 de agosto de 1925, foi ele, na qualidade de presidente da C\u00e2mara Municipal do Mindelo, que assinou o contrato que permitiu a chegada da eletricidade \u00e0 cidade.<\/p>\n<p style=\"text-align: justify;\">O seu funeral foi uma grande manifesta\u00e7\u00e3o de pesar, com a participa\u00e7\u00e3o das mais diversas entidades militares, civis e religiosas, coletividades e popula\u00e7\u00e3o.<\/p>\n<p style=\"text-align: justify;\">Ainda hoje existe, na zona hist\u00f3rica da baixa do Mindelo a Pra\u00e7a Dr.\u00a0 Regala, onde repousa o busto de bronze erigido por subscri\u00e7\u00e3o p\u00fablica, da autoria de R. de Castro e datado de 1941.<\/p>\n<p style=\"text-align: justify;\">\n<p style=\"text-align: justify;\">\n<h3 style=\"text-align: justify;\"><img loading=\"lazy\" decoding=\"async\" class=\" wp-image-4833 alignright\" src=\"https:\/\/diocese-aveiro.pt\/cultura\/wp-content\/uploads\/2018\/11\/central_Agnelo-Regalla_cor-1024x768.jpg\" alt=\"\" width=\"210\" height=\"158\" srcset=\"https:\/\/diocese-aveiro.pt\/cultura\/wp-content\/uploads\/2018\/11\/central_Agnelo-Regalla_cor-1024x768.jpg 1024w, https:\/\/diocese-aveiro.pt\/cultura\/wp-content\/uploads\/2018\/11\/central_Agnelo-Regalla_cor-300x225.jpg 300w, https:\/\/diocese-aveiro.pt\/cultura\/wp-content\/uploads\/2018\/11\/central_Agnelo-Regalla_cor-768x576.jpg 768w, https:\/\/diocese-aveiro.pt\/cultura\/wp-content\/uploads\/2018\/11\/central_Agnelo-Regalla_cor-600x450.jpg 600w, https:\/\/diocese-aveiro.pt\/cultura\/wp-content\/uploads\/2018\/11\/central_Agnelo-Regalla_cor-160x120.jpg 160w\" sizes=\"auto, (max-width: 210px) 100vw, 210px\" \/>Agnelo Augusto Regalla (neto) \u2013 Ministro do atual governo da Guin\u00e9-Bissau<\/h3>\n<h5 style=\"text-align: justify;\">Um neto de Francisco Augusto da Fonseca Regala (sobrinho) \u00e9 o escritor, poeta e pol\u00edtico Agnelo Augusto Regalla, que atualmente \u00e9 o \u201cn\u00famero dois\u201d do Governo da Guin\u00e9 Bissau, desempenhando o cargo de ministro da Presid\u00eancia de Conselho de Ministros e Assuntos Parlamentares.<\/h5>\n<h5 style=\"text-align: justify;\">Agnelo Regalla, nasceu em Campeane (Tombali), na Guin\u00e9-Bissau, a 9 de julho de 1952. Formou-se em jornalismo no Centro de Forma\u00e7\u00e3o de Jornalistas, em Fran\u00e7a. Tem uma vasta obra liter\u00e1ria, essencialmente poesia.<\/h5>\n<p style=\"text-align: justify;\">\n<p style=\"text-align: right;\"><em><strong>\u00a0(A rubrica \u00abAveirenses ilustres\u00bb \u00e9 promovida em parceria com o jornal diocesano\u00a0<a href=\"http:\/\/sites.ecclesia.pt\/cv\/\" target=\"_blank\" rel=\"noopener\">Correio do Vouga<\/a>)<\/strong><\/em><\/p>\n","protected":false},"excerpt":{"rendered":"<p>Aveirenses Ilustres Francisco<\/p>\n","protected":false},"author":1,"featured_media":4832,"comment_status":"closed","ping_status":"closed","sticky":false,"template":"","format":"standard","meta":{"footnotes":""},"categories":[46,64,65,13],"tags":[],"class_list":["post-4830","post","type-post","status-publish","format-standard","has-post-thumbnail","hentry","category-autores","category-aveirenses-ilustres","category-cardoso-ferreira","category-olhares"],"_links":{"self":[{"href":"https:\/\/diocese-aveiro.pt\/cultura\/wp-json\/wp\/v2\/posts\/4830","targetHints":{"allow":["GET"]}}],"collection":[{"href":"https:\/\/diocese-aveiro.pt\/cultura\/wp-json\/wp\/v2\/posts"}],"about":[{"href":"https:\/\/diocese-aveiro.pt\/cultura\/wp-json\/wp\/v2\/types\/post"}],"author":[{"embeddable":true,"href":"https:\/\/diocese-aveiro.pt\/cultura\/wp-json\/wp\/v2\/users\/1"}],"replies":[{"embeddable":true,"href":"https:\/\/diocese-aveiro.pt\/cultura\/wp-json\/wp\/v2\/comments?post=4830"}],"version-history":[{"count":1,"href":"https:\/\/diocese-aveiro.pt\/cultura\/wp-json\/wp\/v2\/posts\/4830\/revisions"}],"predecessor-version":[{"id":4834,"href":"https:\/\/diocese-aveiro.pt\/cultura\/wp-json\/wp\/v2\/posts\/4830\/revisions\/4834"}],"wp:featuredmedia":[{"embeddable":true,"href":"https:\/\/diocese-aveiro.pt\/cultura\/wp-json\/wp\/v2\/media\/4832"}],"wp:attachment":[{"href":"https:\/\/diocese-aveiro.pt\/cultura\/wp-json\/wp\/v2\/media?parent=4830"}],"wp:term":[{"taxonomy":"category","embeddable":true,"href":"https:\/\/diocese-aveiro.pt\/cultura\/wp-json\/wp\/v2\/categories?post=4830"},{"taxonomy":"post_tag","embeddable":true,"href":"https:\/\/diocese-aveiro.pt\/cultura\/wp-json\/wp\/v2\/tags?post=4830"}],"curies":[{"name":"wp","href":"https:\/\/api.w.org\/{rel}","templated":true}]}}