{"id":4801,"date":"2018-11-01T12:34:13","date_gmt":"2018-11-01T12:34:13","guid":{"rendered":"http:\/\/diocese-aveiro.pt\/cultura\/?p=4801"},"modified":"2018-11-01T12:34:13","modified_gmt":"2018-11-01T12:34:13","slug":"segundo-passo-onde","status":"publish","type":"post","link":"https:\/\/diocese-aveiro.pt\/cultura\/segundo-passo-onde\/","title":{"rendered":"Segundo passo: onde"},"content":{"rendered":"<h5 style=\"text-align: right;\"><strong><em>Modos de intera\u00e7\u00e3o entre ci\u00eancia e religi\u00e3o<\/em><\/strong><\/h5>\n<h2 style=\"text-align: center;\">Segundo passo: onde<\/h2>\n<h4 style=\"text-align: center;\">Miguel Oliveira Pan\u00e3o<\/h4>\n<p style=\"text-align: justify;\">\n<p style=\"text-align: justify;\"><strong>\u201c(\u2026) cheguei, atrav\u00e9s do meu duvidar \u00e0 f\u00e9 crist\u00e3.\u201d (Tom\u00e1\u0161 Hal\u00edk e Anselm Gr\u00fcn, \u201cO Abandono de Deus\u201d, Paulinas, 2016)<\/strong><\/p>\n<p style=\"text-align: justify;\">Por que raz\u00e3o se pensa mais em certezas, em tudo o que diz respeito \u00e0 f\u00e9, do que em incertezas? <a href=\"https:\/\/diocese-aveiro.pt\/cultura\/primeiro-passo-mergulhar-fundo\/\">Mergulhar fundo<\/a> acontece como um passo na confian\u00e7a de permanecermos abertos \u00e0 novidade que a Vontade de Deus manifesta em cada momento presente.<\/p>\n<p style=\"text-align: justify;\">Mas se vivemos de certezas, como podemos acolher o que Deus nos apresenta de novo? Na incerteza est\u00e1 um espa\u00e7o de possibilidades infinitas. Na conting\u00eancia o <em>humus<\/em> da cria\u00e7\u00e3o que manifesta o n\u00facleo central da ac\u00e7\u00e3o de Deus: amor.<\/p>\n<p style=\"text-align: justify;\">Por\u00e9m, dada a limita\u00e7\u00e3o inerente ao ser do pr\u00f3prio mundo, nem sempre somos capazes de ver o tra\u00e7o de amor em fen\u00f3menos contingentes permeados de dor, sofrimento e morte. \u00c9 natural. O sobrenatural \u00e9 estar abertos a uma vis\u00e3o do Todo que n\u00e3o se limita aos limites. E que, por isso, diante da pouca ou muita experi\u00eancia de f\u00e9, intriga-nos.<\/p>\n<p style=\"text-align: justify;\">\u00a0<em>\u201dPorqu\u00ea?\u201d<\/em> A d\u00favida mais fundamental da qual pode brotar tanto fundamento. A d\u00favida-mor que suscita a procura insaci\u00e1vel de um sentido e significado para o feio neste mundo. E o mais curioso \u00e9 ser essa fealdade o v\u00e9rtice da harmonia misteriosa entre dor e amor.<\/p>\n<p style=\"text-align: justify;\">\u201dMeu Deus, meu Deus, porque me abandonaste?\u201d (Mc 15, 34)<\/p>\n<p style=\"text-align: justify;\">A D\u00favida das D\u00favidas feita por Aquele que no momento de maior sofrimento se fez D\u00favida. A D\u00favida de quem d\u00e1 tudo, quando deu j\u00e1 tudo e nada mais tem para dar. Por isso, a d\u00favida que exprime o paradoxo d\u2019Aquele que num momento da hist\u00f3ria, cria uma nova hist\u00f3ria, \u201csendo\u201d e \u201cn\u00e3o-sendo\u201d ao mesmo tempo.<\/p>\n<p style=\"text-align: justify;\">Diante d\u2019Ele, abandonado na Cruz, percebemos <em>onde<\/em> \u00e9 o lugar em que devemos <a href=\"https:\/\/diocese-aveiro.pt\/cultura\/primeiro-passo-mergulhar-fundo\/\">mergulhar fundo<\/a> e, assim, dar o segundo passo no caminho da descoberta da Realidade-que-tudo-determina.<\/p>\n<p style=\"text-align: right;\"><a href=\"http:\/\/cienciafe.miguelpanao.com\">Blog<\/a> &amp; <a href=\"https:\/\/www.miguelpanao.com\/livros\/\">Autor<\/a><\/p>\n","protected":false},"excerpt":{"rendered":"<p>Modos de intera\u00e7\u00e3o<\/p>\n","protected":false},"author":1,"featured_media":4802,"comment_status":"closed","ping_status":"closed","sticky":false,"template":"","format":"standard","meta":{"footnotes":""},"categories":[90,57,62,13],"tags":[],"class_list":["post-4801","post","type-post","status-publish","format-standard","has-post-thumbnail","hentry","category-autores-ii","category-miguel-oliveira-panao","category-modos-de-interacao-entre-ciencia-e-religiao","category-olhares"],"_links":{"self":[{"href":"https:\/\/diocese-aveiro.pt\/cultura\/wp-json\/wp\/v2\/posts\/4801","targetHints":{"allow":["GET"]}}],"collection":[{"href":"https:\/\/diocese-aveiro.pt\/cultura\/wp-json\/wp\/v2\/posts"}],"about":[{"href":"https:\/\/diocese-aveiro.pt\/cultura\/wp-json\/wp\/v2\/types\/post"}],"author":[{"embeddable":true,"href":"https:\/\/diocese-aveiro.pt\/cultura\/wp-json\/wp\/v2\/users\/1"}],"replies":[{"embeddable":true,"href":"https:\/\/diocese-aveiro.pt\/cultura\/wp-json\/wp\/v2\/comments?post=4801"}],"version-history":[{"count":1,"href":"https:\/\/diocese-aveiro.pt\/cultura\/wp-json\/wp\/v2\/posts\/4801\/revisions"}],"predecessor-version":[{"id":4803,"href":"https:\/\/diocese-aveiro.pt\/cultura\/wp-json\/wp\/v2\/posts\/4801\/revisions\/4803"}],"wp:featuredmedia":[{"embeddable":true,"href":"https:\/\/diocese-aveiro.pt\/cultura\/wp-json\/wp\/v2\/media\/4802"}],"wp:attachment":[{"href":"https:\/\/diocese-aveiro.pt\/cultura\/wp-json\/wp\/v2\/media?parent=4801"}],"wp:term":[{"taxonomy":"category","embeddable":true,"href":"https:\/\/diocese-aveiro.pt\/cultura\/wp-json\/wp\/v2\/categories?post=4801"},{"taxonomy":"post_tag","embeddable":true,"href":"https:\/\/diocese-aveiro.pt\/cultura\/wp-json\/wp\/v2\/tags?post=4801"}],"curies":[{"name":"wp","href":"https:\/\/api.w.org\/{rel}","templated":true}]}}